{"id":178733,"date":"2026-07-17T17:21:09","date_gmt":"2026-07-17T17:21:09","guid":{"rendered":"https:\/\/www.europesays.com\/be-fr\/178733\/"},"modified":"2026-07-17T17:21:09","modified_gmt":"2026-07-17T17:21:09","slug":"andy-burnham-nomme-premier-ministre-britannique-pour-contrer-lextreme-droite","status":"publish","type":"post","link":"https:\/\/www.europesays.com\/be-fr\/178733\/","title":{"rendered":"Andy Burnham nomm\u00e9 Premier ministre britannique pour contrer l\u2019extr\u00eame droite"},"content":{"rendered":"<p>  <img decoding=\"async\" class=\"r-img lazyloaded\" src=\"\/sites\/all\/themes\/enacarbon_rtl\/images\/rtlinfo-192x192.png\" alt=\"Image auteur par d\u00e9faut\"\/><\/p>\n<p>Par RTL info avec Belga<\/p>\n<p>\tPubli\u00e9 le 17 juillet \u00e0 15h50\n<\/p>\n<p>  <a href=\"https:\/\/www.google.com\/preferences\/source?q=rtl%20info\" class=\"r-link--google-favorites\" role=\"button\">Ajoutez-nous \u00e0 vos favoris Google<\/a><br \/>\n\tSoutenu par la quasi-totalit\u00e9 des d\u00e9put\u00e9s travaillistes et les syndicats, Andy Burnham, 56 ans, prend la t\u00eate du Parti travailliste britannique et s\u2019appr\u00eate \u00e0 succ\u00e9der \u00e0 Keir Starmer comme Premier ministre, avec pour objectif de contrer la mont\u00e9e de l\u2019extr\u00eame droite.<\/p>\n<p>&#13;<br \/>\n&#13;<\/p>\n<p>Andy Burnham a \u00e9t\u00e9 nomm\u00e9 ce vendredi chef du Parti travailliste britannique lors d\u2019un congr\u00e8s extraordinaire \u00e0 Londres, avant son installation officielle lundi \u00e0 Downing Street o\u00f9 il va succ\u00e9der au Premier ministre d\u00e9missionnaire Keir Starmer. \u00ab\u00a0En l\u2019absence d\u2019autre candidat \u00e9ligible, j\u2019ai l\u2019honneur de d\u00e9clarer qu\u2019Andy Burnham est le dirigeant d\u00fbment \u00e9lu du Parti travailliste\u00a0\u00bb, a d\u00e9clar\u00e9 la ministre de l\u2019Int\u00e9rieur Shabana Mahmood, pr\u00e9sidente du Comit\u00e9 ex\u00e9cutif national du Labour. Andy Burnham, 56 ans, a obtenu le soutien d\u2019environ 95\u00a0% des 403 d\u00e9put\u00e9s travaillistes, ainsi que celui des 11 syndicats affili\u00e9s au parti.<\/p>\n<p>Une \u00e9conomie et un pays qui fonctionne pour tous ses habitants et tous ses territoiresAndy Burnham, futur Premier ministre<\/p>\n<p>Lors de son premier discours en tant que leader dans les locaux de la conf\u00e9d\u00e9ration syndicale TUC \u00e0 Londres, o\u00f9 il est apparu souriant et d\u00e9tendu, il a promis aux \u00e9lecteurs d\u2019emprunter \u00ab\u00a0une nouvelle voie, diff\u00e9rente de celle que nous suivons depuis quarante ans\u00a0\u00bb, avec \u00ab\u00a0une \u00e9conomie et un pays qui fonctionne pour tous ses habitants et tous ses territoires\u00a0\u00bb. Andy Burnham a promis de \u00ab\u00a0redonner espoir\u00a0\u00bb et d\u2019incarner un parti \u00ab\u00a0authentiquement\u00a0\u00bb travailliste\u00a0: \u00ab\u00a0Nous n\u2019allons pas essayer d\u2019\u00eatre plus verts que les Verts, ni d\u2019\u00eatre encore plus Reform que Reform UK\u00a0\u00bb, le parti anti-immigration de Nigel Farage, a-t-il d\u00e9clar\u00e9.<\/p>\n<p>&#13;<br \/>\n&#13;<\/p>\n<p>&#13;<br \/>\n&#13;<\/p>\n<p>Le Labour, arriv\u00e9 au pouvoir pour un mandat de cinq ans lors des l\u00e9gislatives de 2024 apr\u00e8s 14 ans de gouvernements conservateurs, est le parti majoritaire au Parlement. Son chef devient automatiquement Premier ministre, sans qu\u2019il y ait besoin de nouvelles \u00e9lections.<\/p>\n<p>G\u00e9rer le pays&#8230; mais aussi lutter contre le parti de Farage<\/p>\n<p>Les travaillistes esp\u00e8rent qu\u2019Andy Burnham, homme charismatique et habile communicant, parviendra \u00e0 barrer la route \u00e0 Reform UK, l\u2019ex-Brexit Party d\u2019extr\u00eame droite, en t\u00eate des sondages pour les prochaines \u00e9lections l\u00e9gislatives pr\u00e9vues en 2029.<\/p>\n<p>    \u00c0 lire aussi<\/p>\n<p>  <img decoding=\"async\" data-copyright=\"AFP\" class=\"r-img\"  typeof=\"foaf:Image\" src=\"https:\/\/www.europesays.com\/be-fr\/wp-content\/uploads\/2026\/07\/50425641.jpeg\" alt=\"James Manning \/ POOL \/ AFP\"\/><br \/>\n      <a href=\"https:\/\/www.rtl.be\/actu\/monde\/europe\/le-premier-ministre-britannique-sur-la-sellette-apres-une-lourde-defaite\/2026-05-13\/article\/788524\" class=\"r-stories--link\" rel=\"nofollow noopener\" target=\"_blank\">Le Premier ministre britannique sur la sellette apr\u00e8s une lourde d\u00e9faite \u00e9lectorale\u00a0: va-t-il bient\u00f4t quitter Downing Street\u00a0?<\/a><\/p>\n<p>Le nouveau chef du Labour va pr\u00e9senter des propositions autour d\u2019un renouveau \u00e9conomique, promettant notamment la r\u00e9industrialisation. Le Royaume-Uni a pris \u00ab\u00a0une s\u00e9rie de mauvaises d\u00e9cisions dans les ann\u00e9es 1980\u00a0\u00bb, lorsque \u00ab\u00a0le pouvoir politique a \u00e9t\u00e9 centralis\u00e9 et le pouvoir \u00e9conomique privatis\u00e9\u00a0\u00bb, a-t-il d\u00e9clar\u00e9.<\/p>\n<p>Septi\u00e8me Premier ministre en 10 ans<\/p>\n<p>Lundi, apr\u00e8s avoir rencontr\u00e9 le roi Charles III, il deviendra le septi\u00e8me Premier ministre britannique en dix ans, signe d\u2019une forte instabilit\u00e9 politique dans le pays. Il succ\u00e8de \u00e0 Keir Starmer, devenu Premier ministre il y a deux ans apr\u00e8s la victoire \u00e9crasante des travaillistes aux l\u00e9gislatives, mais qui est rapidement devenu impopulaire apr\u00e8s des faux pas et des revirements. L\u2019\u00e9lection d\u2019Andy Burnham comme d\u00e9put\u00e9 le 18 juin dans la circonscription de Makerfield, dans le nord de l\u2019Angleterre, a ouvert la voie vers Downing Street au \u00ab\u00a0roi du Nord\u00a0\u00bb, comme il est surnomm\u00e9.<\/p>\n<p>&#13;<br \/>\n&#13;<\/p>\n<p>&#13;<br \/>\n&#13;<\/p>\n<p><a class=\"r-btn r-btn--tag\" href=\"https:\/\/www.rtl.be\/333840\/locations\/royaume-uni\" title=\"Royaume-Uni\" rel=\"nofollow noopener\" target=\"_blank\">Royaume-Uni<\/a><\/p>\n","protected":false},"excerpt":{"rendered":"Par RTL info avec Belga Publi\u00e9 le 17 juillet \u00e0 15h50 Ajoutez-nous \u00e0 vos favoris Google Soutenu par&hellip;\n","protected":false},"author":2,"featured_media":178734,"comment_status":"","ping_status":"","sticky":false,"template":"","format":"standard","meta":{"footnotes":"","_share_on_mastodon":"0"},"categories":[8],"tags":[10,55570,12,13,18,17,55575,55574,5186,24330,11,55572,55571,55573,55576,3430],"class_list":["post-178733","post","type-post","status-publish","format-standard","has-post-thumbnail","category-actualites","tag-actualites","tag-andy-burnham","tag-be","tag-be-fr","tag-belgique","tag-belgium","tag-downing-street","tag-elections-legislatives-2024","tag-extreme-droite","tag-keir-starmer","tag-news","tag-parti-travailliste","tag-premier-ministre-royaume-uni","tag-reform-uk","tag-reindustrialisation","tag-roi-charles-iii"],"share_on_mastodon":{"url":"https:\/\/pubeurope.com\/@be_fr\/116936473963484764","error":""},"_links":{"self":[{"href":"https:\/\/www.europesays.com\/be-fr\/wp-json\/wp\/v2\/posts\/178733","targetHints":{"allow":["GET"]}}],"collection":[{"href":"https:\/\/www.europesays.com\/be-fr\/wp-json\/wp\/v2\/posts"}],"about":[{"href":"https:\/\/www.europesays.com\/be-fr\/wp-json\/wp\/v2\/types\/post"}],"author":[{"embeddable":true,"href":"https:\/\/www.europesays.com\/be-fr\/wp-json\/wp\/v2\/users\/2"}],"replies":[{"embeddable":true,"href":"https:\/\/www.europesays.com\/be-fr\/wp-json\/wp\/v2\/comments?post=178733"}],"version-history":[{"count":0,"href":"https:\/\/www.europesays.com\/be-fr\/wp-json\/wp\/v2\/posts\/178733\/revisions"}],"wp:featuredmedia":[{"embeddable":true,"href":"https:\/\/www.europesays.com\/be-fr\/wp-json\/wp\/v2\/media\/178734"}],"wp:attachment":[{"href":"https:\/\/www.europesays.com\/be-fr\/wp-json\/wp\/v2\/media?parent=178733"}],"wp:term":[{"taxonomy":"category","embeddable":true,"href":"https:\/\/www.europesays.com\/be-fr\/wp-json\/wp\/v2\/categories?post=178733"},{"taxonomy":"post_tag","embeddable":true,"href":"https:\/\/www.europesays.com\/be-fr\/wp-json\/wp\/v2\/tags?post=178733"}],"curies":[{"name":"wp","href":"https:\/\/api.w.org\/{rel}","templated":true}]}}