{"id":178787,"date":"2026-07-17T18:16:15","date_gmt":"2026-07-17T18:16:15","guid":{"rendered":"https:\/\/www.europesays.com\/be-fr\/178787\/"},"modified":"2026-07-17T18:16:15","modified_gmt":"2026-07-17T18:16:15","slug":"la-succession-de-jean-paul-philippot-a-la-tete-de-la-rtbf-se-precise-le-conseil-dadministration-avance-trois-noms","status":"publish","type":"post","link":"https:\/\/www.europesays.com\/be-fr\/178787\/","title":{"rendered":"La succession de Jean-Paul Philippot \u00e0 la t\u00eate de la RTBF se pr\u00e9cise: le conseil d&rsquo;administration avance trois noms"},"content":{"rendered":"<p><a href=\"https:\/\/www.lalibre.be\/economie\/entreprises-startup\/2026\/05\/12\/rtbf-thomas-gadisseux-est-lunique-candidat-a-la-direction-de-linfo-et-des-sports-LRBDERFKQ5EEHCHQXUKYDGNXOI\/\" target=\"_self\" class=\"ap-StoryInterstitialLink ap-StoryElement ap-StoryElement--mb js-paywall-target\" rel=\"nofollow noopener\">RTBF : Thomas Gadisseux est l&rsquo;unique candidat \u00e0 la direction de l&rsquo;Info et des Sports<\/a><\/p>\n<p class=\"ap-StoryElement ap-StoryElement--mb ap-StoryText\">Le pr\u00e9sident du MR Georges Louis Bouchez avait alors fustig\u00e9 le \u00ab\u00a0fonctionnement erratique du CA de la RTBF\u00a0\u00bb dirig\u00e9 par Mme Milquet. \u00ab\u00a0Il est devenu impossible de trouver le moindre consensus avec elle\u00a0\u00bb, avait-il comment\u00e9. Le MR aurait, dit-on alors, \u00e9t\u00e9 fortement agac\u00e9 par le fait de n&rsquo;avoir \u00e0 se prononcer que sur la seule candidature de Gadisseux, alors que celle de Laurent Haulotte (ex-RTL) avait \u00e9t\u00e9 \u00e9cart\u00e9e.<\/p>\n<p>Trois candidats encore en lice<\/p>\n<p class=\"ap-StoryElement ap-StoryElement--mb ap-StoryText\">Mais dans l&rsquo;attente de suppl\u00e9ants d\u00e9sign\u00e9s par le parti lib\u00e9ral, les cinq administrateurs MR d\u00e9missionnaires \u00e9taient cependant bien pr\u00e9sents vendredi avec leur pleine pr\u00e9rogative &#8211; le droit de vote notamment -et ce dans une volont\u00e9 de continuit\u00e9 du service public.<\/p>\n<p class=\"ap-StoryElement ap-StoryElement--mb ap-StoryText\">C&rsquo;est donc dans ce contexte particulier que le CA de la RTBF s&rsquo;est donc tenu ce vendredi. Pour rappel, la fin du mandat de Philippot comme administrateur g\u00e9n\u00e9ral de la RTBF est fix\u00e9 au 31 octobre. Sept candidats \u00e9taient encore en lice pour lui succ\u00e9der.<\/p>\n<p><a href=\"https:\/\/www.lalibre.be\/culture\/2026\/07\/17\/francois-de-brigode-devoile-son-autre-passion-elle-nourrit-mon-experience-professionnelle-et-inversement-YWMGJ4LTOBD25O2Q3W7YSA2Z2Q\/\" target=\"_self\" class=\"ap-StoryInterstitialLink ap-StoryElement ap-StoryElement--mb\" rel=\"nofollow noopener\">Fran\u00e7ois De Brigode d\u00e9voile son autre passion: \u00ab\u00a0Elle nourrit mon exp\u00e9rience professionnelle et inversement\u00a0\u00bb<\/a><\/p>\n<p class=\"ap-StoryElement ap-StoryElement--mb ap-StoryText\">Il aura fallu plusieurs heures de d\u00e9bats, dans un climat moins tendu que lors du pr\u00e9c\u00e9dent conseil d&rsquo;administration, pour clore le sujet. Et comme le rapportait nos confr\u00e8res du Soir, \u00e0 l&rsquo;issue du conseil d&rsquo;administration de ce vendredi, il ne reste d\u00e9sormais plus que trois candidats possibles: Caroline Franckx, CEO au CHU Brugmann, Christophe Dujardin, Chier Consumer Officer d&rsquo;Orange Belgium\/Voo et enfin Emmanuel Tourpe qui a exerc\u00e9 des responsabilit\u00e9s manag\u00e9riales \u00e0 la RTBF mais aussi au sein du groupe franco-allemand Arte et de la cha\u00eene LN24. L&rsquo;information nous a \u00e9t\u00e9 dans la foul\u00e9e confirm\u00e9e \u00e0 la RTBF dans l&rsquo;attente d&rsquo;un communiqu\u00e9 officiel.<\/p>\n<p class=\"ap-StoryElement ap-StoryElement--mb ap-StoryText\">La candidature de Chris Vandervinne, actuel directeur financier de la RTBF et qui figurait parmi les sept pr\u00e9tendants initiaux, n&rsquo;a donc finalement pas \u00e9t\u00e9 retenue dans la \u00ab\u00a0short list\u00a0\u00bb par le conseil d&rsquo;administration.<\/p>\n<p class=\"ap-StoryElement ap-StoryElement--mb ap-StoryText\">Il reviendra donc au gouvernement de la F\u00e9d\u00e9ration Wallonie-Bruxelles \u00e0 trancher sur la liste propos\u00e9e par le conseil d&rsquo;administration du m\u00e9dia de service public.<\/p>\n","protected":false},"excerpt":{"rendered":"RTBF : Thomas Gadisseux est l&rsquo;unique candidat \u00e0 la direction de l&rsquo;Info et des Sports Le pr\u00e9sident du&hellip;\n","protected":false},"author":2,"featured_media":178788,"comment_status":"","ping_status":"","sticky":false,"template":"","format":"standard","meta":{"footnotes":"","_share_on_mastodon":"0"},"categories":[99],"tags":[29964,41,12,13,18,17,96,95,3934,55579,3151,43695,6285,48620,2517,12676,6289,4490,971,112],"class_list":["post-178787","post","type-post","status-publish","format-standard","has-post-thumbnail","category-television","tag-philip_reynaers-famille-royale","tag-41","tag-be","tag-be-fr","tag-belgique","tag-belgium","tag-divertissement","tag-entertainment","tag-evere","tag-hq","tag-journalisme","tag-koninging-mathilde","tag-koninklijke-familie","tag-media-square","tag-philip-reynaers","tag-qg","tag-reine","tag-royals","tag-rtbf","tag-television"],"share_on_mastodon":{"url":"https:\/\/pubeurope.com\/@be_fr\/116936690067598573","error":""},"_links":{"self":[{"href":"https:\/\/www.europesays.com\/be-fr\/wp-json\/wp\/v2\/posts\/178787","targetHints":{"allow":["GET"]}}],"collection":[{"href":"https:\/\/www.europesays.com\/be-fr\/wp-json\/wp\/v2\/posts"}],"about":[{"href":"https:\/\/www.europesays.com\/be-fr\/wp-json\/wp\/v2\/types\/post"}],"author":[{"embeddable":true,"href":"https:\/\/www.europesays.com\/be-fr\/wp-json\/wp\/v2\/users\/2"}],"replies":[{"embeddable":true,"href":"https:\/\/www.europesays.com\/be-fr\/wp-json\/wp\/v2\/comments?post=178787"}],"version-history":[{"count":0,"href":"https:\/\/www.europesays.com\/be-fr\/wp-json\/wp\/v2\/posts\/178787\/revisions"}],"wp:featuredmedia":[{"embeddable":true,"href":"https:\/\/www.europesays.com\/be-fr\/wp-json\/wp\/v2\/media\/178788"}],"wp:attachment":[{"href":"https:\/\/www.europesays.com\/be-fr\/wp-json\/wp\/v2\/media?parent=178787"}],"wp:term":[{"taxonomy":"category","embeddable":true,"href":"https:\/\/www.europesays.com\/be-fr\/wp-json\/wp\/v2\/categories?post=178787"},{"taxonomy":"post_tag","embeddable":true,"href":"https:\/\/www.europesays.com\/be-fr\/wp-json\/wp\/v2\/tags?post=178787"}],"curies":[{"name":"wp","href":"https:\/\/api.w.org\/{rel}","templated":true}]}}