{"id":179376,"date":"2026-07-18T09:52:12","date_gmt":"2026-07-18T09:52:12","guid":{"rendered":"https:\/\/www.europesays.com\/be-fr\/179376\/"},"modified":"2026-07-18T09:52:12","modified_gmt":"2026-07-18T09:52:12","slug":"japon-la-loi-sur-la-succession-imperiale-revisee-lhypothese-dune-imperatrice-toujours-ecartee","status":"publish","type":"post","link":"https:\/\/www.europesays.com\/be-fr\/179376\/","title":{"rendered":"Japon: la loi sur la succession imp\u00e9riale r\u00e9vis\u00e9e, l&rsquo;hypoth\u00e8se d&rsquo;une imp\u00e9ratrice toujours \u00e9cart\u00e9e"},"content":{"rendered":"<p>\n                        Point de grande r\u00e9volution au sein de la maison imp\u00e9riale du Japon, mais de nouvelles r\u00e8gles pour mettre fin \u00e0 la crise de succession. Le Parlement a approuv\u00e9 la r\u00e9vision de la loi sur la succession de l&#8217;empereur Naruhito, qui n&rsquo;a pas de fils. Mais pas question d&rsquo;autoriser les femmes \u00e0 acc\u00e9der au tr\u00f4ne du Chrysanth\u00e8me\u00a0: les l\u00e9gislateurs japonais ont plut\u00f4t opt\u00e9 pour un syst\u00e8me d&rsquo;adoption, afin de permettre \u00e0 des parents masculins \u00e9loign\u00e9s de r\u00e9int\u00e9grer la famille imp\u00e9riale.        <\/p>\n<p class=\"m-pub-dates\">Publi\u00e9 le : 17\/07\/2026 &#8211; 18:25<\/p>\n<p>    1 min    Temps de lecture\n<\/p>\n<p>Un neveu sans enfant, un fr\u00e8re et un oncle tr\u00e8s \u00e2g\u00e9\u00a0: voici l&rsquo;ordre de succession d\u00e9sormais au <a target=\"_self\" href=\"https:\/\/www.rfi.fr\/fr\/tag\/japon\/\" class=\"gtm-add-suggested-tag\" rel=\"nofollow noopener\">Japon<\/a>. Les h\u00e9ritiers de l&#8217;empereur <a target=\"_self\" href=\"https:\/\/www.rfi.fr\/fr\/tag\/naruhito\/\" class=\"gtm-add-suggested-tag\" rel=\"nofollow noopener\">Naruhito<\/a>, 66 ans, sont peu nombreux. En r\u00e9visant les r\u00e8gles, le Parlement japonais a introduit la possibilit\u00e9, pour les couples imp\u00e9riaux, d&rsquo;adopter un parent masculin \u00e9loign\u00e9, pour que ses fils puissent entrer dans la lign\u00e9e de succession. Une tradition vieille de 2\u00a0600 ans veut que celle-ci soit patrilin\u00e9aire.<\/p>\n<p>Les l\u00e9gislateurs ont refus\u00e9 d&rsquo;accorder aux femmes \u2013\u00a0et donc \u00e0 la <a target=\"_self\" href=\"https:\/\/www.rfi.fr\/fr\/asie-pacifique\/20251117-la-princesse-aiko-fille-de-l-empereur-du-japon-en-repr\u00e9sentation-au-laos\" rel=\"nofollow noopener\">princesse Aiko de Toshi<\/a>, la fille unique de l&#8217;empereur Naruhito et de Masako Owada, n\u00e9e en 2001 \u2013 la possibilit\u00e9 de lui succ\u00e9der. Cette piste \u00e9tait pourtant \u00e9voqu\u00e9e depuis plus de 20 ans. Selon les sondages, 70% des Japonais souhaitent qu&rsquo;elle devienne imp\u00e9ratrice.<\/p>\n<p>Le prince Hisahito d&rsquo;Akishino, le neveu de l&#8217;empereur, va f\u00eater ses 20 ans en septembre 2026. S&rsquo;il n&rsquo;a pas de fils, le d\u00e9fi sera d&rsquo;identifier les candidats \u00e0 l&rsquo;adoption. Ils seront recherch\u00e9s au sein de branches de la famille imp\u00e9riale s\u00e9par\u00e9es apr\u00e8s la Seconde guerre mondiale. Il y en avait 11. Aujourd&rsquo;hui, leurs descendants sont de simples citoyens. Seront-ils enclins \u00e0 tout laisser tomber pour la vie imp\u00e9riale et ses protocoles\u00a0? Interrog\u00e9 \u00e0 ce sujet, un ancien membre devenu ing\u00e9nieur chez Hitachi dit l&rsquo;avoir d\u00e9conseill\u00e9 \u00e0 ses petits-fils.<\/p>\n<p class=\"a-read-more\">\u00c0 lire aussi<a target=\"_self\" href=\"https:\/\/www.rfi.fr\/fr\/asie-pacifique\/20250906-japon-le-prince-hisahito-unique-jeune-h\u00e9ritier-masculin-du-tr\u00f4ne-imp\u00e9rial-f\u00eate-sa-majorit\u00e9\" class=\"a-read-more__link\" rel=\"nofollow noopener\">Japon: le prince Hisahito, unique jeune h\u00e9ritier masculin du tr\u00f4ne imp\u00e9rial, f\u00eate sa majorit\u00e9<\/a><\/p>\n","protected":false},"excerpt":{"rendered":"Point de grande r\u00e9volution au sein de la maison imp\u00e9riale du Japon, mais de nouvelles r\u00e8gles pour mettre&hellip;\n","protected":false},"author":2,"featured_media":179377,"comment_status":"","ping_status":"","sticky":false,"template":"","format":"standard","meta":{"footnotes":"","_share_on_mastodon":"0"},"categories":[9],"tags":[2207,12,13,18,17,31,642,49722,32],"class_list":["post-179376","post","type-post","status-publish","format-standard","has-post-thumbnail","category-international","tag-asie-pacifique","tag-be","tag-be-fr","tag-belgique","tag-belgium","tag-international","tag-japon","tag-naruhito","tag-world-news"],"share_on_mastodon":{"url":"https:\/\/pubeurope.com\/@be_fr\/116940370526989519","error":""},"_links":{"self":[{"href":"https:\/\/www.europesays.com\/be-fr\/wp-json\/wp\/v2\/posts\/179376","targetHints":{"allow":["GET"]}}],"collection":[{"href":"https:\/\/www.europesays.com\/be-fr\/wp-json\/wp\/v2\/posts"}],"about":[{"href":"https:\/\/www.europesays.com\/be-fr\/wp-json\/wp\/v2\/types\/post"}],"author":[{"embeddable":true,"href":"https:\/\/www.europesays.com\/be-fr\/wp-json\/wp\/v2\/users\/2"}],"replies":[{"embeddable":true,"href":"https:\/\/www.europesays.com\/be-fr\/wp-json\/wp\/v2\/comments?post=179376"}],"version-history":[{"count":0,"href":"https:\/\/www.europesays.com\/be-fr\/wp-json\/wp\/v2\/posts\/179376\/revisions"}],"wp:featuredmedia":[{"embeddable":true,"href":"https:\/\/www.europesays.com\/be-fr\/wp-json\/wp\/v2\/media\/179377"}],"wp:attachment":[{"href":"https:\/\/www.europesays.com\/be-fr\/wp-json\/wp\/v2\/media?parent=179376"}],"wp:term":[{"taxonomy":"category","embeddable":true,"href":"https:\/\/www.europesays.com\/be-fr\/wp-json\/wp\/v2\/categories?post=179376"},{"taxonomy":"post_tag","embeddable":true,"href":"https:\/\/www.europesays.com\/be-fr\/wp-json\/wp\/v2\/tags?post=179376"}],"curies":[{"name":"wp","href":"https:\/\/api.w.org\/{rel}","templated":true}]}}