{"id":179398,"date":"2026-07-18T10:07:19","date_gmt":"2026-07-18T10:07:19","guid":{"rendered":"https:\/\/www.europesays.com\/be-fr\/179398\/"},"modified":"2026-07-18T10:07:19","modified_gmt":"2026-07-18T10:07:19","slug":"les-recettes-socialistes-nont-pas-fonctionne-alors-quon-a-ete-gave-dargent-public-en-wallonie","status":"publish","type":"post","link":"https:\/\/www.europesays.com\/be-fr\/179398\/","title":{"rendered":"Les recettes socialistes n&rsquo;ont pas fonctionn\u00e9 alors qu&rsquo;on a \u00e9t\u00e9 gav\u00e9 d&rsquo;argent public en Wallonie"},"content":{"rendered":"<p class=\"ap-StoryElement ap-StoryElement--mb ap-StoryText\">\u00ab\u00a0En deux ans, on a fait un boulot \u00e9norme, m\u00eame si tous les r\u00e9sultats ne sont pas encore perceptibles. Quand j&rsquo;entends l&rsquo;opposition, on a l&rsquo;impression que la Wallonie va mal parce que les socialistes ne sont plus l\u00e0. Au contraire. Les recettes socialistes n&rsquo;ont pas fonctionn\u00e9 alors qu&rsquo;on a \u00e9t\u00e9 gav\u00e9 d&rsquo;argent public.\u00a0\u00bb<\/p>\n<p><a href=\"https:\/\/www.lalibre.be\/belgique\/politique-belge\/2026\/07\/10\/les-cinq-domaines-dinnovations-sur-lesquels-mise-la-wallonie-KNOSXW7I6JFXZE5I2GEJGTVEUY\/\" target=\"_self\" class=\"ap-StoryInterstitialLink ap-StoryElement ap-StoryElement--mb\" rel=\"nofollow noopener\">Les cinq domaines d&rsquo;innovations sur lesquels mise la Wallonie, tout en tournant la page du \u00ab\u00a0saupoudrage public\u00a0\u00bb<\/a><\/p>\n<p class=\"ap-StoryElement ap-StoryElement--mb ap-StoryText\">Selon le PS, ce sont vos recettes qui ne fonctionnent pas. Il pointait, d\u00e9but juin, que le nombre de demandeurs d&#8217;emploi a augment\u00e9 de 21 % en deux ans en Wallonie.<\/p>\n<p class=\"ap-StoryElement ap-StoryElement--mb ap-StoryText\">Quel culot extraordinaire, alors qu&rsquo;ils ont dirig\u00e9 la Wallonie pendant quarante ans !<\/p>\n<p class=\"ap-StoryElement ap-StoryElement--mb ap-StoryText\">Les chiffres sont l\u00e0.<\/p>\n<p class=\"ap-StoryElement ap-StoryElement--mb ap-StoryText\">Non, les chiffres ne sont pas l\u00e0, ils sont faux. On a chang\u00e9 l&rsquo;ann\u00e9e derni\u00e8re la mani\u00e8re de comptabiliser les chercheurs d&#8217;emploi. Il y a des chercheurs d&#8217;emploi qui sont inscrits librement au Forem \u2013 c&rsquo;est la nouveaut\u00e9 \u2013 mais qui ne cherchent pas un emploi. Ces personnes ne b\u00e9n\u00e9ficient d&rsquo;aucune allocation sociale, elles ne sont pas suivies par le Forem, mais elles sont reprises dans les statistiques. Je vous le dis clairement : je vais supprimer cette statistique-l\u00e0. Je veux que le Forem se concentre sur la remise \u00e0 l&#8217;emploi des gens qui cherchent r\u00e9ellement un emploi.<\/p>\n<p>guillement<\/p>\n<p class=\"ap-StoryQuote-text\">Les gr\u00e8ves \u00e0 r\u00e9p\u00e9tition, les blocages des zonings, cela nuit \u00e0 l&rsquo;image de la Wallonie et freine des investissements potentiels. <\/p>\n<p class=\"ap-StoryElement ap-StoryElement--mb ap-StoryText\"><a href=\"https:\/\/www.wallonie.be\/sites\/default\/files\/2024-07\/DPR2024-2029.pdf\" target=\"_blank\" rel=\"noreferrer noopener nofollow\">L&rsquo;accord du gouvernement wallon<\/a> pr\u00e9voit d&rsquo;atteindre un taux d&#8217;emploi de 80 % en Wallonie. <a href=\"https:\/\/statbel.fgov.be\/fr\/themes\/emploi-formation\/marche-du-travail\/emploi-et-chomage\" target=\"_blank\" rel=\"noreferrer noopener nofollow\">On est \u00e0 68 % aujourd&rsquo;hui<\/a>. On n&rsquo;y arrivera pas.<\/p>\n<p class=\"ap-StoryElement ap-StoryElement--mb ap-StoryText\">Si on y arrivera.<\/p>\n<p class=\"ap-StoryElement ap-StoryElement--mb ap-StoryText\">D\u00e9j\u00e0 pour 2029, fin de la l\u00e9gislature ?<\/p>\n<p class=\"ap-StoryElement ap-StoryElement--mb ap-StoryText\">Peut-\u00eatre pas en 2029. On ne doit pas n\u00e9gliger les cons\u00e9quences du contexte g\u00e9opolitique sur notre \u00e9conomie. Mais je veux maintenir l&rsquo;objectif. Un taux d&#8217;emploi de 80 % en 2029, c&rsquo;est l&rsquo;objectif f\u00e9d\u00e9ral. La Flandre est plus haute que nous. La Wallonie ne doit pas arriver \u00e0 80 % en 2029 pour que ce niveau soit atteint au f\u00e9d\u00e9ral. Cela dit, on doit augmenter notre croissance \u00e9conomique, on doit continuer \u00e0 d\u00e9velopper de l&rsquo;activit\u00e9 \u00e9conomique en travaillant sur le co\u00fbt du travail, sur le co\u00fbt de l&rsquo;\u00e9nergie, sur la simplification administrative, sur le climat social\u2026 Aujourd&rsquo;hui, le climat social p\u00e8se sur les investissements. J&rsquo;en appelle \u00e0 une prise de conscience des syndicats. Les gr\u00e8ves \u00e0 r\u00e9p\u00e9tition, le blocage de zonings sans arr\u00eat, cela nuit \u00e0 l&rsquo;image de la Wallonie et du pays et freine des investissements potentiels.<\/p>\n<p><a href=\"https:\/\/www.lalibre.be\/belgique\/politique-belge\/2026\/06\/30\/voici-le-plan-de-georges-louis-bouchez-pour-creer-une-grande-federation-francophone-la-belgique-a-quatre-regions-cest-completement-ridicule-XHAU65WS5RDIJAAXDIIBONDYJM\/\" target=\"_self\" class=\"ap-StoryInterstitialLink ap-StoryElement ap-StoryElement--mb\" rel=\"nofollow noopener\">Voici le plan de Georges-Louis Bouchez pour cr\u00e9er une grande f\u00e9d\u00e9ration francophone : \u00ab\u00a0La Belgique \u00e0 quatre R\u00e9gions, c&rsquo;est compl\u00e8tement ridicule\u00a0\u00bb<\/a><\/p>\n<p class=\"ap-StoryElement ap-StoryElement--mb ap-StoryText\">Que faites-vous pour am\u00e9liorer le climat social ?<\/p>\n<p class=\"ap-StoryElement ap-StoryElement--mb ap-StoryText\">Chacun a sa part de responsabilit\u00e9. Il y a des \u00e9lections. La d\u00e9mocratie, elle se fait dans un Parlement et pas dans la rue syst\u00e9matiquement.<\/p>\n<p class=\"ap-StoryElement ap-StoryElement--mb ap-StoryText\">La d\u00e9mocratie est plus large, ce n&rsquo;est pas que le Parlement.<\/p>\n<p class=\"ap-StoryElement ap-StoryElement--mb ap-StoryText\">Ce n&rsquo;est pas non plus bloquer l&rsquo;\u00e9conomie. Quand on voit des gr\u00e8ves \u00e0 cause de la machinerie syndicale dans des secteurs o\u00f9 les choses vont bien, cela me pose un probl\u00e8me.<\/p>\n<p class=\"ap-StoryElement ap-StoryElement--mb ap-StoryText\">Vous consid\u00e9rez les syndicats comme\u2026<\/p>\n<p class=\"ap-StoryElement ap-StoryElement--mb ap-StoryText\">(Il interrompt) \u2026 des partenaires. Ils sont associ\u00e9s \u00e0 toutes les r\u00e9formes en mati\u00e8re d&rsquo;Emploi. J&rsquo;ai fait un pas vers eux dans une s\u00e9rie de dossiers. Mais faire des gr\u00e8ves, bloquer des acc\u00e8s d&rsquo;entreprises\u2026 Attention \u00e0 ne pas aller trop loin parce que c&rsquo;est un facteur de faiblesse pour l&rsquo;\u00e9conomie, pour la croissance et pour les entreprises qui veulent investir ici.<\/p>\n<p><a href=\"https:\/\/www.lalibre.be\/belgique\/politique-belge\/2026\/07\/18\/pierre-yves-jeholet-mr-ministre-wallon-de-leconomie-pour-regler-nos-problemes-budgetaires-il-faut-pouvoir-revenir-sur-des-acquis-sociaux-X25HHQ5PYFH7HNKKHSU4Z4YCC4\/\" target=\"_self\" class=\"ap-StoryInterstitialLink ap-StoryElement ap-StoryElement--mb\" rel=\"nofollow noopener\">Pierre-Yves Jeholet (MR), ministre wallon de l&rsquo;\u00c9conomie : \u00ab\u00a0Pour r\u00e9gler nos probl\u00e8mes budg\u00e9taires, il faut pouvoir revenir sur des acquis sociaux\u00a0\u00bb<\/a><\/p>\n<p class=\"ap-StoryElement ap-StoryElement--mb ap-StoryText\"><a href=\"https:\/\/www.lalibre.be\/economie\/entreprises-startup\/2026\/07\/08\/pairi-daiza-bat-un-nouveau-record-LPCDYMBDWNB3HOMCT6YHP5G5GA\/\" target=\"_blank\" rel=\"noreferrer noopener nofollow\">Le parc zoologique Pairi Daiza<\/a> annon\u00e7ait fin mai renoncer \u00e0 un subside wallon de 11,5 millions d&rsquo;euros, tout en maintenant son projet de d\u00e9veloppement. Certains subsides ne seraient-ils pas accord\u00e9s de mani\u00e8re trop g\u00e9n\u00e9reuse ?<\/p>\n<p class=\"ap-StoryElement ap-StoryElement--mb ap-StoryText\">On a revu le p\u00e9rim\u00e8tre des aides \u00e0 l&rsquo;investissement. On les recentre sur certains secteurs.<\/p>\n<p class=\"ap-StoryElement ap-StoryElement--mb ap-StoryText\">Mais le cas de Pairi Daiza ne montre-t-il pas que des entreprises re\u00e7oivent un soutien public sans en avoir r\u00e9ellement besoin ?<\/p>\n<p class=\"ap-StoryElement ap-StoryElement--mb ap-StoryText\">Je rappelle d&rsquo;abord que les aides \u00e0 l&rsquo;investissement sont conditionn\u00e9es aux respects de crit\u00e8res, notamment en mati\u00e8re d&#8217;emploi. Alors, probablement que certains investissements se feraient m\u00eame sans soutien. Mais cela se fera peut-\u00eatre au d\u00e9triment d&rsquo;un autre investissement, qui ne pourra pas \u00eatre consenti. Le risque, c&rsquo;est que les entreprises investissent moins ensuite. Et puis, on attire aussi des investisseurs \u00e9trangers avec les aides \u00e0 l&rsquo;investissement. La Wallonie a besoin d&rsquo;accueillir de nouveaux investisseurs tout en consolidant la position de ceux qui sont d\u00e9j\u00e0 ici.<\/p>\n","protected":false},"excerpt":{"rendered":"\u00ab\u00a0En deux ans, on a fait un boulot \u00e9norme, m\u00eame si tous les r\u00e9sultats ne sont pas encore&hellip;\n","protected":false},"author":2,"featured_media":179399,"comment_status":"","ping_status":"","sticky":false,"template":"","format":"standard","meta":{"footnotes":"","_share_on_mastodon":"0"},"categories":[2],"tags":[12,13,18,17,46,4479,2668,4216,1796,4486,2723,55716,55717],"class_list":["post-179398","post","type-post","status-publish","format-standard","has-post-thumbnail","category-belgique","tag-be","tag-be-fr","tag-belgique","tag-belgium","tag-bruxelles","tag-bruxellois","tag-gouvernement","tag-karine-lalieux","tag-logement","tag-ps","tag-region","tag-regional","tag-secretaire-detat"],"share_on_mastodon":{"url":"https:\/\/pubeurope.com\/@be_fr\/116940429602040852","error":""},"_links":{"self":[{"href":"https:\/\/www.europesays.com\/be-fr\/wp-json\/wp\/v2\/posts\/179398","targetHints":{"allow":["GET"]}}],"collection":[{"href":"https:\/\/www.europesays.com\/be-fr\/wp-json\/wp\/v2\/posts"}],"about":[{"href":"https:\/\/www.europesays.com\/be-fr\/wp-json\/wp\/v2\/types\/post"}],"author":[{"embeddable":true,"href":"https:\/\/www.europesays.com\/be-fr\/wp-json\/wp\/v2\/users\/2"}],"replies":[{"embeddable":true,"href":"https:\/\/www.europesays.com\/be-fr\/wp-json\/wp\/v2\/comments?post=179398"}],"version-history":[{"count":0,"href":"https:\/\/www.europesays.com\/be-fr\/wp-json\/wp\/v2\/posts\/179398\/revisions"}],"wp:featuredmedia":[{"embeddable":true,"href":"https:\/\/www.europesays.com\/be-fr\/wp-json\/wp\/v2\/media\/179399"}],"wp:attachment":[{"href":"https:\/\/www.europesays.com\/be-fr\/wp-json\/wp\/v2\/media?parent=179398"}],"wp:term":[{"taxonomy":"category","embeddable":true,"href":"https:\/\/www.europesays.com\/be-fr\/wp-json\/wp\/v2\/categories?post=179398"},{"taxonomy":"post_tag","embeddable":true,"href":"https:\/\/www.europesays.com\/be-fr\/wp-json\/wp\/v2\/tags?post=179398"}],"curies":[{"name":"wp","href":"https:\/\/api.w.org\/{rel}","templated":true}]}}