{"id":180308,"date":"2026-07-19T09:29:15","date_gmt":"2026-07-19T09:29:15","guid":{"rendered":"https:\/\/www.europesays.com\/be-fr\/180308\/"},"modified":"2026-07-19T09:29:15","modified_gmt":"2026-07-19T09:29:15","slug":"nos-services-de-secours-vont-mal-une-greve-de-24-heures-prevue-au-siamu-face-au-mepris-a-labsence-totale-dempathie-et-a-loubli-complet-du-bien-etre","status":"publish","type":"post","link":"https:\/\/www.europesays.com\/be-fr\/180308\/","title":{"rendered":"Nos services de secours vont mal\u00a0: une gr\u00e8ve de 24 heures pr\u00e9vue au Siamu, \u00ab\u00a0face au m\u00e9pris, \u00e0\u00a0l\u2019absence totale d\u2019empathie et \u00e0 l\u2019oubli complet du bien-\u00eatre au travail, l\u2019heure n\u2019est plus aux discussions st\u00e9riles mais\u00a0\u00e0 l\u2019action\u00a0\u00bb"},"content":{"rendered":"\n<p>Un front commun syndical appelle \u00e0 une gr\u00e8ve totale du personnel op\u00e9rationnel du Service d\u2019incendie et d\u2019aide m\u00e9dicale urgente de Bruxelles (Siamu) mardi 21 juillet, pour une dur\u00e9e de 24 heures, a appris Belga samedi.<\/p>\n<p>Le pr\u00e9avis de gr\u00e8ve invite les agents qui le souhaitent \u00e0 rester \u00e0 leur domicile dans l\u2019attente d\u2019une \u00e9ventuelle r\u00e9quisition officielle, et pr\u00e9cise qu\u2019il n\u2019y aura aucune obligation de r\u00e9pondre au t\u00e9l\u00e9phone pendant la dur\u00e9e de l\u2019action. Les syndicats soulignent toutefois que \u00ab\u00a0chaque coll\u00e8gue reste libre de reprendre le travail plus t\u00f4t s\u2019il le souhaite.\u00a0\u00bb<\/p>\n<p>&#13;<br \/>\n&#13;<\/p>\n<p>Par cette gr\u00e8ve, les syndicats entendent d\u00e9noncer plusieurs points\u00a0: une diminution des effectifs de garde et la suppression de v\u00e9hicules de secours, des mutations obligatoires de compagnie ou de poste avanc\u00e9 d\u00e9cid\u00e9es sans concertation.<\/p>\n<p>&#13;<br \/>\n&#13;<\/p>\n<p>&#13;<br \/>\n&#13;<\/p>\n<p>&#13;<br \/>\n&#13;<\/p>\n<p>Un projet r\u00e9gional de suppression de deux jours f\u00e9ri\u00e9s dont b\u00e9n\u00e9ficie le personnel de ces services, les 2 et 15 novembre, est \u00e9galement point\u00e9 du doigt. Les syndicats marquent \u00e9galement leur d\u00e9saccord sur la mise en place d\u2019un syst\u00e8me d\u2019\u00e9valuation annuel jug\u00e9 source de pression constante sur le personnel.<\/p>\n<p>Le front commun syndical reproche en outre au monde politique et \u00e0 la direction l\u2019absence de suivi des engagements pris lors de pr\u00e9c\u00e9dentes r\u00e9unions.<\/p>\n<p>En mai dernier, la direction du Siamu avait soumis aux syndicats un projet de r\u00e9organisation de la structure. Les pompiers avaient alors vivement r\u00e9agi, d\u00e9non\u00e7ant une r\u00e9duction des effectifs et des moyens op\u00e9rationnels, et r\u00e9clamant l\u2019embauche de 200 pompiers suppl\u00e9mentaires.<\/p>\n<p>Face au \u00ab\u00a0m\u00e9pris\u00a0\u00bb, \u00e0 \u00ab\u00a0l\u2019absence totale d\u2019empathie\u00a0\u00bb et \u00e0 \u00ab\u00a0l\u2019oubli complet du bien-\u00eatre au travail\u00a0\u00bb, \u00ab\u00a0l\u2019heure n\u2019est plus aux discussions st\u00e9riles\u00a0\u00bb mais \u00ab\u00a0\u00e0 l\u2019action\u00a0\u00bb, concluent les repr\u00e9sentants de celles et ceux qui interviennent en cas d\u2019incendie ou d\u2019urgence m\u00e9dicale dans la capitale<\/p>\n<p>Les pompiers bruxellois avaient d\u00e9j\u00e0 fait gr\u00e8ve le 31 d\u00e9cembre dernier pendant 24 heures pour d\u00e9noncer le manque d\u2019effectifs.<\/p>\n<p>&#13;<br \/>\n&#13;<\/p>\n","protected":false},"excerpt":{"rendered":"Un front commun syndical appelle \u00e0 une gr\u00e8ve totale du personnel op\u00e9rationnel du Service d\u2019incendie et d\u2019aide m\u00e9dicale&hellip;\n","protected":false},"author":2,"featured_media":180309,"comment_status":"","ping_status":"","sticky":false,"template":"","format":"standard","meta":{"footnotes":"","_share_on_mastodon":"0"},"categories":[2],"tags":[55944,2624,12,13,18,17,4587,22975,17995,54093,7870,398,18074,15253,55946,21553,55943,19760,43215,9662,10491,55942,55945,25081,184],"class_list":["post-180308","post","type-post","status-publish","format-standard","has-post-thumbnail","category-belgique","tag-a-absence","tag-action","tag-be","tag-be-fr","tag-belgique","tag-belgium","tag-bien-etre","tag-complet","tag-discussions","tag-empathie","tag-face","tag-greve","tag-heure","tag-heures","tag-mais-a","tag-mal","tag-mepris","tag-oubli","tag-prevue","tag-secours","tag-services","tag-siamu","tag-steriles","tag-totale","tag-travail"],"share_on_mastodon":{"url":"https:\/\/pubeurope.com\/@be_fr\/116945942348619651","error":""},"_links":{"self":[{"href":"https:\/\/www.europesays.com\/be-fr\/wp-json\/wp\/v2\/posts\/180308","targetHints":{"allow":["GET"]}}],"collection":[{"href":"https:\/\/www.europesays.com\/be-fr\/wp-json\/wp\/v2\/posts"}],"about":[{"href":"https:\/\/www.europesays.com\/be-fr\/wp-json\/wp\/v2\/types\/post"}],"author":[{"embeddable":true,"href":"https:\/\/www.europesays.com\/be-fr\/wp-json\/wp\/v2\/users\/2"}],"replies":[{"embeddable":true,"href":"https:\/\/www.europesays.com\/be-fr\/wp-json\/wp\/v2\/comments?post=180308"}],"version-history":[{"count":0,"href":"https:\/\/www.europesays.com\/be-fr\/wp-json\/wp\/v2\/posts\/180308\/revisions"}],"wp:featuredmedia":[{"embeddable":true,"href":"https:\/\/www.europesays.com\/be-fr\/wp-json\/wp\/v2\/media\/180309"}],"wp:attachment":[{"href":"https:\/\/www.europesays.com\/be-fr\/wp-json\/wp\/v2\/media?parent=180308"}],"wp:term":[{"taxonomy":"category","embeddable":true,"href":"https:\/\/www.europesays.com\/be-fr\/wp-json\/wp\/v2\/categories?post=180308"},{"taxonomy":"post_tag","embeddable":true,"href":"https:\/\/www.europesays.com\/be-fr\/wp-json\/wp\/v2\/tags?post=180308"}],"curies":[{"name":"wp","href":"https:\/\/api.w.org\/{rel}","templated":true}]}}