{"id":180390,"date":"2026-07-19T11:12:22","date_gmt":"2026-07-19T11:12:22","guid":{"rendered":"https:\/\/www.europesays.com\/be-fr\/180390\/"},"modified":"2026-07-19T11:12:22","modified_gmt":"2026-07-19T11:12:22","slug":"tour-de-france-15e-etape-vers-un-nouveau-duel-entre-lechappee-et-tadej-pogacar-direct-a-15h","status":"publish","type":"post","link":"https:\/\/www.europesays.com\/be-fr\/180390\/","title":{"rendered":"Tour de France, 15e \u00e9tape\u00a0: vers un nouveau duel entre l&rsquo;\u00e9chapp\u00e9e et Tadej Pogacar\u00a0? (Direct \u00e0 15h)"},"content":{"rendered":"<p class=\"ap-StoryElement ap-StoryElement--mb ap-StoryText\">184 kilom\u00e8tres et 4100 m\u00e8tres de d\u00e9nivel\u00e9 positif attendent le peloton du Tour de France ce dimanche, \u00e0 la veille de la deuxi\u00e8me journ\u00e9e de repos. Avec une arriv\u00e9e au sommet du Plateau de Solaison qui promet d&rsquo;\u00eatre spectaculaire.<\/p>\n<p class=\"ap-StoryElement ap-StoryElement--mb ap-StoryText\">S&rsquo;il ne fait plus aucun doute depuis longtemps que <a href=\"https:\/\/www.dhnet.be\/sports\/cyclisme\/tour-de-france\/2026\/07\/18\/le-boss-des-uae-est-content-apres-le-double-pogacar-del-toro-au-markstein-un-cadeau-pour-le-sport-ZPCKO6NAE5GRDF436T33OJ6SMQ\/\" target=\"_blank\" rel=\"noreferrer noopener nofollow\">Pogacar est le plus fort de cette \u00e9dition 2026<\/a>, la lutte pour le podium final est plus intense que jamais entre Vingegaard, Evenepoel, Seixas, Ayuso, Lipowitz et Del Toro.<\/p>\n","protected":false},"excerpt":{"rendered":"184 kilom\u00e8tres et 4100 m\u00e8tres de d\u00e9nivel\u00e9 positif attendent le peloton du Tour de France ce dimanche, \u00e0&hellip;\n","protected":false},"author":2,"featured_media":180391,"comment_status":"","ping_status":"","sticky":false,"template":"","format":"standard","meta":{"footnotes":"","_share_on_mastodon":"0"},"categories":[81],"tags":[12,13,18,17,46474,46475,15908,28638,46476,46477,906,84,46478,46479,46480,46481,46482],"class_list":["post-180390","post","type-post","status-publish","format-standard","has-post-thumbnail","category-sports","tag-be","tag-be-fr","tag-belgique","tag-belgium","tag-canada2026","tag-canada26","tag-fifa","tag-futbol","tag-mexico2026","tag-mexico26","tag-soccer","tag-sports","tag-usa2026","tag-usa26","tag-worldcup","tag-worldcup2026","tag-worldcup26"],"share_on_mastodon":{"url":"https:\/\/pubeurope.com\/@be_fr\/116946347476824334","error":""},"_links":{"self":[{"href":"https:\/\/www.europesays.com\/be-fr\/wp-json\/wp\/v2\/posts\/180390","targetHints":{"allow":["GET"]}}],"collection":[{"href":"https:\/\/www.europesays.com\/be-fr\/wp-json\/wp\/v2\/posts"}],"about":[{"href":"https:\/\/www.europesays.com\/be-fr\/wp-json\/wp\/v2\/types\/post"}],"author":[{"embeddable":true,"href":"https:\/\/www.europesays.com\/be-fr\/wp-json\/wp\/v2\/users\/2"}],"replies":[{"embeddable":true,"href":"https:\/\/www.europesays.com\/be-fr\/wp-json\/wp\/v2\/comments?post=180390"}],"version-history":[{"count":0,"href":"https:\/\/www.europesays.com\/be-fr\/wp-json\/wp\/v2\/posts\/180390\/revisions"}],"wp:featuredmedia":[{"embeddable":true,"href":"https:\/\/www.europesays.com\/be-fr\/wp-json\/wp\/v2\/media\/180391"}],"wp:attachment":[{"href":"https:\/\/www.europesays.com\/be-fr\/wp-json\/wp\/v2\/media?parent=180390"}],"wp:term":[{"taxonomy":"category","embeddable":true,"href":"https:\/\/www.europesays.com\/be-fr\/wp-json\/wp\/v2\/categories?post=180390"},{"taxonomy":"post_tag","embeddable":true,"href":"https:\/\/www.europesays.com\/be-fr\/wp-json\/wp\/v2\/tags?post=180390"}],"curies":[{"name":"wp","href":"https:\/\/api.w.org\/{rel}","templated":true}]}}