{"id":180548,"date":"2026-07-19T13:44:28","date_gmt":"2026-07-19T13:44:28","guid":{"rendered":"https:\/\/www.europesays.com\/be-fr\/180548\/"},"modified":"2026-07-19T13:44:28","modified_gmt":"2026-07-19T13:44:28","slug":"tour-de-france-2026-vingegaard-et-pogacar-ont-subi-un-controle-antidopage-a-2h-et-5h-du-matin-je-pensais-que-cetait-interdit","status":"publish","type":"post","link":"https:\/\/www.europesays.com\/be-fr\/180548\/","title":{"rendered":"Tour de France 2026\u00a0&#8211; Vingegaard et Pogacar ont subi un contr\u00f4le antidopage\u2026 \u00e0 2h et 5h du matin: \u00ab\u00a0Je pensais que c&rsquo;\u00e9tait interdit\u00a0\u00bb"},"content":{"rendered":"<p class=\"ap-StoryElement ap-StoryElement--mb ap-StoryText\">\u00ab\u00a0Je me sens plut\u00f4t bien, m\u00eame si je n&rsquo;ai pas vraiment pass\u00e9 une bonne nuit\u00a0\u00bb a racont\u00e9 le premier nomm\u00e9. \u00ab\u00a0Je croyais que c&rsquo;\u00e9tait interdit, mais apparemment c&rsquo;est autoris\u00e9 par le r\u00e8glement. C&rsquo;est bien qu&rsquo;ils nous testent, mais si cela affecte nos performances, alors je ne trouve plus \u00e7a correct. V\u00e9rifier \u00e0 2 heures, c&rsquo;est vraiment exag\u00e9r\u00e9\u00a0\u00bb.<\/p>\n<p class=\"ap-StoryElement ap-StoryElement--mb ap-StoryText\">Interview\u00e9 par Sporza, Remco Evenepoel a lui aussi montr\u00e9 son \u00e9tonnement. \u00ab\u00a0C&rsquo;est impossible. Non, ce n&rsquo;est pas autoris\u00e9 ? Ce n&rsquo;est pas normal\u00a0\u00bb, a-t-il r\u00e9p\u00e9t\u00e9, incr\u00e9dule.<\/p>\n<p><a href=\"https:\/\/www.dhnet.be\/sports\/cyclisme\/tour-de-france\/2026\/07\/18\/tour-de-france-tadej-pogacar-euphorique-apres-sa-4e-victoire-detape-je-navais-encore-jamais-vu-ca-J64CG2O5GZEGFC63OFOM7X4W24\/\" target=\"_self\" class=\"ap-StoryInterstitialLink ap-StoryElement ap-StoryElement--mb\" rel=\"nofollow noopener\">Tour de France &#8211; Tadej Pogacar euphorique apr\u00e8s sa 4e victoire d&rsquo;\u00e9tape: \u00ab\u00a0Je n&rsquo;avais encore jamais vu \u00e7a\u00a0\u00bb<\/a>Que dit le r\u00e8glement ?<\/p>\n<p class=\"ap-StoryElement ap-StoryElement--mb ap-StoryText\">Cette d\u00e9marche de l&rsquo;UCI est-elle bien l\u00e9gale ? Il faut se rendre au point 5.2.2 de leur r\u00e8glement : \u00ab\u00a0L&rsquo;UCI peut exiger de tout coureur sur lequel elle a autorit\u00e9 de contr\u00f4le et qui n&rsquo;a pas mis fin \u00e0 sa carri\u00e8re, y compris les coureurs purgeant une p\u00e9riode de suspension, qu&rsquo;il fournisse un \u00e9chantillon \u00e0 tout moment et en tout lieu\u00a0\u00bb.<\/p>\n<p class=\"ap-StoryElement ap-StoryElement--mb ap-StoryText\">En clair, la pratique reste autoris\u00e9e, m\u00eame si elle impacte le sommeil, et donc la r\u00e9cup\u00e9ration des coureurs.<\/p>\n","protected":false},"excerpt":{"rendered":"\u00ab\u00a0Je me sens plut\u00f4t bien, m\u00eame si je n&rsquo;ai pas vraiment pass\u00e9 une bonne nuit\u00a0\u00bb a racont\u00e9 le&hellip;\n","protected":false},"author":2,"featured_media":180549,"comment_status":"","ping_status":"","sticky":false,"template":"","format":"standard","meta":{"footnotes":"","_share_on_mastodon":"0"},"categories":[8],"tags":[10449,10,12,13,8018,56023,18,17,2161,3479,685,15680,1777,3480,3481,400,1782,401,691,402,692,11,56024,693,4135,3483,406,694,84,409,411,5560],"class_list":["post-180548","post","type-post","status-publish","format-standard","has-post-thumbnail","category-actualites","tag-accidents-and-disasters","tag-actualites","tag-be","tag-be-fr","tag-belgalive","tag-belgaonthespot-belgaonthespot","tag-belgique","tag-belgium","tag-car","tag-cor408","tag-day","tag-driving","tag-environment","tag-ericdupain","tag-hand-out","tag-land-vehicle","tag-landscape","tag-mode-of-transportation","tag-motion","tag-motor-vehicle","tag-nature","tag-news","tag-off-roading","tag-outdoors","tag-plant","tag-rallye","tag-road","tag-smoke","tag-sports","tag-transportation","tag-vehicle","tag-wheel"],"share_on_mastodon":{"url":"https:\/\/pubeurope.com\/@be_fr\/116946944807160302","error":""},"_links":{"self":[{"href":"https:\/\/www.europesays.com\/be-fr\/wp-json\/wp\/v2\/posts\/180548","targetHints":{"allow":["GET"]}}],"collection":[{"href":"https:\/\/www.europesays.com\/be-fr\/wp-json\/wp\/v2\/posts"}],"about":[{"href":"https:\/\/www.europesays.com\/be-fr\/wp-json\/wp\/v2\/types\/post"}],"author":[{"embeddable":true,"href":"https:\/\/www.europesays.com\/be-fr\/wp-json\/wp\/v2\/users\/2"}],"replies":[{"embeddable":true,"href":"https:\/\/www.europesays.com\/be-fr\/wp-json\/wp\/v2\/comments?post=180548"}],"version-history":[{"count":0,"href":"https:\/\/www.europesays.com\/be-fr\/wp-json\/wp\/v2\/posts\/180548\/revisions"}],"wp:featuredmedia":[{"embeddable":true,"href":"https:\/\/www.europesays.com\/be-fr\/wp-json\/wp\/v2\/media\/180549"}],"wp:attachment":[{"href":"https:\/\/www.europesays.com\/be-fr\/wp-json\/wp\/v2\/media?parent=180548"}],"wp:term":[{"taxonomy":"category","embeddable":true,"href":"https:\/\/www.europesays.com\/be-fr\/wp-json\/wp\/v2\/categories?post=180548"},{"taxonomy":"post_tag","embeddable":true,"href":"https:\/\/www.europesays.com\/be-fr\/wp-json\/wp\/v2\/tags?post=180548"}],"curies":[{"name":"wp","href":"https:\/\/api.w.org\/{rel}","templated":true}]}}