{"id":180656,"date":"2026-07-19T15:50:19","date_gmt":"2026-07-19T15:50:19","guid":{"rendered":"https:\/\/www.europesays.com\/be-fr\/180656\/"},"modified":"2026-07-19T15:50:19","modified_gmt":"2026-07-19T15:50:19","slug":"equipe-de-france-voici-quand-zinedine-zidane-reprendra-les-renes-des-bleus","status":"publish","type":"post","link":"https:\/\/www.europesays.com\/be-fr\/180656\/","title":{"rendered":"\u00c9quipe de France\u00a0: voici quand Zinedine Zidane reprendra les r\u00eanes des Bleus"},"content":{"rendered":"<p class=\"ap-StoryElement ap-StoryElement--mb ap-StoryText\">La question n&rsquo;est plus de savoir qui, mais quand le nouveau s\u00e9lectionneur de l&rsquo;\u00e9quipe de France prendra ses nouvelles responsabilit\u00e9s.<\/p>\n<p class=\"ap-StoryElement ap-StoryElement--mb ap-StoryText\">Il s&rsquo;agit du secret de polichinelle le plus connu du grand monde du ballon rond : Zinedine Zidane deviendra s\u00e9lectionneur des Bleus, apr\u00e8s que Didier Deschamps prestera sa derni\u00e8re pige \u00e0 la t\u00eate de la s\u00e9lection ce samedi soir, dans le cadre du match pour la troisi\u00e8me place de la Coupe du monde 2026. La fin de l&rsquo;\u00e8re \u00ab\u00a0DD\u00a0\u00bb, pour le d\u00e9but de \u00ab\u00a0ZZ\u00a0\u00bb.<\/p>\n","protected":false},"excerpt":{"rendered":"La question n&rsquo;est plus de savoir qui, mais quand le nouveau s\u00e9lectionneur de l&rsquo;\u00e9quipe de France prendra ses&hellip;\n","protected":false},"author":2,"featured_media":180657,"comment_status":"","ping_status":"","sticky":false,"template":"","format":"standard","meta":{"footnotes":"","_share_on_mastodon":"0"},"categories":[81],"tags":[56049,12,13,8018,56023,18,17,2161,3479,56050,56051,15680,3480,3481,30370,400,1782,401,691,402,692,56052,56024,4135,3483,56053,406,84,409,411],"class_list":["post-180656","post","type-post","status-publish","format-standard","has-post-thumbnail","category-sports","tag-auto-racing","tag-be","tag-be-fr","tag-belgalive","tag-belgaonthespot-belgaonthespot","tag-belgique","tag-belgium","tag-car","tag-cor408","tag-dirt","tag-dirt-road","tag-driving","tag-ericdupain","tag-hand-out","tag-land","tag-land-vehicle","tag-landscape","tag-mode-of-transportation","tag-motion","tag-motor-vehicle","tag-nature","tag-off-road-vehicle","tag-off-roading","tag-plant","tag-rallye","tag-rallying","tag-road","tag-sports","tag-transportation","tag-vehicle"],"share_on_mastodon":{"url":"https:\/\/pubeurope.com\/@be_fr\/116947440961941504","error":""},"_links":{"self":[{"href":"https:\/\/www.europesays.com\/be-fr\/wp-json\/wp\/v2\/posts\/180656","targetHints":{"allow":["GET"]}}],"collection":[{"href":"https:\/\/www.europesays.com\/be-fr\/wp-json\/wp\/v2\/posts"}],"about":[{"href":"https:\/\/www.europesays.com\/be-fr\/wp-json\/wp\/v2\/types\/post"}],"author":[{"embeddable":true,"href":"https:\/\/www.europesays.com\/be-fr\/wp-json\/wp\/v2\/users\/2"}],"replies":[{"embeddable":true,"href":"https:\/\/www.europesays.com\/be-fr\/wp-json\/wp\/v2\/comments?post=180656"}],"version-history":[{"count":0,"href":"https:\/\/www.europesays.com\/be-fr\/wp-json\/wp\/v2\/posts\/180656\/revisions"}],"wp:featuredmedia":[{"embeddable":true,"href":"https:\/\/www.europesays.com\/be-fr\/wp-json\/wp\/v2\/media\/180657"}],"wp:attachment":[{"href":"https:\/\/www.europesays.com\/be-fr\/wp-json\/wp\/v2\/media?parent=180656"}],"wp:term":[{"taxonomy":"category","embeddable":true,"href":"https:\/\/www.europesays.com\/be-fr\/wp-json\/wp\/v2\/categories?post=180656"},{"taxonomy":"post_tag","embeddable":true,"href":"https:\/\/www.europesays.com\/be-fr\/wp-json\/wp\/v2\/tags?post=180656"}],"curies":[{"name":"wp","href":"https:\/\/api.w.org\/{rel}","templated":true}]}}