{"id":181428,"date":"2026-07-20T09:19:16","date_gmt":"2026-07-20T09:19:16","guid":{"rendered":"https:\/\/www.europesays.com\/be-fr\/181428\/"},"modified":"2026-07-20T09:19:16","modified_gmt":"2026-07-20T09:19:16","slug":"festival-portraits-2026-a-vichy-david-lachapelle-a-lhonneur","status":"publish","type":"post","link":"https:\/\/www.europesays.com\/be-fr\/181428\/","title":{"rendered":"Festival Portrait(s) 2026 \u00e0 Vichy : David LaChapelle \u00e0 l&rsquo;honneur"},"content":{"rendered":"<p>Du\u00a019 juin au 4 octobre 2026, Vichy consacre son \u00e9t\u00e9 \u00e0 la photographie avec la\u00a014e \u00e9dition\u00a0du festival\u00a0Portrait(s). La t\u00eate d\u2019affiche a de quoi attirer bien au-del\u00e0 des amateurs de portrait : une r\u00e9trospective\u00a0David LaChapelle, que la France n\u2019avait plus vu expos\u00e9 \u00e0 cette \u00e9chelle depuis 2009. Autour de cette exposition monographique, le festival garde sa m\u00e9canique habituelle, entre\u00a0transmission et r\u00e9sidences, et glisse une nouveaut\u00e9 : une\u00a0cabine Studio Harcourt\u00a0install\u00e9e pour toute la saison.<\/p>\n<p><img decoding=\"async\" width=\"1400\" height=\"1022\" loading=\"lazy\" src=\"https:\/\/www.europesays.com\/be-fr\/wp-content\/uploads\/2026\/07\/this-is-my-house-new-york-1997--david-lachapelle.jpg\" alt=\"\" class=\"wp-image-278522\"  \/><img loading=\"lazy\" decoding=\"async\" width=\"1400\" height=\"1022\" src=\"https:\/\/www.europesays.com\/be-fr\/wp-content\/uploads\/2026\/07\/this-is-my-house-new-york-1997--david-lachapelle.jpg\" alt=\"\" class=\"wp-image-278522\"  \/>This is my house, New York, 1997 \u00a9 David LaChapelle<\/p>\n<p>David LaChapelle, quarante ans de cr\u00e9ation au Grand \u00e9tablissement thermal<\/p>\n<p>Apr\u00e8s\u00a0<a href=\"https:\/\/phototrend.fr\/2024\/06\/festival-portraits-a-vichy-nadav-kander-a-lhonneur\/\" rel=\"nofollow noopener\" target=\"_blank\">Nadav Kander<\/a>\u00a0en 2024 et\u00a0<a href=\"https:\/\/phototrend.fr\/2025\/07\/festival-portraits-13e-edition\/\" rel=\"nofollow noopener\" target=\"_blank\">Isabel Mu\u00f1oz<\/a>\u00a0en 2025, c\u2019est l\u2019Am\u00e9ricain\u00a0David LaChapelle\u00a0qui investit cette ann\u00e9e le Grand \u00e9tablissement thermal. Environ\u00a0cent \u0153uvres\u00a0retracent l\u2019ensemble de son parcours, des premi\u00e8res recherches figuratives aux images de mode, jusqu\u2019aux portraits de stars et aux grandes compositions all\u00e9goriques qui ont fait sa signature.<\/p>\n<p><img decoding=\"async\" width=\"1400\" height=\"1916\" loading=\"lazy\" src=\"https:\/\/www.europesays.com\/be-fr\/wp-content\/uploads\/2026\/07\/uma-thurman-beauies-bloom-new-york-1997--david-lachapelle.jpg\" alt=\"\" class=\"wp-image-278531\"  \/><img loading=\"lazy\" decoding=\"async\" width=\"1400\" height=\"1916\" src=\"https:\/\/www.europesays.com\/be-fr\/wp-content\/uploads\/2026\/07\/uma-thurman-beauies-bloom-new-york-1997--david-lachapelle.jpg\" alt=\"\" class=\"wp-image-278531\"  \/>Uma Thurman : Beauties Bloom, New York, 1997 \u00a9 David LaChapelle<\/p>\n<p>L\u2019exposition retrace quarante ans de cr\u00e9ation. C\u2019est \u00e0 19 ans que le jeune homme croise\u00a0Andy Warhol\u00a0lors d\u2019un concert, lui montre son portfolio et se retrouve engag\u00e9 comme photographe pour le magazine\u00a0Interview. Sa premi\u00e8re publication, en 1985, met en sc\u00e8ne les\u00a0Beastie Boys\u00a0sur Times Square. Suivront GQ, Rolling Stone, Vanity Fair, Vogue, et des d\u00e9cennies de portraits de stars qui ont fait sa r\u00e9putation. Nous \u00e9tions revenus en d\u00e9tail sur son parcours dans\u00a0<a href=\"https:\/\/phototrend.fr\/2018\/06\/zoom-photographe-david-lachapelle\/\" rel=\"nofollow noopener\" target=\"_blank\">notre Zoom photographe<\/a>.<\/p>\n<p>Ce qui frappe chez lui, c\u2019est cette fa\u00e7on de faire cohabiter\u00a0imagerie pop, questionnement spirituel et regard critique sur son \u00e9poque\u00a0dans un m\u00eame cadre. Saturation chromatique, mise en sc\u00e8ne th\u00e9\u00e2trale, humour et provocation : ses images ne cherchent jamais la discr\u00e9tion, et c\u2019est pr\u00e9cis\u00e9ment ce qui les rend imm\u00e9diatement identifiables.<\/p>\n<p>L\u2019exposition r\u00e9serve aussi une\u00a0s\u00e9rie monumentale encore jamais montr\u00e9e, inspir\u00e9e des techniques de la fresque classique. De quoi justifier le d\u00e9tour, d\u2019autant qu\u2019il faut remonter \u00e0 la Monnaie de Paris, en 2009, pour retrouver en France une r\u00e9trospective de cette envergure autour du photographe.<\/p>\n<p>Apr\u00e8s Ni\u00e9pce, le portrait : la figure humaine dans les collections du mus\u00e9e Nic\u00e9phore Ni\u00e9pce<\/p>\n<p>En plein air, sur l\u2019esplanade du lac d\u2019Allier, le festival s\u2019associe avec le\u00a0mus\u00e9e Nic\u00e9phore Ni\u00e9pce\u00a0pour une exposition inscrite au programme du\u00a0bicentenaire de la photographie.<\/p>\n<p>L\u2019id\u00e9e : explorer les fonds photographiques du mus\u00e9e de Chalon-sur-Sa\u00f4ne sous le seul prisme du portrait. Daguerr\u00e9otypes des d\u00e9buts, portrait-carte popularis\u00e9 par Eug\u00e8ne Disd\u00e9ri, photomaton, clich\u00e9s d\u2019identit\u00e9 judiciaire ou albums de mariage : le fil d\u00e9roul\u00e9 montre combien le genre a accompagn\u00e9 le m\u00e9dium \u00e0 chacune de ses mues. Le choix des tirages revient \u00e0\u00a0Sylvain Besson, qui dirige les collections de l\u2019institution \u00e0 Chalon-sur-Sa\u00f4ne<\/p>\n<p><img decoding=\"async\" width=\"1400\" height=\"1736\" loading=\"lazy\" data-id=\"278528\" src=\"https:\/\/www.europesays.com\/be-fr\/wp-content\/uploads\/2026\/07\/portrait-dans-la-rue-1987-bruce-wrighton-1950-1988-dapres-un-tirage-c-print.-collection-musee-niceph.jpeg\" alt=\"\" class=\"wp-image-278528\"  \/><img loading=\"lazy\" decoding=\"async\" width=\"1400\" height=\"1736\" data-id=\"278528\" src=\"https:\/\/www.europesays.com\/be-fr\/wp-content\/uploads\/2026\/07\/portrait-dans-la-rue-1987-bruce-wrighton-1950-1988-dapres-un-tirage-c-print.-collection-musee-niceph.jpeg\" alt=\"\" class=\"wp-image-278528\"  \/>Portrait dans la rue, 1987 Bruce Wrighton (1950-1988) D\u2019apr\u00e8s un tirage C-print. Collection mus\u00e9e Nic\u00e9phore Ni\u00e9pce, Ville de Chalon-sur-Sa\u00f4ne<\/p>\n<p><img decoding=\"async\" width=\"1400\" height=\"1038\" loading=\"lazy\" data-id=\"278527\" src=\"https:\/\/www.europesays.com\/be-fr\/wp-content\/uploads\/2026\/07\/le-commandant-cousteau-et-la-baleine-25-juin-1990-pierre-gleizes-ne-en-1956-dapres-un-tirage-couleur.jpeg\" alt=\"\" class=\"wp-image-278527\"  \/><img loading=\"lazy\" decoding=\"async\" width=\"1400\" height=\"1038\" data-id=\"278527\" src=\"https:\/\/www.europesays.com\/be-fr\/wp-content\/uploads\/2026\/07\/le-commandant-cousteau-et-la-baleine-25-juin-1990-pierre-gleizes-ne-en-1956-dapres-un-tirage-couleur.jpeg\" alt=\"\" class=\"wp-image-278527\"  \/>Le commandant Cousteau et la baleine 25 juin 1990 Pierre Gleizes (n\u00e9 en 1956) D\u2019apr\u00e8s un tirage couleur Collection mus\u00e9e Nic\u00e9phore Ni\u00e9pce, Ville de Chalon-sur-Sa\u00f4ne<\/p>\n<p><img decoding=\"async\" width=\"1874\" height=\"2560\" loading=\"lazy\" data-id=\"278521\" src=\"https:\/\/www.europesays.com\/be-fr\/wp-content\/uploads\/2026\/07\/germaine-eble-musee-nicephore-niepce.jpg\" alt=\"\" class=\"wp-image-278521\"  \/><img loading=\"lazy\" decoding=\"async\" width=\"1874\" height=\"2560\" data-id=\"278521\" src=\"https:\/\/www.europesays.com\/be-fr\/wp-content\/uploads\/2026\/07\/germaine-eble-musee-nicephore-niepce.jpg\" alt=\"\" class=\"wp-image-278521\"  \/>Danseuses, 12 mars 1930 Germain Ebl\u00e9 (1888-1968) D\u2019apr\u00e8s un n\u00e9gatif argentique sur verre Collection mus\u00e9e Nic\u00e9phore Ni\u00e9pce, Ville de Chalon-sur-Sa\u00f4ne<\/p>\n<p>La transmission, toujours au c\u0153ur du festival<\/p>\n<p>Fid\u00e8le \u00e0 son rituel annuel,\u00a0Brigitte Patient\u00a0revient avec\u00a0La voix du regard. La journaliste s\u2019arr\u00eate sur une seule image, la commente, l\u2019interpr\u00e8te et la resitue dans l\u2019histoire du m\u00e9dium. Cette ann\u00e9e, elle a jet\u00e9 son d\u00e9volu sur un tirage de\u00a0Yohanne Lamoul\u00e8re, du collectif Tendance Floue, extrait de sa s\u00e9rie marseillaise\u00a0<a href=\"https:\/\/phototrend.fr\/2021\/08\/revue-epic-3-photo-documentaire\/\" rel=\"nofollow noopener\" target=\"_blank\">Faux Bourgs<\/a>. Le dispositif prend place au Hall des Sources.<\/p>\n<p><img decoding=\"async\" width=\"1400\" height=\"1400\" loading=\"lazy\" src=\"https:\/\/www.europesays.com\/be-fr\/wp-content\/uploads\/2026\/07\/cecilia-la-calade-2017--yohanne-lamoulere-tendance-floue.jpg\" alt=\"\" class=\"wp-image-278525\"  \/><img loading=\"lazy\" decoding=\"async\" width=\"1400\" height=\"1400\" src=\"https:\/\/www.europesays.com\/be-fr\/wp-content\/uploads\/2026\/07\/cecilia-la-calade-2017--yohanne-lamoulere-tendance-floue.jpg\" alt=\"\" class=\"wp-image-278525\"  \/>C\u00e9cilia, La Calade, 2017 \u00a9 Yohanne Lamoul\u00e8re \/ Tendance Floue<\/p>\n<p>Toujours dans ce registre,\u00a0Des mots pour voir\u00a0poursuit la collaboration engag\u00e9e en 2018 avec la Fondation d\u2019entreprise\u00a0Neuflize OBC. Une \u0153uvre XXL de\u00a0Paul Graham, issue de la collection d\u2019entreprise, est pr\u00e9sent\u00e9e au Grand \u00e9tablissement thermal, accompagn\u00e9e des commentaires du public recueillis en amont par la m\u00e9diatrice Camille Carrias.<\/p>\n<p>Le volet p\u00e9dagogique, enfin, prend le nom de\u00a0Portrait(s) s\u2019invite \u00e0 l\u2019\u00e9cole\u00a0: une classe de l\u2019\u00e9cole primaire Jacques-Laurent expose ses images. Guid\u00e9s par J\u00e9r\u00f4me Schirtzinger et la photographe Cyrille Karam, les enfants ont tir\u00e9 le portrait des habitu\u00e9s et des personnels de la m\u00e9diath\u00e8que de Vichy.<\/p>\n<p>Julia Gat et Patrick Tourneb\u0153uf, les deux r\u00e9sidences de l\u2019\u00e9dition<\/p>\n<p>Deux r\u00e9sidences viennent \u00e9largir le programme. La premi\u00e8re est h\u00e9berg\u00e9e par le\u00a0CAVILAM-Alliance Fran\u00e7aise, qui re\u00e7oit\u00a0Julia Gat\u00a0dans la foul\u00e9e de Namsa Leuba, invit\u00e9e\u00a0<a href=\"https:\/\/phototrend.fr\/2025\/07\/festival-portraits-13e-edition\/\" rel=\"nofollow noopener\" target=\"_blank\">l\u2019an pass\u00e9<\/a>. N\u00e9e en 1997, install\u00e9e \u00e0 Marseille et membre du collectif Solar, la photographe explore le terrain\u00a0entre documentaire et portrait. Le retour a pour elle une saveur particuli\u00e8re : c\u2019est ici m\u00eame qu\u2019elle d\u00e9crochait le\u00a0Premier Prix de Portrait(s) en 2016, soit une d\u00e9cennie plus t\u00f4t. Ses portraits d\u2019\u00e9tudiants du centre habillent les fa\u00e7ades du P\u00f4le universitaire.<\/p>\n<p><img decoding=\"async\" width=\"1400\" height=\"1400\" loading=\"lazy\" src=\"https:\/\/www.europesays.com\/be-fr\/wp-content\/uploads\/2026\/07\/shinwoo.-vichy-2026--julia-gat-collectif-solar-.jpg\" alt=\"\" class=\"wp-image-278524\"  \/><img loading=\"lazy\" decoding=\"async\" width=\"1400\" height=\"1400\" src=\"https:\/\/www.europesays.com\/be-fr\/wp-content\/uploads\/2026\/07\/shinwoo.-vichy-2026--julia-gat-collectif-solar-.jpg\" alt=\"\" class=\"wp-image-278524\"  \/>Shinwoo. Vichy, 2026 \u00a9 Julia Gat \/ Collectif Solar<\/p>\n<p>Quant \u00e0\u00a0Patrick Tourneb\u0153uf, il continue de sillonner les grandes villes thermales europ\u00e9ennes class\u00e9es au patrimoine mondial de l\u2019Unesco. Apr\u00e8s Baden-Baden (2024) et Karlovy Vary (2025), son objectif s\u2019est pos\u00e9 sur\u00a0Bath, en Angleterre. Il y a photographi\u00e9 les \u00e9difices phares d\u2019une cit\u00e9 au\u00a0b\u00e2ti d\u2019une richesse peu commune\u00a0: l\u2019abbaye gothique, le Royal Crescent g\u00e9orgien, l\u2019Holburne Museum n\u00e9oclassique. Ces vues sont pr\u00e9sent\u00e9es au Parc des Sources.<\/p>\n<p><img decoding=\"async\" width=\"1400\" height=\"1050\" loading=\"lazy\" src=\"https:\/\/www.europesays.com\/be-fr\/wp-content\/uploads\/2026\/07\/guildhall-hotel-de-ville-bath_tourneboeuf_011.jpg\" alt=\"\" class=\"wp-image-278523\"  \/><img loading=\"lazy\" decoding=\"async\" width=\"1400\" height=\"1050\" src=\"https:\/\/www.europesays.com\/be-fr\/wp-content\/uploads\/2026\/07\/guildhall-hotel-de-ville-bath_tourneboeuf_011.jpg\" alt=\"\" class=\"wp-image-278523\"  \/>Guildhall \/ H\u00f4tel de ville, La salle du conseil municipal \/ Council chamber, BATH, Angleterre. 12\/09\/2025 \u00a9 Patrick Tourneboeuf \/ Tendance Floue<\/p>\n<p>La cabine Studio Harcourt, la nouveaut\u00e9 de 2026<\/p>\n<p>Voil\u00e0 l\u2019ajout in\u00e9dit du cru 2026 : une cabine du\u00a0<a href=\"https:\/\/phototrend.fr\/tag\/studio-harcourt\/\" rel=\"nofollow noopener\" target=\"_blank\">Studio Harcourt<\/a>\u00a0prend place au Grand \u00e9tablissement thermal pour un\u00a0tirage noir et blanc frapp\u00e9 du style maison, ce clair-obscur emprunt\u00e9 au cin\u00e9ma d\u2019autrefois. Dans un festival tout entier tourn\u00e9 vers le portrait, l\u2019occasion est bonne pour faire basculer le public de l\u2019autre c\u00f4t\u00e9 de l\u2019objectif.<\/p>\n<p>Un parcours \u00e0 travers la ville<\/p>\n<p>Comme chaque ann\u00e9e, le parcours alterne salles et plein air : Grand \u00e9tablissement thermal, esplanade du lac d\u2019Allier, Hall des Sources, Parc des Sources, P\u00f4le universitaire et parvis de la gare, o\u00f9\u00a0SNCF Gares &amp; Connexions\u00a0prolonge le festival pour la 10e ann\u00e9e cons\u00e9cutive.<\/p>\n<p><img decoding=\"async\" width=\"1494\" height=\"1982\" loading=\"lazy\" src=\"https:\/\/www.europesays.com\/be-fr\/wp-content\/uploads\/2026\/07\/parcours-vichy-2026.jpg\" alt=\"\" class=\"wp-image-278526\"  \/><img loading=\"lazy\" decoding=\"async\" width=\"1494\" height=\"1982\" src=\"https:\/\/www.europesays.com\/be-fr\/wp-content\/uploads\/2026\/07\/parcours-vichy-2026.jpg\" alt=\"\" class=\"wp-image-278526\"  \/><\/p>\n<p>Avec David LaChapelle en t\u00eate d\u2019affiche et une s\u00e9lection qui continue de faire dialoguer patrimoine, cr\u00e9ation contemporaine et m\u00e9diation, Vichy confirme sa position \u00e0 part dans le calendrier estival de la photo : celle du seul festival enti\u00e8rement d\u00e9di\u00e9 \u00e0 l\u2019art du portrait.<\/p>\n<p>Informations pratiques :<br \/>Festival Portrait(s), 14e \u00e9dition<br \/>Centre ville de Vichy<br \/>Du 19 juin au 4 octobre 2026<br \/>Expositions \u00e0 d\u00e9couvrir librement dans une s\u00e9lection de lieux de la ville<br \/>Entr\u00e9e libre<br \/>Retrouvez toutes les infos <a href=\"https:\/\/opera-vichy.com\/\" rel=\"nofollow noopener\" target=\"_blank\">sur cette page<\/a><\/p>\n","protected":false},"excerpt":{"rendered":"Du\u00a019 juin au 4 octobre 2026, Vichy consacre son \u00e9t\u00e9 \u00e0 la photographie avec la\u00a014e \u00e9dition\u00a0du festival\u00a0Portrait(s). La&hellip;\n","protected":false},"author":2,"featured_media":181429,"comment_status":"","ping_status":"","sticky":false,"template":"","format":"standard","meta":{"footnotes":"","_share_on_mastodon":"0"},"categories":[101],"tags":[126,124,125,12,13,18,17,56204,56205,127,96,95,56206,56207,48068,56208,56209,56210,56211,56212],"class_list":["post-181428","post","type-post","status-publish","format-standard","has-post-thumbnail","category-arts-et-design","tag-arts","tag-arts-and-design","tag-arts-et-design","tag-be","tag-be-fr","tag-belgique","tag-belgium","tag-bicentenaire-de-la-photographie","tag-david-lachapelle","tag-design","tag-divertissement","tag-entertainment","tag-festival-portraits","tag-julia-gat","tag-nicephore-niepce","tag-patrick-tourneboeuf","tag-paul-graham","tag-studio-harcourt","tag-vichy","tag-yohanne-lamoulere"],"share_on_mastodon":{"url":"","error":""},"_links":{"self":[{"href":"https:\/\/www.europesays.com\/be-fr\/wp-json\/wp\/v2\/posts\/181428","targetHints":{"allow":["GET"]}}],"collection":[{"href":"https:\/\/www.europesays.com\/be-fr\/wp-json\/wp\/v2\/posts"}],"about":[{"href":"https:\/\/www.europesays.com\/be-fr\/wp-json\/wp\/v2\/types\/post"}],"author":[{"embeddable":true,"href":"https:\/\/www.europesays.com\/be-fr\/wp-json\/wp\/v2\/users\/2"}],"replies":[{"embeddable":true,"href":"https:\/\/www.europesays.com\/be-fr\/wp-json\/wp\/v2\/comments?post=181428"}],"version-history":[{"count":0,"href":"https:\/\/www.europesays.com\/be-fr\/wp-json\/wp\/v2\/posts\/181428\/revisions"}],"wp:featuredmedia":[{"embeddable":true,"href":"https:\/\/www.europesays.com\/be-fr\/wp-json\/wp\/v2\/media\/181429"}],"wp:attachment":[{"href":"https:\/\/www.europesays.com\/be-fr\/wp-json\/wp\/v2\/media?parent=181428"}],"wp:term":[{"taxonomy":"category","embeddable":true,"href":"https:\/\/www.europesays.com\/be-fr\/wp-json\/wp\/v2\/categories?post=181428"},{"taxonomy":"post_tag","embeddable":true,"href":"https:\/\/www.europesays.com\/be-fr\/wp-json\/wp\/v2\/tags?post=181428"}],"curies":[{"name":"wp","href":"https:\/\/api.w.org\/{rel}","templated":true}]}}