{"id":1819,"date":"2026-02-11T00:01:41","date_gmt":"2026-02-11T00:01:41","guid":{"rendered":"https:\/\/www.europesays.com\/be-fr\/1819\/"},"modified":"2026-02-11T00:01:41","modified_gmt":"2026-02-11T00:01:41","slug":"plus-belle-la-vie-spoiler-ulysse-pret-a-denoncer-ophelie-video-episode-du-9-fevrier","status":"publish","type":"post","link":"https:\/\/www.europesays.com\/be-fr\/1819\/","title":{"rendered":"Plus Belle La Vie spoiler : Ulysse pr\u00eat \u00e0 d\u00e9noncer Oph\u00e9lie ? (vid\u00e9o \u00e9pisode du 9 f\u00e9vrier)"},"content":{"rendered":"<p>\nPublicit\u00e9<\/p>\n<p>Plus belle la vie, encore plus belle spoiler \u2013 Ulysse va-t-il d\u00e9noncer Oph\u00e9lie dans votre feuilleton quotidien de TF1 <a href=\"https:\/\/www.plusbellelavie.org\/category\/pblv\/\" rel=\"nofollow noopener\" target=\"_blank\">\u00ab\u00a0Plus belle la vie, encore plus belle\u00a0\u00bb<\/a> ? Dans quelques jours, l\u2019avocat va confronter sa soeur et lui demander de retirer sa plainte contre Vanessa.<\/p>\n<p><img fetchpriority=\"high\" decoding=\"async\" src=\"https:\/\/www.europesays.com\/be-fr\/wp-content\/uploads\/2026\/02\/ulyssepretdenoncerophe.jpg\" alt=\"Plus Belle La Vie spoiler : Ulysse pr\u00eat \u00e0 d\u00e9noncer Oph\u00e9lie ? (vid\u00e9o \u00e9pisode du 9 f\u00e9vrier)\" width=\"1200\" height=\"617\" class=\"size-full wp-image-23074\"  \/>Capture TF1<\/p>\n<p>\nPublicit\u00e9<\/p>\n<p>Mais Oph\u00e9lie, toujours m\u00e9connaissable, est tr\u00e8s dure envers celle qui l\u2019a \u00e9lev\u00e9e. Elle d\u00e9teste d\u00e9sormais Vanessa et veut lui faire payer, jusqu\u2019\u00e0 ce qu\u2019elle n\u2019ait plus rien. Ulysse menace alors Oph\u00e9lie : si elle ne retire pas sa plainte, il ira parler \u00e0 la police pour la d\u00e9noncer pour le meurtre de Hugo !<\/p>\n<p>Oph\u00e9lie ne se laisse pas impressionner, elle est convaincue que son fr\u00e8re n\u2019a pas le cran pour la d\u00e9noncer. Elle le traite de l\u00e2che !<\/p>\n<p>\nPublicit\u00e9<\/p>\n<p>Plus belle la vie, encore plus belle spoiler extrait vid\u00e9o \u00e9pisode 515 du 9 f\u00e9vrier 2026<\/p>\n<p>Retrouver la vid\u00e9o de cette s\u00e9quence en avance directement sur TF1+ <a href=\"https:\/\/www.tf1.fr\/tf1\/plus-belle-la-vie\/videos\/pblvepb-spoiler-ulysse-pret-a-denoncer-ophelie-49143600.html\" target=\"_blank\" rel=\"nofollow noopener\">en cliquant ici<\/a>.<\/p>\n","protected":false},"excerpt":{"rendered":"Publicit\u00e9 Plus belle la vie, encore plus belle spoiler \u2013 Ulysse va-t-il d\u00e9noncer Oph\u00e9lie dans votre feuilleton quotidien&hellip;\n","protected":false},"author":2,"featured_media":1820,"comment_status":"","ping_status":"","sticky":false,"template":"","format":"standard","meta":{"footnotes":"","_share_on_mastodon":"0"},"categories":[99],"tags":[12,13,18,17,96,95,1812,1813,112],"class_list":["post-1819","post","type-post","status-publish","format-standard","has-post-thumbnail","category-television","tag-be","tag-be-fr","tag-belgique","tag-belgium","tag-divertissement","tag-entertainment","tag-pblv","tag-pblvepb","tag-television"],"share_on_mastodon":{"url":"","error":""},"_links":{"self":[{"href":"https:\/\/www.europesays.com\/be-fr\/wp-json\/wp\/v2\/posts\/1819","targetHints":{"allow":["GET"]}}],"collection":[{"href":"https:\/\/www.europesays.com\/be-fr\/wp-json\/wp\/v2\/posts"}],"about":[{"href":"https:\/\/www.europesays.com\/be-fr\/wp-json\/wp\/v2\/types\/post"}],"author":[{"embeddable":true,"href":"https:\/\/www.europesays.com\/be-fr\/wp-json\/wp\/v2\/users\/2"}],"replies":[{"embeddable":true,"href":"https:\/\/www.europesays.com\/be-fr\/wp-json\/wp\/v2\/comments?post=1819"}],"version-history":[{"count":0,"href":"https:\/\/www.europesays.com\/be-fr\/wp-json\/wp\/v2\/posts\/1819\/revisions"}],"wp:featuredmedia":[{"embeddable":true,"href":"https:\/\/www.europesays.com\/be-fr\/wp-json\/wp\/v2\/media\/1820"}],"wp:attachment":[{"href":"https:\/\/www.europesays.com\/be-fr\/wp-json\/wp\/v2\/media?parent=1819"}],"wp:term":[{"taxonomy":"category","embeddable":true,"href":"https:\/\/www.europesays.com\/be-fr\/wp-json\/wp\/v2\/categories?post=1819"},{"taxonomy":"post_tag","embeddable":true,"href":"https:\/\/www.europesays.com\/be-fr\/wp-json\/wp\/v2\/tags?post=1819"}],"curies":[{"name":"wp","href":"https:\/\/api.w.org\/{rel}","templated":true}]}}