{"id":182430,"date":"2026-07-21T07:07:19","date_gmt":"2026-07-21T07:07:19","guid":{"rendered":"https:\/\/www.europesays.com\/be-fr\/182430\/"},"modified":"2026-07-21T07:07:19","modified_gmt":"2026-07-21T07:07:19","slug":"reseau-social-x-deploie-une-toute-nouvelle-application-sur-android","status":"publish","type":"post","link":"https:\/\/www.europesays.com\/be-fr\/182430\/","title":{"rendered":"R\u00e9seau social : X d\u00e9ploie une toute nouvelle application sur Android"},"content":{"rendered":"<p style=\"text-align: justify;\">Le r\u00e9seau social X a d\u00e9ploy\u00e9, le lundi 20 juillet, une version reconstruite de son application sur Android apr\u00e8s un an de travail. Plus rapide et plus fluide, cette nouvelle version corrige les bugs de navigation, am\u00e9liore le chargement des contenus et simplifie les notifications. Ce d\u00e9ploiement majeur vise \u00e0 offrir une meilleure exp\u00e9rience aux utilisateurs du syst\u00e8me mobile de Google et \u00e0 faciliter l&rsquo;arriv\u00e9e de futures fonctionnalit\u00e9s.<\/p>\n<p class=\"texte\" style=\"text-align: justify;\">Lire aussi:<\/p>\n<p class=\"texte\" style=\"text-align: justify;\"><a href=\"https:\/\/www.wearetech.africa\/fr\/fils\/breves\/breves-simple\/launch-africa-ventures-finance-15-nouvelles-entreprises-africaines-en-2026\" rel=\"nofollow noopener\" target=\"_blank\">Launch Africa Ventures finance 15 nouvelles entreprises africaines en 2026<\/a><\/p>\n","protected":false},"excerpt":{"rendered":"Le r\u00e9seau social X a d\u00e9ploy\u00e9, le lundi 20 juillet, une version reconstruite de son application sur Android&hellip;\n","protected":false},"author":2,"featured_media":182431,"comment_status":"","ping_status":"","sticky":false,"template":"","format":"standard","meta":{"footnotes":"","_share_on_mastodon":"0"},"categories":[70],"tags":[1577,4562,12,13,18,17,3414,1853,4375,73,71,75,72,76,74,1182,12982,38606],"class_list":["post-182430","post","type-post","status-publish","format-standard","has-post-thumbnail","category-sciences-et-technologies","tag-arrivee","tag-aux","tag-be","tag-be-fr","tag-belgique","tag-belgium","tag-experience","tag-les","tag-meilleure","tag-science","tag-science-and-technology","tag-sciences","tag-sciences-et-technologies","tag-technologies","tag-technology","tag-une","tag-utilisateurs","tag-version"],"share_on_mastodon":{"url":"https:\/\/pubeurope.com\/@be_fr\/116956708489072389","error":""},"_links":{"self":[{"href":"https:\/\/www.europesays.com\/be-fr\/wp-json\/wp\/v2\/posts\/182430","targetHints":{"allow":["GET"]}}],"collection":[{"href":"https:\/\/www.europesays.com\/be-fr\/wp-json\/wp\/v2\/posts"}],"about":[{"href":"https:\/\/www.europesays.com\/be-fr\/wp-json\/wp\/v2\/types\/post"}],"author":[{"embeddable":true,"href":"https:\/\/www.europesays.com\/be-fr\/wp-json\/wp\/v2\/users\/2"}],"replies":[{"embeddable":true,"href":"https:\/\/www.europesays.com\/be-fr\/wp-json\/wp\/v2\/comments?post=182430"}],"version-history":[{"count":0,"href":"https:\/\/www.europesays.com\/be-fr\/wp-json\/wp\/v2\/posts\/182430\/revisions"}],"wp:featuredmedia":[{"embeddable":true,"href":"https:\/\/www.europesays.com\/be-fr\/wp-json\/wp\/v2\/media\/182431"}],"wp:attachment":[{"href":"https:\/\/www.europesays.com\/be-fr\/wp-json\/wp\/v2\/media?parent=182430"}],"wp:term":[{"taxonomy":"category","embeddable":true,"href":"https:\/\/www.europesays.com\/be-fr\/wp-json\/wp\/v2\/categories?post=182430"},{"taxonomy":"post_tag","embeddable":true,"href":"https:\/\/www.europesays.com\/be-fr\/wp-json\/wp\/v2\/tags?post=182430"}],"curies":[{"name":"wp","href":"https:\/\/api.w.org\/{rel}","templated":true}]}}