{"id":182790,"date":"2026-07-21T13:15:22","date_gmt":"2026-07-21T13:15:22","guid":{"rendered":"https:\/\/www.europesays.com\/be-fr\/182790\/"},"modified":"2026-07-21T13:15:22","modified_gmt":"2026-07-21T13:15:22","slug":"oserez-vous-cet-ensemble-en-daim-porte-par-amal-clooney-en-vacances-a-capri","status":"publish","type":"post","link":"https:\/\/www.europesays.com\/be-fr\/182790\/","title":{"rendered":"Oserez-vous cet ensemble en daim port\u00e9 par Amal Clooney en vacances \u00e0 Capri ?"},"content":{"rendered":"<p>\n    Ce mardi 14 juillet, l\u2019avocate des droits de l\u2019Homme a \u00e9t\u00e9 photographi\u00e9e dans un ensemble en daim vintage sign\u00e9 Thierry Mugler alors qu\u2019elle profitait d\u2019une escapade romantique \u00e0 Capri.<\/p>\n<p class=\"fig-paragraph\">Du daim en pleine canicule\u00a0? C\u2019est le pari qu\u2019a fait Amal Clooney mardi dernier, alors qu\u2019elle profitait du soleil de Capri en compagnie de son mari. Depuis des ann\u00e9es, l\u2019avocate des droits de l\u2019Homme fait briller son style aussi bien en hiver qu\u2019en \u00e9t\u00e9, nous habituant \u00e0 des looks \u00e9l\u00e9gants, haut en couleur et toujours ultra-recherch\u00e9s. On se souvient, par exemple, de\u00a0<a href=\"http:\/\/madame.lefigaro.fr\/style\/news\/mini-jupe-a-fentes-et-haut-multicolore-le-look-boheme-d-amal-clooney-pour-le-65e-anniversaire-de-son-epoux-george-clooney-a-saint-tropez-20260509\" target=\"_blank\" data-fig-type=\"Article\" rel=\"noopener nofollow\" data-gtm-custom-categorie=\"navigation\" data-gtm-custom-action=\"crossclick\" data-gtm-custom-label=\"Contextuel\" data-gtm-event=\"customEventSPE\" data-fig-domain=\"MADAME\">sa derni\u00e8re apparition \u00e0 Saint-Tropez<\/a>\u00a0v\u00eatue d\u2019un ensemble Pucci aux tons noirs, oranges et rouges. Un look original qu\u2019elle a pourtant surpass\u00e9 pendant son escapade sur l\u2019\u00eele italienne la semaine derni\u00e8re.<\/p>\n<p class=\"fig-paragraph\">Pour l\u2019occasion, Amal Clooney a d\u00e9laiss\u00e9\u00a0<a href=\"http:\/\/madame.lefigaro.fr\/style\/news\/ces-conseils-de-stylistes-vont-transformer-votre-facon-de-vous-habiller-au-bureau-quand-il-fait-chaud-20260624\" target=\"_blank\" data-fig-type=\"Article\" rel=\"noopener nofollow\" data-gtm-custom-categorie=\"navigation\" data-gtm-custom-action=\"crossclick\" data-gtm-custom-label=\"Contextuel\" data-gtm-event=\"customEventSPE\" data-fig-domain=\"MADAME\">les tenues classiques d\u2019\u00e9t\u00e9\u00a0<\/a>avec leurs mati\u00e8res l\u00e9g\u00e8res et leurs coupes larges pour partir dans une tout autre direction stylistique. La femme de George Clooney a, en effet, mis\u00e9 sur un ensemble vintage moka, turquoise et orange sign\u00e9 Thierry Mugler compos\u00e9 d\u2019un haut dos nu, crois\u00e9 en<a href=\"http:\/\/madame.lefigaro.fr\/style\/news\/au-grand-prix-de-monaco-alexandra-leclerc-remet-avec-elegance-le-col-americain-au-gout-du-jour-20260608\" target=\"_blank\" data-fig-type=\"Article\" rel=\"noopener nofollow\" data-gtm-custom-categorie=\"navigation\" data-gtm-custom-action=\"crossclick\" data-gtm-custom-label=\"Contextuel\" data-gtm-event=\"customEventSPE\" data-fig-domain=\"MADAME\">\u00a0col am\u00e9ricain<\/a>\u00a0sur le devant et d\u2019une jupe moulante, asym\u00e9trique et taille basse qui arrivait jusqu\u2019\u00e0 ses genoux. Le d\u00e9tail insolite\u00a0? Ce look \u00e9tait compos\u00e9 de daim, un mat\u00e9riau davantage adapt\u00e9 aux temps froids qu\u2019aux 30 degr\u00e9s qui s\u2019abattaient alors sur la baie de Naples. Un choix inhabituel qui n\u2019a pas arr\u00eat\u00e9 l\u2019avocate qui l\u2019avait coupl\u00e9 \u00e0 des talons m\u00e9tallis\u00e9s compens\u00e9s Rixo et au sac Artiste Medium Tote de chez Aquazzura.<\/p>\n<p>                                                <a href=\"https:\/\/photo-madame.lefigaro.fr\/style\/news\/la-frange-sous-toutes-ses-coutures-20260720\" class=\"fig-slideshow__opener\" title=\"Acc\u00e9der au diaporama La frange sous toutes ses coutures - (20 photos)\" aria-label=\"Acc\u00e9der au diaporama La frange sous toutes ses coutures - (20 photos)\" rel=\"nofollow noopener\" target=\"_blank\"><\/p>\n<p class=\"fig-slideshow__title\">\n                    La frange sous toutes ses coutures\n                <\/p>\n<p>    <\/a><br \/>\n                                                <a class=\"fig-a11y-skip\" href=\"#fig-a11y-skip-main-inarticle\" is=\"fig-a11y-skip\" data-trigger-mode=\"visible-once\"><br \/>\n    Passer la publicit\u00e9<br \/>\n<\/a>            <\/p>\n<p class=\"fig-paragraph\">Une allure r\u00e9tro qui rappelait celle des\u00a0<a href=\"http:\/\/madame.lefigaro.fr\/style\/news\/jamais-plus-les-5-pieces-des-annees-1970-qu-on-ne-veut-pas-voir-revenir-20260606\" target=\"_blank\" data-fig-type=\"Article\" rel=\"noopener nofollow\" data-gtm-custom-categorie=\"navigation\" data-gtm-custom-action=\"crossclick\" data-gtm-custom-label=\"Contextuel\" data-gtm-event=\"customEventSPE\" data-fig-domain=\"MADAME\">ann\u00e9es 1970<\/a>\u00a0et dont Amal Clooney n\u2019a laiss\u00e9 aucun d\u00e9tail au hasard. La preuve\u00a0: d\u2019imposantes lunettes de soleil \u00e9taient pos\u00e9es sur son nez tandis que quelques franges ornaient l\u2019ensemble de sa tenue. Une tendance qui a pris les podiums d\u2019assaut ces derni\u00e8res saisons. Courte et discr\u00e8te comme chez Chanel et Dior, ou surdimensionn\u00e9e comme chez Gabriel Hearst, Jean Paul Gaultier et Givenchy, la frange semble \u00eatre le d\u00e9tail mode id\u00e9al pour pimenter n\u2019importe quelle pi\u00e8ce de votre vestiaire&#8230; m\u00eame les accessoires, \u00e0 l\u2019instar du\u00a0<a href=\"http:\/\/madame.lefigaro.fr\/shopping\/porte-main-ou-epaule-adoptez-le-sac-a-franges-l-accessoire-ultra-desirable-pour-booster-votre-style-20260403\" target=\"_blank\" data-fig-type=\"Article\" rel=\"sponsored noopener nofollow\" data-gtm-custom-categorie=\"navigation\" data-gtm-custom-action=\"crossclick\" data-gtm-custom-label=\"Contextuel\" data-gtm-event=\"customEventSPE\" data-fig-domain=\"MADAME\">sac \u00e0 main<\/a>\u00a0comme observ\u00e9 chez Stella McCartney. Une versatilit\u00e9 qui en fait un \u00e9l\u00e9ment essentiel de toutes les garde-robes ainsi qu\u2019un gage du quotient mode de la plus glamour des avocates.<\/p>\n","protected":false},"excerpt":{"rendered":"Ce mardi 14 juillet, l\u2019avocate des droits de l\u2019Homme a \u00e9t\u00e9 photographi\u00e9e dans un ensemble en daim vintage&hellip;\n","protected":false},"author":2,"featured_media":182791,"comment_status":"","ping_status":"","sticky":false,"template":"","format":"standard","meta":{"footnotes":"","_share_on_mastodon":"0"},"categories":[102],"tags":[37990,12,13,18,17,129,128,96,95,976,109,56552],"class_list":["post-182790","post","type-post","status-publish","format-standard","has-post-thumbnail","category-people","tag-amal-alamuddin-clooney","tag-be","tag-be-fr","tag-belgique","tag-belgium","tag-celebrities","tag-celebrity","tag-divertissement","tag-entertainment","tag-mode","tag-people","tag-thierry-mugler"],"share_on_mastodon":{"url":"https:\/\/pubeurope.com\/@be_fr\/116958155525829557","error":""},"_links":{"self":[{"href":"https:\/\/www.europesays.com\/be-fr\/wp-json\/wp\/v2\/posts\/182790","targetHints":{"allow":["GET"]}}],"collection":[{"href":"https:\/\/www.europesays.com\/be-fr\/wp-json\/wp\/v2\/posts"}],"about":[{"href":"https:\/\/www.europesays.com\/be-fr\/wp-json\/wp\/v2\/types\/post"}],"author":[{"embeddable":true,"href":"https:\/\/www.europesays.com\/be-fr\/wp-json\/wp\/v2\/users\/2"}],"replies":[{"embeddable":true,"href":"https:\/\/www.europesays.com\/be-fr\/wp-json\/wp\/v2\/comments?post=182790"}],"version-history":[{"count":0,"href":"https:\/\/www.europesays.com\/be-fr\/wp-json\/wp\/v2\/posts\/182790\/revisions"}],"wp:featuredmedia":[{"embeddable":true,"href":"https:\/\/www.europesays.com\/be-fr\/wp-json\/wp\/v2\/media\/182791"}],"wp:attachment":[{"href":"https:\/\/www.europesays.com\/be-fr\/wp-json\/wp\/v2\/media?parent=182790"}],"wp:term":[{"taxonomy":"category","embeddable":true,"href":"https:\/\/www.europesays.com\/be-fr\/wp-json\/wp\/v2\/categories?post=182790"},{"taxonomy":"post_tag","embeddable":true,"href":"https:\/\/www.europesays.com\/be-fr\/wp-json\/wp\/v2\/tags?post=182790"}],"curies":[{"name":"wp","href":"https:\/\/api.w.org\/{rel}","templated":true}]}}