{"id":183066,"date":"2026-07-21T17:30:25","date_gmt":"2026-07-21T17:30:25","guid":{"rendered":"https:\/\/www.europesays.com\/be-fr\/183066\/"},"modified":"2026-07-21T17:30:25","modified_gmt":"2026-07-21T17:30:25","slug":"chili-dix-morts-et-100-000-personnes-isolees-apres-une-violente-tempete-photos","status":"publish","type":"post","link":"https:\/\/www.europesays.com\/be-fr\/183066\/","title":{"rendered":"Chili: dix morts et 100.000 personnes isol\u00e9es apr\u00e8s une violente temp\u00eate (PHOTOS)"},"content":{"rendered":"<p><a href=\"https:\/\/www.lalibre.be\/international\/amerique\/2026\/05\/11\/au-chili-la-politique-migratoire-bute-contre-la-realite-des-frontieres-un-show-mediatique-qui-favorise-le-discours-de-haine-CL32I2Z6MNFGTGDGNHNWDI5D7I\/\" target=\"_self\" class=\"ap-StoryInterstitialLink ap-StoryElement ap-StoryElement--mb js-paywall-target\" rel=\"nofollow noopener\">Au Chili, la politique migratoire bute contre la r\u00e9alit\u00e9 des fronti\u00e8res: \u00ab\u00a0Un show m\u00e9diatique qui favorise le discours de haine\u00a0\u00bb<\/a><\/p>\n<p class=\"ap-StoryElement ap-StoryElement--mb ap-StoryText\">En raison de la crue des rivi\u00e8res, les routes reliant plusieurs villages ont \u00e9t\u00e9 coup\u00e9es, isolant les localit\u00e9s les unes des autres.<\/p>\n<p class=\"ap-StoryElement ap-StoryElement--mb ap-StoryText\">Dans les zones rurales de Coquimbo, \u00e0 environ 460 km au nord de Santiago, l&rsquo;arm\u00e9e a utilis\u00e9 des tracteurs pour secourir des personnes prises au pi\u00e8ge par les inondations et a d\u00fb \u00e9vacuer des personnes en h\u00e9licopt\u00e8re depuis les toits de leurs maisons, selon des images diffus\u00e9es par les m\u00e9dias locaux.<\/p>\n<p class=\"ap-StoryElement ap-StoryElement--mb ap-StoryText\">Il y a des quartiers \u00ab\u00a0recouverts de boue et d&rsquo;eau, inond\u00e9s. Les gens ont tout perdu : leur maison, leurs biens. Ils sont tr\u00e8s angoiss\u00e9s\u00a0\u00bb, a d\u00e9clar\u00e9 \u00e0 l&rsquo;AFP Crist\u00f3bal Juli\u00e1, gouverneur de Coquimbo.<\/p>\n<p class=\"ap-StoryElement ap-StoryElement--mb ap-StoryText\">Le pr\u00e9sident chilien Jos\u00e9 Antonio Kast a d\u00e9cr\u00e9t\u00e9 lundi l&rsquo;\u00e9tat de catastrophe dans une partie du nord du pays, ce qui autorise le d\u00e9ploiement de l&rsquo;arm\u00e9e, la restriction des d\u00e9placements et l&rsquo;acheminement plus rapide de l&rsquo;aide humanitaire.<\/p>\n<p><img loading=\"lazy\" decoding=\"async\" class=\"w-full lazyload lazyload--opacity object-contain\" style=\"aspect-ratio:149 \/ 100;opacity:1\" alt=\"This handout picture released by the Chilean Army shows soldiers preparing to depart from the Army Infantry School in San Bernardo, on the southern outskirts of Santiago, on July 20, 2026, to assist residents affected by flooding caused by heavy rainfall in northern and central Chile. Heavy rainfall in Chile has killed five people and destroyed or severely damaged over 1,000 homes, pushing the government to declare a state of emergency on July 20, 2026. (Photo by Handout \/ Chilean Army \/ AFP) \/ RESTRICTED TO EDITORIAL USE - MANDATORY CREDIT &quot;AFP PHOTO \/ CHILEAN ARMY&quot; - NO MARKETING NO ADVERTISING CAMPAIGNS - DISTRIBUTED AS A SERVICE TO CLIENTS\" width=\"1280\" height=\"858\" fetchpriority=\"auto\" src=\"https:\/\/www.europesays.com\/be-fr\/wp-content\/uploads\/2026\/07\/1784655023_358_S5VKD3X55FFF3BW6V4SEHXNP7I.png\"  data- data-optimumx=\"1\"\/><img loading=\"lazy\" decoding=\"async\" src=\"https:\/\/www.europesays.com\/be-fr\/wp-content\/uploads\/2026\/07\/BARDSURRXNH5RI5A7LUI3IOTRU.jpg\" width=\"1280\" height=\"858\" alt=\"This handout picture released by the Chilean Army shows soldiers preparing to depart from the Army Infantry School in San Bernardo, on the southern outskirts of Santiago, on July 20, 2026, to assist residents affected by flooding caused by heavy rainfall in northern and central Chile. Heavy rainfall in Chile has killed five people and destroyed or severely damaged over 1,000 homes, pushing the government to declare a state of emergency on July 20, 2026. (Photo by Handout \/ Chilean Army \/ AFP) \/ RESTRICTED TO EDITORIAL USE - MANDATORY CREDIT \" afp=\"\" photo=\"\" chilean=\"\" army=\"\" no=\"\" marketing=\"\" advertising=\"\" campaigns=\"\" distributed=\"\" as=\"\" a=\"\" service=\"\" to=\"\" clients=\"\" class=\"absolute inset-0 w-full\"\/>This handout picture released by the Chilean Army shows soldiers preparing to depart from the Army Infantry School in San Bernardo, on the southern outskirts of Santiago, on July 20, 2026, to assist residents affected by flooding caused by heavy rainfall in northern and central Chile. Heavy rainfall in Chile has killed five people and destroyed or severely damaged over 1,000 homes, pushing the government to declare a state of emergency on July 20, 2026. (Photo by Handout \/ Chilean Army \/ AFP) \/ RESTRICTED TO EDITORIAL USE &#8211; MANDATORY CREDIT \u00ab\u00a0AFP PHOTO \/ CHILEAN ARMY\u00a0\u00bb &#8211; NO MARKETING NO ADVERTISING CAMPAIGNS &#8211; DISTRIBUTED AS A SERVICE TO CLIENTS<img loading=\"lazy\" decoding=\"async\" class=\"w-full lazyload lazyload--opacity object-contain\" style=\"aspect-ratio:151 \/ 100;opacity:1\" alt=\"This handout picture released by Chile's Red Comunales shows a road cut off by rising river waters in La Serena, Chile, on July 20, 2026, following severe weather conditions. Heavy rainfall in Chile has killed five people and destroyed or severely damaged over 1,000 homes, pushing the government to declare a state of emergency on July 20, 2026. (Photo by Handout \/ CHILE'S RED COMUNALES \/ AFP) \/ RESTRICTED TO EDITORIAL USE - MANDATORY CREDIT &quot;AFP PHOTO \/ CHILE'S RED COMUNALES&quot; - NO MARKETING NO ADVERTISING CAMPAIGNS - DISTRIBUTED AS A SERVICE TO CLIENTS\" width=\"2268\" height=\"1505\" fetchpriority=\"auto\" src=\"https:\/\/www.europesays.com\/be-fr\/wp-content\/uploads\/2026\/07\/1784655023_358_S5VKD3X55FFF3BW6V4SEHXNP7I.png\"  data- data-optimumx=\"1\"\/><img loading=\"lazy\" decoding=\"async\" src=\"https:\/\/www.europesays.com\/be-fr\/wp-content\/uploads\/2026\/07\/I56A6QK5IVHJ7IUFNN7BKXYVRM.jpg\" width=\"2268\" height=\"1505\" alt=\"This handout picture released by Chile's Red Comunales shows a road cut off by rising river waters in La Serena, Chile, on July 20, 2026, following severe weather conditions. Heavy rainfall in Chile has killed five people and destroyed or severely damaged over 1,000 homes, pushing the government to declare a state of emergency on July 20, 2026. (Photo by Handout \/ CHILE'S RED COMUNALES \/ AFP) \/ RESTRICTED TO EDITORIAL USE - MANDATORY CREDIT \" afp=\"\" photo=\"\" chile=\"\" red=\"\" comunales=\"\" no=\"\" marketing=\"\" advertising=\"\" campaigns=\"\" distributed=\"\" as=\"\" a=\"\" service=\"\" to=\"\" clients=\"\" class=\"absolute inset-0 w-full\"\/>This handout picture released by Chile&rsquo;s Red Comunales shows a road cut off by rising river waters in La Serena, Chile, on July 20, 2026, following severe weather conditions. Heavy rainfall in Chile has killed five people and destroyed or severely damaged over 1,000 homes, pushing the government to declare a state of emergency on July 20, 2026. (Photo by Handout \/ CHILE&rsquo;S RED COMUNALES \/ AFP) \/ RESTRICTED TO EDITORIAL USE &#8211; MANDATORY CREDIT \u00ab\u00a0AFP PHOTO \/ CHILE&rsquo;S RED COMUNALES\u00a0\u00bb &#8211; NO MARKETING NO ADVERTISING CAMPAIGNS &#8211; DISTRIBUTED AS A SERVICE TO CLIENTSPr\u00e9cipitations \u00ab\u00a0anormales et extr\u00eames\u00a0\u00bb<\/p>\n<p class=\"ap-StoryElement ap-StoryElement--mb ap-StoryText\">A Coquimbo, inondations, glissements de terrain et coupures de courant ont en outre perturb\u00e9 l&rsquo;approvisionnement en eau potable.<\/p>\n<p class=\"ap-StoryElement ap-StoryElement--mb ap-StoryText\">\u00ab\u00a0La quantit\u00e9 de pluie qui tombe habituellement en un mois est tomb\u00e9e (hier) en une heure, ce qui permet de qualifier cet \u00e9v\u00e9nement de pr\u00e9cipitations anormales et extr\u00eames\u00a0\u00bb, a d\u00e9clar\u00e9 lundi \u00e0 la presse le ministre de l&rsquo;Int\u00e9rieur, Maximo Pavez.<\/p>\n<p class=\"ap-StoryElement ap-StoryElement--mb ap-StoryText\">Selon Arnaldo Z\u00fa\u00f1iga, de la Direction m\u00e9t\u00e9orologique du Chili, le pays n&rsquo;avait pas connu depuis deux d\u00e9cennies une temp\u00eate aussi \u00e9tendue et accompagn\u00e9e de pr\u00e9cipitations aussi fortes.<\/p>\n<p><a href=\"https:\/\/www.lalibre.be\/international\/amerique\/2026\/07\/17\/chili-une-violente-tempete-prive-plus-de-500000-personnes-delectricite-DPRKRGIVHNDMBGJSIOMTJ7S5HY\/\" target=\"_self\" class=\"ap-StoryInterstitialLink ap-StoryElement ap-StoryElement--mb\" rel=\"nofollow noopener\">Chili : une violente temp\u00eate prive plus de 500.000 personnes d&rsquo;\u00e9lectricit\u00e9<\/a><\/p>\n<p class=\"ap-StoryElement ap-StoryElement--mb ap-StoryText\">\u00ab\u00a0Cela fait de nombreuses ann\u00e9es que nous n&rsquo;avions pas connu de conditions similaires\u00a0\u00bb, a-t-il d\u00e9clar\u00e9 \u00e0 l&rsquo;AFP.<\/p>\n<p class=\"ap-StoryElement ap-StoryElement--mb ap-StoryText\">Environ 150.000 personnes sont toujours priv\u00e9es d&rsquo;\u00e9lectricit\u00e9 dans tout le pays, a annonc\u00e9 le minist\u00e8re de l&rsquo;Energie sur son compte X.<\/p>\n<p class=\"ap-StoryElement ap-StoryElement--mb ap-StoryText\">\u00ab\u00a0La situation a d\u00e9pass\u00e9 toutes les pr\u00e9visions. Nos infrastructures ont \u00e9t\u00e9 endommag\u00e9es et nous avons d\u00fb \u00e9vacuer notre personnel de certaines installations\u00a0\u00bb, a d\u00e9clar\u00e9 \u00e0 la presse le directeur r\u00e9gional de la compagnie des eaux Aguas del Valle, Andr\u00e9s Nazer.<\/p>\n<p class=\"ap-StoryElement ap-StoryElement--mb ap-StoryText\">En raison des fortes houles et des rafales de vent d\u00e9passant les 100 km\/h, des dizaines de ports \u00e0 travers le pays ont partiellement restreint leurs activit\u00e9s \u00e0 titre pr\u00e9ventif la semaine derni\u00e8re.<\/p>\n<p class=\"ap-StoryElement ap-StoryElement--mb ap-StoryText\">Les scientifiques avertissent que l&rsquo;intensit\u00e9 et la fr\u00e9quence des ph\u00e9nom\u00e8nes m\u00e9t\u00e9orologiques extr\u00eames \u00e0 l&rsquo;\u00e9chelle du globe augmenteront \u00e0 mesure que la plan\u00e8te continue de se r\u00e9chauffer en raison des \u00e9missions de combustibles fossiles.<\/p>\n","protected":false},"excerpt":{"rendered":"Au Chili, la politique migratoire bute contre la r\u00e9alit\u00e9 des fronti\u00e8res: \u00ab\u00a0Un show m\u00e9diatique qui favorise le discours&hellip;\n","protected":false},"author":2,"featured_media":183067,"comment_status":"","ping_status":"","sticky":false,"template":"","format":"standard","meta":{"footnotes":"","_share_on_mastodon":"0"},"categories":[9],"tags":[12,13,18,17,6796,49,56,3096,31,56664,30,259,32],"class_list":["post-183066","post","type-post","status-publish","format-standard","has-post-thumbnail","category-international","tag-be","tag-be-fr","tag-belgique","tag-belgium","tag-chili","tag-climat","tag-energie","tag-inondations","tag-international","tag-jose-antonio-kast","tag-meteo","tag-tempete","tag-world-news"],"share_on_mastodon":{"url":"https:\/\/pubeurope.com\/@be_fr\/116959158294273914","error":""},"_links":{"self":[{"href":"https:\/\/www.europesays.com\/be-fr\/wp-json\/wp\/v2\/posts\/183066","targetHints":{"allow":["GET"]}}],"collection":[{"href":"https:\/\/www.europesays.com\/be-fr\/wp-json\/wp\/v2\/posts"}],"about":[{"href":"https:\/\/www.europesays.com\/be-fr\/wp-json\/wp\/v2\/types\/post"}],"author":[{"embeddable":true,"href":"https:\/\/www.europesays.com\/be-fr\/wp-json\/wp\/v2\/users\/2"}],"replies":[{"embeddable":true,"href":"https:\/\/www.europesays.com\/be-fr\/wp-json\/wp\/v2\/comments?post=183066"}],"version-history":[{"count":0,"href":"https:\/\/www.europesays.com\/be-fr\/wp-json\/wp\/v2\/posts\/183066\/revisions"}],"wp:featuredmedia":[{"embeddable":true,"href":"https:\/\/www.europesays.com\/be-fr\/wp-json\/wp\/v2\/media\/183067"}],"wp:attachment":[{"href":"https:\/\/www.europesays.com\/be-fr\/wp-json\/wp\/v2\/media?parent=183066"}],"wp:term":[{"taxonomy":"category","embeddable":true,"href":"https:\/\/www.europesays.com\/be-fr\/wp-json\/wp\/v2\/categories?post=183066"},{"taxonomy":"post_tag","embeddable":true,"href":"https:\/\/www.europesays.com\/be-fr\/wp-json\/wp\/v2\/tags?post=183066"}],"curies":[{"name":"wp","href":"https:\/\/api.w.org\/{rel}","templated":true}]}}