{"id":183248,"date":"2026-07-21T20:40:25","date_gmt":"2026-07-21T20:40:25","guid":{"rendered":"https:\/\/www.europesays.com\/be-fr\/183248\/"},"modified":"2026-07-21T20:40:25","modified_gmt":"2026-07-21T20:40:25","slug":"la-princesse-delphine-porte-une-robe-rose-pronant-lamour-et-la-tolerance-a-la-fete-nationale","status":"publish","type":"post","link":"https:\/\/www.europesays.com\/be-fr\/183248\/","title":{"rendered":"La princesse Delphine porte une robe rose pr\u00f4nant l&rsquo;amour et la tol\u00e9rance \u00e0 la f\u00eate nationale"},"content":{"rendered":"<p class=\"wp-block-paragraph\">Depuis que la princesse Delphine participe aux c\u00e9l\u00e9brations de la f\u00eate nationale, la s\u0153ur du roi Philippe choisit de faire passer un message \u00e0 travers sa tenue. Ce 21 juillet 2026, la princesse Delphine a fait appel \u00e0 Bert De Coninck pour lui confectionner une tenue rose \u00e9voquant l\u2019amour et la tol\u00e9rance. <\/p>\n<p class=\"wp-block-paragraph\">Lire aussi : <a href=\"https:\/\/histoiresroyales.fr\/princesse-delphine-inaugure-premier-magasin-sephora-belgique\/\" rel=\"nofollow noopener\" target=\"_blank\">La princesse Delphine inaugure le premier magasin Sephora en Belgique<\/a><\/p>\n<p>Le cr\u00e9ateur Bert De Coninck a con\u00e7u la tenue rose de la princesse Delphine au d\u00e9fil\u00e9 de la f\u00eate nationale en 2026<\/p>\n<p class=\"wp-block-paragraph\"><a href=\"https:\/\/histoiresroyales.fr\/famille-royale-belge\/delphine-de-saxe-cobourg\/\" rel=\"nofollow noopener\" target=\"_blank\">Delphine de Saxe-Cobourg<\/a>, princesse de Belgique, a particip\u00e9 pour la premi\u00e8re fois aux c\u00e9l\u00e9brations de la f\u00eate nationale en 2021. Pour la sixi\u00e8me fois depuis son int\u00e9gration au sein de la famille royale belge, la demi-s\u0153ur du roi des Belges a assist\u00e9 au d\u00e9fil\u00e9 militaire dans une tenue choisie avec soin. Tandis que le roi Philippe, la princesse Astrid et le prince Laurent assistent \u00e0 l\u2019\u00e9v\u00e9nement dans une tenue militaire, la princesse Delphine a tout le loisir de choisir la tenue qui lui pla\u00eet. Delphine est une artiste et une femme engag\u00e9e, et elle profite toujours de l\u2019occasion qui lui est donn\u00e9e pour faire passer un message. <\/p>\n<p><img fetchpriority=\"high\" decoding=\"async\" width=\"1300\" height=\"1951\" src=\"https:\/\/www.europesays.com\/be-fr\/wp-content\/uploads\/2026\/07\/princesse-delphine-robe-rose-defile-fete-nationale-2026.jpg\" alt=\"\" class=\"wp-image-254985 lazyload\" data-  \/>La princesse Delphine porte une robe con\u00e7ue par Bert De Coninck, des gants de la Maison Rubaiyat, des chaussures Morob\u00e9 et un chapeau Elvis Pompilio (Photo : PPE\/Nieboer\/SIPA)<\/p>\n<p><img loading=\"lazy\" decoding=\"async\" width=\"1300\" height=\"2298\" src=\"https:\/\/www.europesays.com\/be-fr\/wp-content\/uploads\/2026\/07\/robe-princesse-delphine-rose-coeur-fete-nationale-2026.jpg\" alt=\"\" class=\"wp-image-254986 lazyload\" data-  \/>La robe de la princesse Delphine de Belgique vue de l\u2019arri\u00e8re (Photo : PPE\/Nieboer\/SIPA)<\/p>\n<p class=\"wp-block-paragraph\">Lire aussi : <a href=\"https:\/\/histoiresroyales.fr\/soiree-musclee-princesse-delphine-octogone-pfl-brussels-patrick-habirora\/\" rel=\"nofollow noopener\" target=\"_blank\">La soir\u00e9e muscl\u00e9e de la princesse Delphine au bord de l\u2019octogone pour soutenir la star belge du MMA<\/a><\/p>\n<p class=\"wp-block-paragraph\">Ce 21 juillet 2026, la princesse Delphine, 58 ans, portait une robe rose dont le d\u00e9collet\u00e9 et les \u00e9paulettes formaient un c\u0153ur sur la partie sup\u00e9rieure. Chaque ann\u00e9e, Delphine se tourne vers un cr\u00e9ateur belge pour mettre \u00e0 l\u2019honneur les talents du pays. Il y a un an, elle avait assist\u00e9 au d\u00e9fil\u00e9 de mode de l\u2019Acad\u00e9mie Sint-Niklaas avec sa fille, la princesse Jos\u00e9phine, et sa styliste, Jody Van Geert. C\u2019est l\u00e0 qu\u2019elle a eu un v\u00e9ritable coup de c\u0153ur pour le travail et l\u2019humour de Bert De Coninck, comme elle le raconte \u00e0 <a href=\"https:\/\/www.hln.be\/royalty\/ontwerper-van-red-sebastian-kleedt-prinses-delphine-voor-nationale-feestdag~ad231b1c\/\" target=\"_blank\" rel=\"noreferrer noopener nofollow\">HLN<\/a>.<\/p>\n<p><img loading=\"lazy\" decoding=\"async\" width=\"1300\" height=\"716\" src=\"https:\/\/www.europesays.com\/be-fr\/wp-content\/uploads\/2026\/07\/james-ohare-princesse-delphine-defile-militaire-fete-nationale-2026.jpg\" alt=\"\" class=\"wp-image-254984 lazyload\" data-  \/>La princesse Delphine et James O\u2019Hare install\u00e9s dans la tribune princi\u00e8re, \u00e0 c\u00f4t\u00e9 de la tribune royale<\/p>\n<p><img loading=\"lazy\" decoding=\"async\" width=\"953\" height=\"1400\" src=\"https:\/\/www.europesays.com\/be-fr\/wp-content\/uploads\/2026\/07\/robe-cuir-coeur-princesse-delphine-rose-953x1400.jpg\" alt=\"\" class=\"wp-image-254987 lazyload\" data-  \/>Delphine de Saxe-Cobourg porte une robe formant un c\u0153ur (Photo : PPE\/Nieboer\/SIPA)<\/p>\n<p class=\"wp-block-paragraph\">Lire aussi : <a href=\"https:\/\/histoiresroyales.fr\/quatre-enfants-roi-philippe-reine-mathilde-creent-engouement-te-deum-fete-nationale\/\" rel=\"nofollow noopener\" target=\"_blank\">Les quatre enfants du roi Philippe et de la reine Mathilde cr\u00e9ent l\u2019engouement au Te Deum de la f\u00eate nationale<\/a><\/p>\n<p class=\"wp-block-paragraph\">Dans sa jeune carri\u00e8re, Bert De Coninck a fait un stage dans l\u2019atelier de Raf Simons et aupr\u00e8s de la marque belge de chaussures Rombaut. Il avait \u00e9galement b\u00e9n\u00e9fici\u00e9 d\u2019un fameux coup de projecteurs en 2025, lorsqu\u2019il avait habill\u00e9 Red Sebastian, le candidat belge au Concours Eurovision de la chanson. Le cr\u00e9ateur s\u2019inspire aussi de l\u2019univers de David Bowie et partage des valeurs ch\u00e8res \u00e0 la princesse. Ensemble, ils ont donc d\u00e9cid\u00e9 de cr\u00e9er une tenue \u00e9voquant la tol\u00e9rance et l\u2019amour. <\/p>\n<p class=\"wp-block-paragraph\">La tenue est accessoiris\u00e9e avec des gants con\u00e7us par la Maison Rubaiyat, un atelier anversois de confection d\u2019accessoires en cuir. Sur les gants, est imprim\u00e9 le motif \u00ab love \u00bb dessin\u00e9 par la princesse Delphine. Sa tenue 100% belge comprend aussi un chapeau cr\u00e9\u00e9 par le c\u00e9l\u00e8bre modiste Elvis Pompilio, un sac sign\u00e9 Annelies Timmermans et des chaussures d\u2019une de ses marques f\u00e9tiches, Morob\u00e9.<\/p>\n<p>\t\t\t\t<img loading=\"lazy\" alt=\"Avatar photo\" src=\"https:\/\/www.europesays.com\/be-fr\/wp-content\/uploads\/2026\/07\/1784666425_158_cropped-nicolasfontaine-1-164x164.jpg\"  class=\"avatar avatar-164 photo lazyload\" height=\"164\" width=\"164\" decoding=\"async\"\/><br \/>\n\t\t<a href=\"https:\/\/histoiresroyales.fr\/author\/royaliste123\/\" rel=\"nofollow noopener\" target=\"_blank\">Nicolas Fontaine<\/a><br \/>\n\t\t\t\t\tR\u00e9dacteur en chef<\/p>\n<p>Nicolas Fontaine est un journaliste sp\u00e9cialis\u00e9 dans les familles royales et l&rsquo;histoire des monarchies europ\u00e9ennes et mondiales. Nicolas Fontaine a fond\u00e9 Histoires Royales, le premier m\u00e9dia en ligne d\u00e9di\u00e9 \u00e0 l&rsquo;actualit\u00e9 des t\u00eates couronn\u00e9es en 2019.&#13;<br \/>\nnicolas@histoiresroyales.fr<\/p>\n<p>\t\t\t\t\t\t\t<a href=\"https:\/\/twitter.com\/ActusRoyales\" class=\"boxed-icon fill twitter\" target=\"_blank\" rel=\"nofollow noopener\"><\/a><br \/>\n\t\t\t\t\t\t\t\t\t<a href=\"https:\/\/www.instagram.com\/histoiresroyales.fr\/\" class=\"boxed-icon fill instagram\" target=\"_blank\" rel=\"nofollow noopener\"><\/a><\/p>\n<p>\t\t\t\t\t\t\t\t\t\t\t\t\t<script async src=\"https:\/\/platform.twitter.com\/widgets.js\" charset=\"utf-8\"><\/script><script async src=\"\/\/www.instagram.com\/embed.js\"><\/script><\/p>\n","protected":false},"excerpt":{"rendered":"Depuis que la princesse Delphine participe aux c\u00e9l\u00e9brations de la f\u00eate nationale, la s\u0153ur du roi Philippe choisit&hellip;\n","protected":false},"author":2,"featured_media":183249,"comment_status":"","ping_status":"","sticky":false,"template":"","format":"standard","meta":{"footnotes":"","_share_on_mastodon":"0"},"categories":[8],"tags":[10,12,13,18,17,56691,10978,14529,11,20072],"class_list":["post-183248","post","type-post","status-publish","format-standard","has-post-thumbnail","category-actualites","tag-actualites","tag-be","tag-be-fr","tag-belgique","tag-belgium","tag-cru00e9ateur","tag-delphine-de-saxe-cobourg","tag-du00e9filu00e9","tag-news","tag-tenue"],"share_on_mastodon":{"url":"https:\/\/pubeurope.com\/@be_fr\/116959905842426118","error":""},"_links":{"self":[{"href":"https:\/\/www.europesays.com\/be-fr\/wp-json\/wp\/v2\/posts\/183248","targetHints":{"allow":["GET"]}}],"collection":[{"href":"https:\/\/www.europesays.com\/be-fr\/wp-json\/wp\/v2\/posts"}],"about":[{"href":"https:\/\/www.europesays.com\/be-fr\/wp-json\/wp\/v2\/types\/post"}],"author":[{"embeddable":true,"href":"https:\/\/www.europesays.com\/be-fr\/wp-json\/wp\/v2\/users\/2"}],"replies":[{"embeddable":true,"href":"https:\/\/www.europesays.com\/be-fr\/wp-json\/wp\/v2\/comments?post=183248"}],"version-history":[{"count":0,"href":"https:\/\/www.europesays.com\/be-fr\/wp-json\/wp\/v2\/posts\/183248\/revisions"}],"wp:featuredmedia":[{"embeddable":true,"href":"https:\/\/www.europesays.com\/be-fr\/wp-json\/wp\/v2\/media\/183249"}],"wp:attachment":[{"href":"https:\/\/www.europesays.com\/be-fr\/wp-json\/wp\/v2\/media?parent=183248"}],"wp:term":[{"taxonomy":"category","embeddable":true,"href":"https:\/\/www.europesays.com\/be-fr\/wp-json\/wp\/v2\/categories?post=183248"},{"taxonomy":"post_tag","embeddable":true,"href":"https:\/\/www.europesays.com\/be-fr\/wp-json\/wp\/v2\/tags?post=183248"}],"curies":[{"name":"wp","href":"https:\/\/api.w.org\/{rel}","templated":true}]}}