{"id":184548,"date":"2026-07-22T20:24:35","date_gmt":"2026-07-22T20:24:35","guid":{"rendered":"https:\/\/www.europesays.com\/be-fr\/184548\/"},"modified":"2026-07-22T20:24:35","modified_gmt":"2026-07-22T20:24:35","slug":"cetait-un-frere-david-baiot-plus-belle-la-vie-rend-hommage-a-marwan-berreni-disparu-en-2023","status":"publish","type":"post","link":"https:\/\/www.europesays.com\/be-fr\/184548\/","title":{"rendered":"\u00abC\u2019\u00e9tait un fr\u00e8re\u00bb : David Ba\u00efot (Plus belle la vie) rend hommage \u00e0 Marwan Berreni, disparu en 2023"},"content":{"rendered":"<p>\n    Le com\u00e9dien de 43 ans s\u2019est exprim\u00e9 vendredi dernier sur le d\u00e9c\u00e8s de son ancien camarade de jeu dans le feuilleton marseillais, d\u00e9sormais diffus\u00e9 sur TF1.<\/p>\n<p class=\"fig-paragraph\">Le 12 octobre 2023, la famille de\u00a0<a href=\"https:\/\/tvmag.lefigaro.fr\/programme-tv\/programme\/plus-belle-la-vie-d1343022383\/saison-15\" data-gtm-custom-categorie=\"navigation\" data-gtm-custom-action=\"crossclick\" data-gtm-custom-label=\"Contextuel\" data-gtm-event=\"customEventSPE\" rel=\"nofollow noopener\" target=\"_blank\">Plus belle la vie<\/a> \u00a0pleurait la disparition de\u00a0<a href=\"http:\/\/tvmag.lefigaro.fr\/programme-tv\/actu-tele\/beaucoup-de-choses-fausses-sont-sorties-dounia-coesens-critique-la-mediatisation-de-l-affaire-marwan-berreni-20241022\" data-fig-type=\"Article\" data-gtm-custom-categorie=\"navigation\" data-gtm-custom-action=\"crossclick\" data-gtm-custom-label=\"Contextuel\" data-gtm-event=\"customEventSPE\" data-fig-domain=\"TVMAG\" rel=\"nofollow noopener\" target=\"_blank\">Marwan Berreni<\/a>, l\u2019acteur qui incarnait Abdel Fedala dans la s\u00e9rie culte, anciennement diffus\u00e9 sur France 3. Quelques mois plus t\u00f4t, an ao\u00fbt, le com\u00e9dien \u00e9tait soup\u00e7onn\u00e9 d\u2019avoir provoqu\u00e9 un accident de la route \u00e0 M\u00e2con, au cours duquel une femme de 38 ans avait \u00e9t\u00e9 gri\u00e8vement bless\u00e9e. Port\u00e9 disparu depuis ces faits, il avait \u00e9t\u00e9 retrouv\u00e9 sans vie dans une ferme abandonn\u00e9e du Rh\u00f4ne en octobre. L\u2019enqu\u00eate a conclu \u00e0 un\u00a0<a href=\"http:\/\/tvmag.lefigaro.fr\/programme-tv\/actu-tele\/disparition-de-marwan-berreni-plus-belle-la-vie-le-corps-retrouve-pendu-est-celui-de-l-acteur-20231019\" data-fig-type=\"Article\" data-gtm-custom-categorie=\"navigation\" data-gtm-custom-action=\"crossclick\" data-gtm-custom-label=\"Contextuel\" data-gtm-event=\"customEventSPE\" data-fig-domain=\"TVMAG\" rel=\"nofollow noopener\" target=\"_blank\">suicide<\/a>, mettant un terme \u00e0 plusieurs mois d\u2019incertitude pour ses proches et ses camarades de tournage.<\/p>\n<p class=\"fig-paragraph\">Son camarade de toujours, David Ba\u00efot, s\u2019est ainsi exprim\u00e9 sur cette tragique disparition au micro de Cin\u00e9 Massilia. L\u2019interpr\u00e8te de Djawad Sangha a partag\u00e9 l\u2019\u00e9cran avec Marwan Berreni pendant pr\u00e8s de quinze ans dans le feuilleton marseillais. Une profonde amiti\u00e9 est ainsi n\u00e9e de cette collaboration. \u00abC\u2019\u00e9tait un fr\u00e8re\u00bb, a d\u2019abord confi\u00e9 l\u2019acteur, visiblement \u00e9mu. Avec la voix tremblante, le com\u00e9dien de 43 ans a poursuivi en expliquant que son ami disparu lui avait transmis de nombreuses passions, notamment celle pour le cin\u00e9ma cor\u00e9en. \u00abIl m\u2019a fait d\u00e9couvrir plein de choses. C\u2019est quelqu\u2019un avec qui je me sentais bien, avec qui on rigolait \u00e9norm\u00e9ment&#8230;On s\u2019\u00e9nervait aussi, on se prenait la t\u00eate. Il me manque \u00e9norm\u00e9ment. On a tous perdu une belle personne\u00bb , a-t-il racont\u00e9. Avant de conclure\u00a0: \u00ab\u00c7a me touche \u00e9norm\u00e9ment car c\u2019est encore frais de parler de lui\u00bb.<\/p>\n<p>                                                <a class=\"fig-a11y-skip\" href=\"#fig-a11y-skip-main-inarticle\" is=\"fig-a11y-skip\" data-trigger-mode=\"visible-once\"><br \/>\n    Passer la publicit\u00e9<br \/>\n<\/a>            <\/p>\n<p>                                                \u00abIl nous manque\u00bb<\/p>\n<p class=\"fig-paragraph\">Les hommages \u00e9taient nombreux au moment de la disparition du com\u00e9dien en 2023.\u00a0<a href=\"http:\/\/tvmag.lefigaro.fr\/programme-tv\/people\/parce-que-l-on-t-aime-au-dela-fabienne-carat-laurent-kerusore-cecilia-hornus-les-stars-de-plus-belle-la-vie-pleurent-michel-cordes-20230506\" data-fig-type=\"Article\" data-gtm-custom-categorie=\"navigation\" data-gtm-custom-action=\"crossclick\" data-gtm-custom-label=\"Contextuel\" data-gtm-event=\"customEventSPE\" data-fig-domain=\"TVMAG\" rel=\"nofollow noopener\" target=\"_blank\">Laurent K\u00e9rusor\u00e9<\/a>, interpr\u00e8te de Thomas Marci, barman incontournable du Mistral, s\u2019\u00e9tait lui aussi exprim\u00e9 sur le d\u00e9c\u00e8s de son ancien camarade de jeu. \u00abMichel Cordes (un autre acteur de la s\u00e9rie qui s\u2019est suicid\u00e9), ndlr.) et Marwan Berreni sont partis coup sur coup (&#8230;) Pour Marwan, c\u2019est encore autre chose. Une douleur diff\u00e9rente. Mais c\u2019\u00e9tait aussi son choix, que je respecte. Il nous manque. Ce que je peux faire aujourd\u2019hui, c\u2019est les garder tous les deux dans mon histoire, et ne jamais les oublier. C\u2019est mon devoir\u00bb, avait-il sobrement expliqu\u00e9 \u00e0 Pure People, en ao\u00fbt 2025.<\/p>\n","protected":false},"excerpt":{"rendered":"Le com\u00e9dien de 43 ans s\u2019est exprim\u00e9 vendredi dernier sur le d\u00e9c\u00e8s de son ancien camarade de jeu&hellip;\n","protected":false},"author":2,"featured_media":184549,"comment_status":"","ping_status":"","sticky":false,"template":"","format":"standard","meta":{"footnotes":"","_share_on_mastodon":"0"},"categories":[102],"tags":[12,13,18,17,129,128,96,95,1180,56975,109,1447,380],"class_list":["post-184548","post","type-post","status-publish","format-standard","has-post-thumbnail","category-people","tag-be","tag-be-fr","tag-belgique","tag-belgium","tag-celebrities","tag-celebrity","tag-divertissement","tag-entertainment","tag-france-3","tag-marwan-berreni","tag-people","tag-plus-belle-la-vie","tag-tf1"],"share_on_mastodon":{"url":"https:\/\/pubeurope.com\/@be_fr\/116965504797340300","error":""},"_links":{"self":[{"href":"https:\/\/www.europesays.com\/be-fr\/wp-json\/wp\/v2\/posts\/184548","targetHints":{"allow":["GET"]}}],"collection":[{"href":"https:\/\/www.europesays.com\/be-fr\/wp-json\/wp\/v2\/posts"}],"about":[{"href":"https:\/\/www.europesays.com\/be-fr\/wp-json\/wp\/v2\/types\/post"}],"author":[{"embeddable":true,"href":"https:\/\/www.europesays.com\/be-fr\/wp-json\/wp\/v2\/users\/2"}],"replies":[{"embeddable":true,"href":"https:\/\/www.europesays.com\/be-fr\/wp-json\/wp\/v2\/comments?post=184548"}],"version-history":[{"count":0,"href":"https:\/\/www.europesays.com\/be-fr\/wp-json\/wp\/v2\/posts\/184548\/revisions"}],"wp:featuredmedia":[{"embeddable":true,"href":"https:\/\/www.europesays.com\/be-fr\/wp-json\/wp\/v2\/media\/184549"}],"wp:attachment":[{"href":"https:\/\/www.europesays.com\/be-fr\/wp-json\/wp\/v2\/media?parent=184548"}],"wp:term":[{"taxonomy":"category","embeddable":true,"href":"https:\/\/www.europesays.com\/be-fr\/wp-json\/wp\/v2\/categories?post=184548"},{"taxonomy":"post_tag","embeddable":true,"href":"https:\/\/www.europesays.com\/be-fr\/wp-json\/wp\/v2\/tags?post=184548"}],"curies":[{"name":"wp","href":"https:\/\/api.w.org\/{rel}","templated":true}]}}