{"id":185112,"date":"2026-07-23T12:25:15","date_gmt":"2026-07-23T12:25:15","guid":{"rendered":"https:\/\/www.europesays.com\/be-fr\/185112\/"},"modified":"2026-07-23T12:25:15","modified_gmt":"2026-07-23T12:25:15","slug":"nous-avons-envie-de-parler-de-facon-positive-de-choisir-de-voir-le-bon-cote-des-choses-le-groupe-lanesterien-cosmic-dawa-prepare-son-premier-album","status":"publish","type":"post","link":"https:\/\/www.europesays.com\/be-fr\/185112\/","title":{"rendered":"\u00ab\u00a0Nous avons envie de parler de fa\u00e7on positive, de choisir de voir le bon c\u00f4t\u00e9 des choses\u00a0\u00bb\u00a0: le groupe lanest\u00e9rien Cosmic Dawa pr\u00e9pare son premier album"},"content":{"rendered":"<p>Apr\u00e8s trois ann\u00e9es de concerts et de compositions, le groupe lanest\u00e9rien Cosmic Dawa s\u2019appr\u00eate \u00e0 franchir un cap avec la sortie de son tout premier album. Les fr\u00e8res Nicolas et Benjamin Kervazo, entour\u00e9s notamment de leur fr\u00e8re Gu\u00e9nol\u00e9, sont actuellement dans la derni\u00e8re ligne droite de ce projet qui r\u00e9unira les titres cr\u00e9\u00e9s depuis la naissance de la formation. \u00ab\u00a0Nous sommes en phase d\u2019enregistrement et de mixage\u00a0\u00bb, expliquent-ils. Une partie du travail est r\u00e9alis\u00e9e par le groupe lui-m\u00eame, tandis que le mastering est confi\u00e9 \u00e0 Julien Courtois. Cosmic Dawa b\u00e9n\u00e9ficie \u00e9galement du soutien de l\u2019Hydrophone, \u00e0 Lorient, o\u00f9 les musiciens r\u00e9p\u00e8tent r\u00e9guli\u00e8rement.<\/p>\n<p>Toto, Genesis ou Deep Purple en inspirations<\/p>\n<p>L\u2019album, qui sera propos\u00e9 en CD et en vinyle, refl\u00e9tera l\u2019univers du groupe\u00a0: un rock fran\u00e7ais aux accents pop et progressifs, inspir\u00e9 de formations comme Toto, Genesis ou Deep Purple. \u00ab\u00a0Nous avons envie de parler de fa\u00e7on positive, de choisir de voir le bon c\u00f4t\u00e9 des choses\u00a0\u00bb, r\u00e9sument les deux fr\u00e8res, qui assurent ensemble les compositions. Pour financer cette premi\u00e8re production, une campagne de pr\u00e9vente a \u00e9t\u00e9 lanc\u00e9e, permettant au public de r\u00e9server le disque tout en contribuant \u00e0 son aboutissement.<\/p>\n<p>Pr\u00e9sentation de l\u2019album le 7 novembre<\/p>\n<p>Cette ann\u00e9e, Cosmic Dawa a volontairement limit\u00e9 le nombre de concerts afin de consacrer davantage de temps \u00e0 l\u2019album. Le groupe garde toutefois un excellent souvenir de sa prestation \u00e0 la F\u00eate de la musique de Vannes, o\u00f9 un public nombreux est rest\u00e9 \u00e9couter ses compositions. \u00ab\u00a0Quand les gens r\u00e9agissent, cela change compl\u00e8tement notre mani\u00e8re de jouer\u00a0\u00bb, confient les musiciens. Apr\u00e8s un concert pr\u00e9vu le 2 ao\u00fbt \u00e0 Inzinzac-Lochrist puis un autre le 26 ao\u00fbt \u00e0 Loud\u00e9ac, le grand rendez-vous est fix\u00e9 au 7 novembre, \u00e0 la salle du Stang, \u00e0 Pluvigner. \u00c0 l\u2019issue d\u2019une r\u00e9sidence, Cosmic Dawa y pr\u00e9sentera officiellement son premier album lors d\u2019un concert en quintet. Deux clips, actuellement en pr\u00e9paration, accompagneront \u00e9galement cette nouvelle \u00e9tape dans l\u2019histoire du groupe.<\/p>\n<p>Pratique<\/p>\n<p class=\"note\">Pr\u00e9ventes disponibles sur le site Helloasso.<\/p>\n","protected":false},"excerpt":{"rendered":"Apr\u00e8s trois ann\u00e9es de concerts et de compositions, le groupe lanest\u00e9rien Cosmic Dawa s\u2019appr\u00eate \u00e0 franchir un cap&hellip;\n","protected":false},"author":2,"featured_media":185113,"comment_status":"","ping_status":"","sticky":false,"template":"","format":"standard","meta":{"footnotes":"","_share_on_mastodon":"0"},"categories":[102],"tags":[12,13,18,17,129,128,96,95,21826,109],"class_list":["post-185112","post","type-post","status-publish","format-standard","has-post-thumbnail","category-people","tag-be","tag-be-fr","tag-belgique","tag-belgium","tag-celebrities","tag-celebrity","tag-divertissement","tag-entertainment","tag-lanester","tag-people"],"share_on_mastodon":{"url":"https:\/\/pubeurope.com\/@be_fr\/116969283633799540","error":""},"_links":{"self":[{"href":"https:\/\/www.europesays.com\/be-fr\/wp-json\/wp\/v2\/posts\/185112","targetHints":{"allow":["GET"]}}],"collection":[{"href":"https:\/\/www.europesays.com\/be-fr\/wp-json\/wp\/v2\/posts"}],"about":[{"href":"https:\/\/www.europesays.com\/be-fr\/wp-json\/wp\/v2\/types\/post"}],"author":[{"embeddable":true,"href":"https:\/\/www.europesays.com\/be-fr\/wp-json\/wp\/v2\/users\/2"}],"replies":[{"embeddable":true,"href":"https:\/\/www.europesays.com\/be-fr\/wp-json\/wp\/v2\/comments?post=185112"}],"version-history":[{"count":0,"href":"https:\/\/www.europesays.com\/be-fr\/wp-json\/wp\/v2\/posts\/185112\/revisions"}],"wp:featuredmedia":[{"embeddable":true,"href":"https:\/\/www.europesays.com\/be-fr\/wp-json\/wp\/v2\/media\/185113"}],"wp:attachment":[{"href":"https:\/\/www.europesays.com\/be-fr\/wp-json\/wp\/v2\/media?parent=185112"}],"wp:term":[{"taxonomy":"category","embeddable":true,"href":"https:\/\/www.europesays.com\/be-fr\/wp-json\/wp\/v2\/categories?post=185112"},{"taxonomy":"post_tag","embeddable":true,"href":"https:\/\/www.europesays.com\/be-fr\/wp-json\/wp\/v2\/tags?post=185112"}],"curies":[{"name":"wp","href":"https:\/\/api.w.org\/{rel}","templated":true}]}}