{"id":185956,"date":"2026-07-24T09:14:17","date_gmt":"2026-07-24T09:14:17","guid":{"rendered":"https:\/\/www.europesays.com\/be-fr\/185956\/"},"modified":"2026-07-24T09:14:17","modified_gmt":"2026-07-24T09:14:17","slug":"le-contre-pied-de-jean-marc-gheraille-tour-de-france-on-saura-tout-tout-tout-sur-paul-seixas","status":"publish","type":"post","link":"https:\/\/www.europesays.com\/be-fr\/185956\/","title":{"rendered":"Le Contre-pied de Jean-Marc Gh\u00e9raille\u00a0&#8211; Tour de France\u00a0: On saura tout, tout, tout sur Paul Seixas"},"content":{"rendered":"<p class=\"ap-StoryElement ap-StoryElement--mb ap-StoryText\">Depuis des mois, les m\u00e9dias fran\u00e7ais dans une belle unanimit\u00e9 en font des tonnes. En allant dans la surench\u00e8re de superlatifs mais aussi dans la recherche de d\u00e9tails sur la vie (forc\u00e9ment encore courte) du jeune prodige.<\/p>\n<p><a href=\"https:\/\/www.dhnet.be\/sports\/cyclisme\/2026\/07\/22\/mauvaises-sensations-et-mauvaise-humeur-jasper-philipsen-a-bien-cru-quil-ne-gagnerait-pas-sur-ce-tour-de-france-2026-ESNM433LBVGMDK74BPN243SPRM\/\" target=\"_self\" class=\"ap-StoryInterstitialLink ap-StoryElement ap-StoryElement--mb\" rel=\"nofollow noopener\">Mauvaises sensations et mauvaise humeur : Jasper Philipsen a bien cru qu&rsquo;il ne gagnerait pas sur ce Tour de France 2026<\/a><\/p>\n<p class=\"ap-StoryElement ap-StoryElement--mb ap-StoryText\">Nous avons eu droit dans le d\u00e9sordre \u00e0 : ses parents (\u00e9videmment), son premier entra\u00eeneur et l&rsquo;actuel, son grand-p\u00e8re, sa petite amie, son kin\u00e9 personnel, son premier v\u00e9lo, sa premi\u00e8re victoire, ses premiers adversaires, ses ambitions, son staff \u00e9largi (attach\u00e9 de presse perso y compris), ses go\u00fbts alimentaires, ses vacances pr\u00e9f\u00e9r\u00e9es, ses entra\u00eenements, ses stages en altitude, son obsession du poids, l&rsquo;obsession du poids de son v\u00e9lo (avec une peinture all\u00e9g\u00e9e, si, si je vous jure), le soutien du Pr\u00e9sident de la R\u00e9publique Emmanuel Macron qui \u00ab\u00a0refuse\u00a0\u00bb qu&rsquo;il quitte une \u00e9quipe fran\u00e7aise (pour rappel, il faut payer un solide salaire\u2026)\u2026<\/p>\n<p class=\"ap-StoryElement ap-StoryElement--mb ap-StoryText\">Il nous manque sa premi\u00e8re petite amie (\u00ab\u00a0il pr\u00e9f\u00e9rait le v\u00e9lo \u00e0 sortir au cin\u00e9ma\u00a0\u00bb), son chien (\u00ab\u00a0j&rsquo;aboie quand il gagne\u00a0\u00bb), la caissi\u00e8re du supermarch\u00e9 o\u00f9 il fait ses courses (\u00a0\u00bb il me sourit quand je lui rends la monnaie\u00a0\u00bb)\u2026<\/p>\n<p class=\"ap-StoryElement ap-StoryElement--mb ap-StoryText\">Nous sommes \u00e9videmment sur le ton de l&rsquo;humour et du second degr\u00e9 belge mais cela montre la pression de tout un pays sur les \u00e9paules d&rsquo;un gamin. Install\u00e9 sans le demander sur le toit du monde, il ne peut que d\u00e9cevoir. Actuellement quatri\u00e8me, il suit; ce qui est d\u00e9j\u00e0 exceptionnel mais sans r\u00e9ellement influer sur la course. Qui a cru qu&rsquo;il pouvait gagner le <a href=\"https:\/\/www.dhnet.be\/sports\/cyclisme\/tour-de-france\/2026\/07\/18\/paul-seixas-nen-finit-plus-de-surprendre-ce-tour-de-france-est-magnifiquement-dur-3NJZK6D3QNGRFHCKQ6QUFCY3AE\/\" target=\"_self\" rel=\"nofollow noopener\">Tour de France<\/a> d\u00e8s sa premi\u00e8re apparition ? M\u00eame pas lui\u2026<\/p>\n","protected":false},"excerpt":{"rendered":"Depuis des mois, les m\u00e9dias fran\u00e7ais dans une belle unanimit\u00e9 en font des tonnes. En allant dans la&hellip;\n","protected":false},"author":2,"featured_media":185957,"comment_status":"","ping_status":"","sticky":false,"template":"","format":"standard","meta":{"footnotes":"","_share_on_mastodon":"0"},"categories":[81],"tags":[12,13,18,17,20372,57356,84,57357,4075],"class_list":["post-185956","post","type-post","status-publish","format-standard","has-post-thumbnail","category-sports","tag-be","tag-be-fr","tag-belgique","tag-belgium","tag-julian-alaphilippe","tag-romain-bardet","tag-sports","tag-thibaut-pinot","tag-tour-de-france"],"share_on_mastodon":{"url":"https:\/\/pubeurope.com\/@be_fr\/116974194820092763","error":""},"_links":{"self":[{"href":"https:\/\/www.europesays.com\/be-fr\/wp-json\/wp\/v2\/posts\/185956","targetHints":{"allow":["GET"]}}],"collection":[{"href":"https:\/\/www.europesays.com\/be-fr\/wp-json\/wp\/v2\/posts"}],"about":[{"href":"https:\/\/www.europesays.com\/be-fr\/wp-json\/wp\/v2\/types\/post"}],"author":[{"embeddable":true,"href":"https:\/\/www.europesays.com\/be-fr\/wp-json\/wp\/v2\/users\/2"}],"replies":[{"embeddable":true,"href":"https:\/\/www.europesays.com\/be-fr\/wp-json\/wp\/v2\/comments?post=185956"}],"version-history":[{"count":0,"href":"https:\/\/www.europesays.com\/be-fr\/wp-json\/wp\/v2\/posts\/185956\/revisions"}],"wp:featuredmedia":[{"embeddable":true,"href":"https:\/\/www.europesays.com\/be-fr\/wp-json\/wp\/v2\/media\/185957"}],"wp:attachment":[{"href":"https:\/\/www.europesays.com\/be-fr\/wp-json\/wp\/v2\/media?parent=185956"}],"wp:term":[{"taxonomy":"category","embeddable":true,"href":"https:\/\/www.europesays.com\/be-fr\/wp-json\/wp\/v2\/categories?post=185956"},{"taxonomy":"post_tag","embeddable":true,"href":"https:\/\/www.europesays.com\/be-fr\/wp-json\/wp\/v2\/tags?post=185956"}],"curies":[{"name":"wp","href":"https:\/\/api.w.org\/{rel}","templated":true}]}}