{"id":188095,"date":"2026-07-26T10:58:27","date_gmt":"2026-07-26T10:58:27","guid":{"rendered":"https:\/\/www.europesays.com\/be-fr\/188095\/"},"modified":"2026-07-26T10:58:27","modified_gmt":"2026-07-26T10:58:27","slug":"le-gotha-reuni-dans-les-alpes-pour-le-mariage-dun-prince-indien-et-dune-comtesse-descendante-des-rois-de-baviere","status":"publish","type":"post","link":"https:\/\/www.europesays.com\/be-fr\/188095\/","title":{"rendered":"Le Gotha r\u00e9uni dans les Alpes pour le mariage d&rsquo;un prince indien et d&rsquo;une comtesse descendante des rois de Bavi\u00e8re"},"content":{"rendered":"<p class=\"wp-block-paragraph\">La noblesse europ\u00e9enne s\u2019est retrouv\u00e9e au pied des Alpes autrichiennes pour c\u00e9l\u00e9brer le mariage d\u2019un prince indien et d\u2019une descendante des rois de Bavi\u00e8re, qui est aussi une descendante de la puissante famille am\u00e9ricaine des Vanderbilt. Dhruv Raj Singh et la comtesse Marie von und zu Eltz se sont mari\u00e9s dans le rite catholique, en pr\u00e9sence de membres du Gotha et du cousin du mari\u00e9, le maharaja de Jaipur. <\/p>\n<p class=\"wp-block-paragraph\">Lire aussi : <a href=\"https:\/\/histoiresroyales.fr\/photos-mariage-comtesse-emma-solms-laubach-comte-mauritz-douglas-archiducs-dautriche\/\" rel=\"nofollow noopener\" target=\"_blank\">Le mariage de la comtesse Emma et du comte Mauritz en pr\u00e9sence des archiducs d\u2019Autriche<\/a><\/p>\n<p>Dhruv Raj Singh et la comtesse Marie von und zu Eltz se marient en Styrie devant un parterre de nobles invit\u00e9s<\/p>\n<p class=\"wp-block-paragraph\">Le mariage de Dhruv Raj Singh et de la comtesse Marie von und zu Eltz a r\u00e9uni un parterre d\u2019invit\u00e9s des plus h\u00e9t\u00e9roclites. Le prince Rafael d\u2019Orl\u00e9ans-Bragance, actuel prince imp\u00e9rial du Br\u00e9sil, le prince Jaime de Bourbon des Deux-Siciles, duc de Noto, ou encore le maharaja de Jaipur ont assist\u00e9 \u00e0 ce mariage c\u00e9l\u00e9br\u00e9 dans le rite catholique, en l\u2019\u00e9glise paroissiale de la Conversion de saint Paul \u00e0 Bad Aussee, en Styrie.<\/p>\n<p><img fetchpriority=\"high\" decoding=\"async\" width=\"1400\" height=\"1012\" src=\"https:\/\/www.europesays.com\/be-fr\/wp-content\/uploads\/2026\/07\/mariage-marie-eltz-pere-peter.jpg\" alt=\"\" class=\"wp-image-255225 lazyload\" data-  \/>La mari\u00e9e, la comtesse Marie von und zu Eltz, arrive \u00e0 l\u2019\u00e9glise avec son p\u00e8re, le comte Peter (Photo : Frank Rollitz\/ABR-Pictures)<\/p>\n<p><img loading=\"lazy\" decoding=\"async\" width=\"896\" height=\"1400\" src=\"https:\/\/www.europesays.com\/be-fr\/wp-content\/uploads\/2026\/07\/comtesse-eltz-mariage-indien-896x1400.jpg\" alt=\"\" class=\"wp-image-255212 lazyload\" data-  \/>La m\u00e8re et la s\u0153ur de la mari\u00e9e : la comtesse Georgina et la comtesse Alexandra von und zu Eltz (Photo : Frank Rollitz\/ABR-Pictures)<\/p>\n<p><img loading=\"lazy\" decoding=\"async\" width=\"1034\" height=\"1400\" src=\"https:\/\/www.europesays.com\/be-fr\/wp-content\/uploads\/2026\/07\/eglise-pied-alpes-mariage-singh-eltz-1034x1400.jpg\" alt=\"\" class=\"wp-image-255224 lazyload\" data-  \/>L\u2019\u00e9glise paroissiale de la Conversion de saint Paul \u00e0 Bad Aussee, en Autriche, a accueilli le mariage de Dhruv et Marie (Photo : Frank Rollitz\/ABR-Pictures)<\/p>\n<p class=\"wp-block-paragraph\">Lire aussi : <a href=\"https:\/\/histoiresroyales.fr\/mariage-comte-friedrich-de-schonburg-fils-princesse-marie-luise-de-prusse-amanda-lange\/\" rel=\"nofollow noopener\" target=\"_blank\">Le mariage du comte Friedrich de Sch\u00f6nburg, fils de la princesse Marie Louise de Prusse, \u00e0 Madrid<\/a><\/p>\n<p class=\"wp-block-paragraph\">Le mari\u00e9, qui porte le titre de Kunwar, un titre de prince dans la tradition rajpout, est un cousin \u00e9loign\u00e9 du prince Padmanabh Sing, actuel maharaja de Jaipur par sa m\u00e8re. Kunwar Dhruv Raj Singh est le fils du colonel Bhawani Singh de Doongri et de Shivina Kumari. Il descend de l\u2019ancienne famille noble rajput de Doongri. La mari\u00e9e est la comtesse Marie Ghislaine von und zu Eltz genannt Faust von Stromberg, fille du comte Peter von Eltz et de la princesse Georgina de Quadt-Wykradt-Isny. <\/p>\n<p><img loading=\"lazy\" decoding=\"async\" width=\"886\" height=\"1400\" src=\"https:\/\/www.europesays.com\/be-fr\/wp-content\/uploads\/2026\/07\/comtesse-arco-zinneberg-temoin-mariage-886x1400.jpg\" alt=\"\" class=\"wp-image-255219 lazyload\" data-  \/>La comtesse Marie-Gabrielle d\u2019Arco-Zinneberg, arri\u00e8re-petite-fille de l\u2019empereur Charles 1er d\u2019Autriche, a \u00e9t\u00e9 choisie comme t\u00e9moin du mariage (Photo : Frank Rollitz\/ABR-Pictures)<\/p>\n<p><img loading=\"lazy\" decoding=\"async\" width=\"935\" height=\"1400\" src=\"https:\/\/www.europesays.com\/be-fr\/wp-content\/uploads\/2026\/07\/prince-landgrav-furstenberg-935x1400.jpg\" alt=\"\" class=\"wp-image-255220 lazyload\" data-  \/>Le prince et landgrave Johannes de Fu\u0308rstenberg avec son \u00e9pouse, la princesse et landgravine Stephanie (Photo : Frank Rollitz\/ABR-Pictures)<\/p>\n<p><img loading=\"lazy\" decoding=\"async\" width=\"924\" height=\"1400\" src=\"https:\/\/www.europesays.com\/be-fr\/wp-content\/uploads\/2026\/07\/prince-rafael-orleans-bragance-margherita-delle-piane-mariage-fiancailles-singh-inde-924x1400.jpg\" alt=\"\" class=\"wp-image-255222 lazyload\" data-  \/>Le prince Rafael d\u2019Orl\u00e9ans-Bragance et sa fianc\u00e9e, Margherita delle Piane, au mariage de la comtesse Marie von Eltz et Dhruv Raj Singh (Photo : Frank Rollitz\/ABR-Pictures)<\/p>\n<p class=\"wp-block-paragraph\">La grand-m\u00e8re maternelle de la mari\u00e9e \u00e9tait la princesse Marie-Charlotte de Bavi\u00e8re, une arri\u00e8re-petite-fille de Louis III, le dernier roi de Bavi\u00e8re. Elle est donc cousine d\u2019une grande partie des familles royales europ\u00e9ennes actuelles, ayant parmi ses anc\u00eatres des rois du Portugal, des rois d\u2019Espagne (eux-m\u00eames descendants des rois de France), des empereurs du Saint-Empire ainsi que de nombreux membres de la maison de Habsbourg-Lorraine.<\/p>\n<p><img loading=\"lazy\" decoding=\"async\" width=\"951\" height=\"1400\" src=\"https:\/\/www.europesays.com\/be-fr\/wp-content\/uploads\/2026\/07\/mariage-catholique-indien-noble-autriche-baviere-951x1400.jpg\" alt=\"\" class=\"wp-image-255213 lazyload\" data-  \/>Mariage catholique de Dhruv Raj Singh et de la comtesse Marie von und zu Eltz (Photo : Frank Rollitz\/ABR-Pictures)<\/p>\n<p><img loading=\"lazy\" decoding=\"async\" width=\"1313\" height=\"1400\" src=\"https:\/\/www.europesays.com\/be-fr\/wp-content\/uploads\/2026\/07\/von-eltz-baviere-gladys-vanderbilt-1313x1400.jpg\" alt=\"\" class=\"wp-image-255206 lazyload\" data-  \/>Quelques anc\u00eatres royaux de la comtesse Marie von und zu Eltz ainsi que son lien de parent\u00e9 avec Cornelius Vanderbilt II (Image : Histoires Royales)<\/p>\n<p class=\"wp-block-paragraph\">Lire aussi : <a href=\"https:\/\/histoiresroyales.fr\/mariage-petit-fils-prince-hans-adam-ii-comtesse-marie-von-wilczek\/\" rel=\"nofollow noopener\" target=\"_blank\">Le mariage du petit-fils du souverain Hans-Adam\u00a0II\u00a0: Lukas pr\u00eate le diad\u00e8me de sa grand-m\u00e8re \u00e0 son \u00e9pouse<\/a><\/p>\n<p class=\"wp-block-paragraph\">Le mariage civil avait eu lieu auparavant, c\u00e9l\u00e9br\u00e9 par une sortie en bateau sur le lac d\u2019Altaussee, comme en t\u00e9moignent des photos partag\u00e9es sur les r\u00e9seaux sociaux et relay\u00e9es par <a href=\"https:\/\/royalwatcherblog.com\/2026\/07\/14\/wedding-of-kunwar-dhruv-raj-singh-of-doongri-and-countess-marie-von-und-zu-eltz\/\" target=\"_blank\" rel=\"noreferrer noopener nofollow\">Royal Watcher<\/a>. Une c\u00e9r\u00e9monie hindoue durant laquelle des mantras v\u00e9diques ont \u00e9t\u00e9 r\u00e9cit\u00e9s a \u00e9galement mis \u00e0 l\u2019honneur la culture du mari\u00e9, rapporte <a href=\"https:\/\/royalmusingsblogspotcom.blogspot.com\/2026\/07\/vanderbilt-descendant-countess-marie.html\" target=\"_blank\" rel=\"noreferrer noopener nofollow\">Royal Musings<\/a>. Environ 400 invit\u00e9s ont \u00e9t\u00e9 t\u00e9moins de cette c\u00e9l\u00e9bration. <\/p>\n<p><img loading=\"lazy\" decoding=\"async\" width=\"1300\" height=\"908\" src=\"https:\/\/www.europesays.com\/be-fr\/wp-content\/uploads\/2026\/07\/complicite-mariage-indien-princier-von-eltz.jpg\" alt=\"\" class=\"wp-image-255214 lazyload\" data-  \/>Moment de complicit\u00e9 entre les mari\u00e9s (Photo : Frank Rollitz\/ABR-Pictures)<\/p>\n<p><img loading=\"lazy\" decoding=\"async\" width=\"1300\" height=\"867\" src=\"https:\/\/www.europesays.com\/be-fr\/wp-content\/uploads\/2026\/07\/eglise-catholique-mariage-von-eltz-singh.jpg\" alt=\"\" class=\"wp-image-255215 lazyload\" data-  \/>Les 400 invit\u00e9s du couple sont r\u00e9unis dans cette \u00e9glise de Bad Aussee (Photo : Frank Rollitz\/ABR-Pictures)<\/p>\n<p class=\"wp-block-paragraph\">Dhruv Raj Singh portait l\u2019uniforme traditionnel, un turban arc-en-ciel et un sabre, tandis que la mari\u00e9e portait une robe \u00e9voquant un style contemporain inspir\u00e9 de la haute couture, avec quelques r\u00e9f\u00e9rences aux silhouettes des ann\u00e9es 1950. La robe est confectionn\u00e9e dans un satin de soie ivoire avec une longue tra\u00eene partant de la taille. Le corset en \u00e9ventail constitue l\u2019un des \u00e9l\u00e9ments les plus remarquables de cette robe de mari\u00e9e ainsi que les larges voiles de tulle transparent drap\u00e9s autour des \u00e9paules. La comtesse Marie portait aussi un collier de diamants avec un saphir central. Le prestigieux magazine Tatler, qui a <a href=\"https:\/\/www.tatler.com\/article\/inside-the-wedding-of-the-vanderbilt-countess-and-the-indian-princely-scion\" target=\"_blank\" rel=\"noreferrer noopener nofollow\">r\u00e9serv\u00e9 un article<\/a> \u00e0 ce mariage, souligne l\u2019union de deux grandes familles, \u00e0 la fois aristocratiques mais aussi fortun\u00e9es. Dhruv Raj Singh est membre d\u2019une des familles princi\u00e8res les plus fortun\u00e9es et la comtesse Marie appartient \u00e0 la riche famille propri\u00e9taire depuis 800 ans, soit plus de 30 g\u00e9n\u00e9rations, du ch\u00e2teau m\u00e9di\u00e9val d\u2019Eltz, nich\u00e9 dans la vall\u00e9e de la Moselle. <\/p>\n<p><img loading=\"lazy\" decoding=\"async\" width=\"1400\" height=\"990\" src=\"https:\/\/www.europesays.com\/be-fr\/wp-content\/uploads\/2026\/07\/heureux-maries-quittent-eglise-autriche-gotha-europeen.jpg\" alt=\"\" class=\"wp-image-255217 lazyload\" data-  \/>Kunwar Dhruv Raj Singh de Doongri et son \u00e9pouse sortent de l\u2019\u00e9glise (Photo : Frank Rollitz\/ABR-Pictures)<\/p>\n<p><img loading=\"lazy\" decoding=\"async\" width=\"940\" height=\"1400\" src=\"https:\/\/www.europesays.com\/be-fr\/wp-content\/uploads\/2026\/07\/baiser-amoureux-indien-noblesse-europe-940x1400.jpg\" alt=\"\" class=\"wp-image-255216 lazyload\" data-  \/>Le bisou des mari\u00e9s \u00e0 la sortie de l\u2019\u00e9glise (Photo : Frank Rollitz\/ABR-Pictures)<\/p>\n<p><img loading=\"lazy\" decoding=\"async\" width=\"1400\" height=\"1021\" src=\"https:\/\/www.europesays.com\/be-fr\/wp-content\/uploads\/2026\/07\/maries-mariage-peter-von-eltz.jpg\" alt=\"\" class=\"wp-image-255218 lazyload\" data-  \/>Les mari\u00e9s avec le p\u00e8re de la comtesse Marie, le comte Peter von un zu Eltz (Photo : Frank Rollitz\/ABR-Pictures)<\/p>\n<p><img loading=\"lazy\" decoding=\"async\" width=\"1300\" height=\"1920\" src=\"https:\/\/www.europesays.com\/be-fr\/wp-content\/uploads\/2026\/07\/arco-zinneberg-mariage-indien-autriche.jpg\" alt=\"\" class=\"wp-image-255211 lazyload\" data-  \/>La comtesse Marie-B\u00e9atrice, n\u00e9e archiduchesse de Habsbourg-Lorraine et petite-fille de l\u2019empereur Charles 1er d\u2019Autriche, accompagne sa fille et son beau-fils, la comtesse Anna Theresa d\u2019Arco-Zinneberg et Colin McKenzie (Photo : Frank Rollitz\/ABR-Pictures)<\/p>\n<p><img loading=\"lazy\" decoding=\"async\" width=\"1300\" height=\"1890\" src=\"https:\/\/www.europesays.com\/be-fr\/wp-content\/uploads\/2026\/07\/chastel-cominges-mariage.jpg\" alt=\"\" class=\"wp-image-255210 lazyload\" data-  \/>Le comte Fran\u00e7ois du Chastel de la Howarderie et la comtesse In\u00e9s de Cominges se rendent au mariage (Photo : Frank Rollitz\/ABR-Pictures)<\/p>\n<p><img loading=\"lazy\" decoding=\"async\" width=\"942\" height=\"1400\" src=\"https:\/\/www.europesays.com\/be-fr\/wp-content\/uploads\/2026\/07\/prince-alexander-mariage-indien-bavarois-942x1400.jpg\" alt=\"\" class=\"wp-image-255209 lazyload\" data-  \/>Le prince Alexander de Quadt-Wykradt-Isny avec son \u00e9pouse, la princesse Martina (Photo : Frank Rollitz\/ABR-Pictures)<\/p>\n<p class=\"wp-block-paragraph\">Lire aussi : <a href=\"https:\/\/histoiresroyales.fr\/vicomtesse-de-garnock-accouche-apres-somptueux-mariage-siege-des-ducs-de-rutland\/\" rel=\"nofollow noopener\" target=\"_blank\">La vicomtesse de Garnock a accouch\u00e9 d\u2019un h\u00e9ritier des comtes de Lindsay un an apr\u00e8s son mariage<\/a><\/p>\n<p>La mari\u00e9e est aussi une descendante de l\u2019illustre famille am\u00e9ricaine des Vanderbilt<\/p>\n<p class=\"wp-block-paragraph\">La mari\u00e9e appartient \u00e0 la noblesse allemande mais elle est aussi la descendante de la c\u00e9l\u00e8bre famille am\u00e9ricaine des Vanderbilt. Son p\u00e8re, le comte Peter, est le fils du comte Alexander von Eltz et de la comtesse Ferdinandine Sz\u00e9ch\u00e9nyi de S\u00e1rv\u00e1r-Fels\u00f6vid\u00e9k, dont le p\u00e8re de cette derni\u00e8re \u00e9tait un comte hongrois et la m\u00e8re, Gladys Vanderbilt. Le p\u00e8re de Gladys Vanderbilt, Cornelius II, \u00e9tait l\u2019un des membres importants de cette famille qui s\u2019est illustr\u00e9e aux \u00c9tats-Unis dans plusieurs secteurs. Cornelius Vanderbilt II a notamment \u00e9t\u00e9 le pr\u00e9sident de la compagnie de chemins de fer de New York. La famille Vanderbilt est, \u00e0 l\u2019origine, une modeste famille d\u2019Utrecht, qui a \u00e9migr\u00e9 en Am\u00e9rique au 17e si\u00e8cle. <\/p>\n<p><img loading=\"lazy\" decoding=\"async\" width=\"1300\" height=\"855\" src=\"https:\/\/www.europesays.com\/be-fr\/wp-content\/uploads\/2026\/07\/maison-altsee-eltz.jpg\" alt=\"\" class=\"wp-image-255223 lazyload\" data-  \/>Le mariage a lieu au pied des Alpes. Apr\u00e8s la c\u00e9r\u00e9monie, les invit\u00e9s ont rejoint le domaine de la famille von Eltz \u00e0 Altussee, ici en photo (Photo : Frank Rollitz\/ABR-Pictures)<\/p>\n<p><img loading=\"lazy\" decoding=\"async\" width=\"943\" height=\"1400\" src=\"https:\/\/www.europesays.com\/be-fr\/wp-content\/uploads\/2026\/07\/prince-johannes-waldburg-mariage-inde-943x1400.jpg\" alt=\"\" class=\"wp-image-255208 lazyload\" data-  \/>Le prince Johannes de Waldburg-Wolfegg-Waldsee et la princesse Mathilde de Waldburg-Zeil, n\u00e9e Mathilde de Wurtemberg (Photo : Frank Rollitz\/ABR-Pictures)<\/p>\n<p class=\"wp-block-paragraph\">Lire aussi : <a href=\"https:\/\/histoiresroyales.fr\/mariage-comte-maximilian-futur-prince-de-waldburg-zeil-fils-princesse-georgina-de-liechtenstein\/\" rel=\"nofollow noopener\" target=\"_blank\">Le mariage du comte Maximilian, futur prince de Waldburg-Zeil et fils de la princesse Georgina de Liechtenstein<\/a><\/p>\n<p class=\"wp-block-paragraph\">Parmi les invit\u00e9s, le prince Rafael d\u2019Orl\u00e9ans-Bragance, neveu du chef de la famille imp\u00e9riale du Br\u00e9sil, attirait l\u2019attention des photographes. Le prince imp\u00e9rial \u00e9tait accompagn\u00e9 de sa fianc\u00e9e, Margherita delle Piane, qu\u2019il \u00e9pousera dans quelques mois en Italie. Ce mariage, qui devrait accueillir de nombreux repr\u00e9sentants d\u2019anciennes familles royales europ\u00e9ennes, signera aussi l\u2019<a href=\"https:\/\/histoiresroyales.fr\/prince-rafael-perdra-position-heritier-maison-imperiale-du-bresil-mariage\/\" rel=\"nofollow noopener\" target=\"_blank\">exclusion du prince de l\u2019ordre de succession \u00e0 l\u2019ancien tr\u00f4ne du Br\u00e9sil<\/a>. La comtesse Marie Gabrielle von und zu Arco-Zinneberg, fille de l\u2019archiduchesse Marie-B\u00e9atrice d\u2019Autriche-Este, \u00e9tait l\u2019une des t\u00e9moins de cette union, \u00e0 c\u00f4t\u00e9, entre autres, du comte h\u00e9r\u00e9ditaire Ludwig de Waldburg-Wolfegg-Waldsee, du maharaja de Jaipur et du duc de Noto.<\/p>\n<p><img loading=\"lazy\" decoding=\"async\" width=\"939\" height=\"1400\" src=\"https:\/\/www.europesays.com\/be-fr\/wp-content\/uploads\/2026\/07\/tatjana-waldburg-zeil-hohems-eglise-939x1400.jpg\" alt=\"\" class=\"wp-image-255227 lazyload\" data-  \/>La comtesse Tatjana de Waldburg-Zeil-Hohenems avec son \u00e9poux Philipp Eisl, et leurs filles Philippa et Cosima (Photo : Frank Rollitz\/ABR-Pictures)<\/p>\n<p><img loading=\"lazy\" decoding=\"async\" width=\"1300\" height=\"968\" src=\"https:\/\/www.europesays.com\/be-fr\/wp-content\/uploads\/2026\/07\/cousins-indiens-mariage-autriche.jpg\" alt=\"\" class=\"wp-image-255221 lazyload\" data-  \/>Ce mariage r\u00e9unit la famille princi\u00e8re Singh et des membres de familles de la noblesse allemande et autrichienne (Photo : Frank Rollitz\/ABR-Pictures)<\/p>\n<p><img loading=\"lazy\" decoding=\"async\" width=\"888\" height=\"1400\" src=\"https:\/\/www.europesays.com\/be-fr\/wp-content\/uploads\/2026\/07\/prince-anton-windisch-graetz-mariage-alpes-888x1400.jpg\" alt=\"\" class=\"wp-image-255207 lazyload\" data-  \/>Le prince Anton de Windisch-Graetz et son \u00e9pouse, la princesse Angelika (Photo : Frank Rollitz\/ABR-Pictures)<\/p>\n<p>\t\t\t\t<img loading=\"lazy\" alt=\"Avatar photo\" src=\"https:\/\/www.europesays.com\/be-fr\/wp-content\/uploads\/2026\/07\/1785063507_706_cropped-nicolasfontaine-1-164x164.jpg\"  class=\"avatar avatar-164 photo lazyload\" height=\"164\" width=\"164\" decoding=\"async\"\/><br \/>\n\t\t<a href=\"https:\/\/histoiresroyales.fr\/author\/royaliste123\/\" rel=\"nofollow noopener\" target=\"_blank\">Nicolas Fontaine<\/a><br \/>\n\t\t\t\t\tR\u00e9dacteur en chef<\/p>\n<p>Nicolas Fontaine est un journaliste sp\u00e9cialis\u00e9 dans les familles royales et l&rsquo;histoire des monarchies europ\u00e9ennes et mondiales. Nicolas Fontaine a fond\u00e9 Histoires Royales, le premier m\u00e9dia en ligne d\u00e9di\u00e9 \u00e0 l&rsquo;actualit\u00e9 des t\u00eates couronn\u00e9es en 2019.&#13;<br \/>\nnicolas@histoiresroyales.fr<\/p>\n<p>\t\t\t\t\t\t\t<a href=\"https:\/\/twitter.com\/ActusRoyales\" class=\"boxed-icon fill twitter\" target=\"_blank\" rel=\"nofollow noopener\"><\/a><br \/>\n\t\t\t\t\t\t\t\t\t<a href=\"https:\/\/www.instagram.com\/histoiresroyales.fr\/\" class=\"boxed-icon fill instagram\" target=\"_blank\" rel=\"nofollow noopener\"><\/a><\/p>\n<p>\t\t\t\t\t\t\t\t\t\t\t\t\t<script async src=\"https:\/\/platform.twitter.com\/widgets.js\" charset=\"utf-8\"><\/script><script async src=\"\/\/www.instagram.com\/embed.js\"><\/script><\/p>\n","protected":false},"excerpt":{"rendered":"La noblesse europ\u00e9enne s\u2019est retrouv\u00e9e au pied des Alpes autrichiennes pour c\u00e9l\u00e9brer le mariage d\u2019un prince indien et&hellip;\n","protected":false},"author":2,"featured_media":188096,"comment_status":"","ping_status":"","sticky":false,"template":"","format":"standard","meta":{"footnotes":"","_share_on_mastodon":"0"},"categories":[83],"tags":[12,13,18,17,96,95,37377,472,4537,46188,58091],"class_list":["post-188095","post","type-post","status-publish","format-standard","has-post-thumbnail","category-divertissement","tag-be","tag-be-fr","tag-belgique","tag-belgium","tag-divertissement","tag-entertainment","tag-maharadjah-de-jaipur","tag-mariage","tag-noblesse","tag-noblesse-allemande","tag-u00c9tat-princier-dinde"],"share_on_mastodon":{"url":"https:\/\/pubeurope.com\/@be_fr\/116985929290746357","error":""},"_links":{"self":[{"href":"https:\/\/www.europesays.com\/be-fr\/wp-json\/wp\/v2\/posts\/188095","targetHints":{"allow":["GET"]}}],"collection":[{"href":"https:\/\/www.europesays.com\/be-fr\/wp-json\/wp\/v2\/posts"}],"about":[{"href":"https:\/\/www.europesays.com\/be-fr\/wp-json\/wp\/v2\/types\/post"}],"author":[{"embeddable":true,"href":"https:\/\/www.europesays.com\/be-fr\/wp-json\/wp\/v2\/users\/2"}],"replies":[{"embeddable":true,"href":"https:\/\/www.europesays.com\/be-fr\/wp-json\/wp\/v2\/comments?post=188095"}],"version-history":[{"count":0,"href":"https:\/\/www.europesays.com\/be-fr\/wp-json\/wp\/v2\/posts\/188095\/revisions"}],"wp:featuredmedia":[{"embeddable":true,"href":"https:\/\/www.europesays.com\/be-fr\/wp-json\/wp\/v2\/media\/188096"}],"wp:attachment":[{"href":"https:\/\/www.europesays.com\/be-fr\/wp-json\/wp\/v2\/media?parent=188095"}],"wp:term":[{"taxonomy":"category","embeddable":true,"href":"https:\/\/www.europesays.com\/be-fr\/wp-json\/wp\/v2\/categories?post=188095"},{"taxonomy":"post_tag","embeddable":true,"href":"https:\/\/www.europesays.com\/be-fr\/wp-json\/wp\/v2\/tags?post=188095"}],"curies":[{"name":"wp","href":"https:\/\/api.w.org\/{rel}","templated":true}]}}