{"id":188353,"date":"2026-07-26T15:50:10","date_gmt":"2026-07-26T15:50:10","guid":{"rendered":"https:\/\/www.europesays.com\/be-fr\/188353\/"},"modified":"2026-07-26T15:50:10","modified_gmt":"2026-07-26T15:50:10","slug":"jai-eu-mon-compte-pourquoi-serge-lama-refuse-dassister-aux-obseques-de-marie-paule-belle-sa-soeur-de-coeur","status":"publish","type":"post","link":"https:\/\/www.europesays.com\/be-fr\/188353\/","title":{"rendered":"\u00ab\u00a0J\u2019ai eu mon compte\u00a0\u00bb : pourquoi Serge Lama refuse d\u2019assister aux obs\u00e8ques de Marie-Paule Belle, sa soeur de coeur"},"content":{"rendered":"<p class=\"ap-StoryElement ap-StoryElement--mb ap-StoryText\">\u00ab\u00a0Elle \u00e9tait une femme de clan et je faisais partie du sien. Au m\u00eame titre qu&rsquo;elle faisait partie du mien. On se t\u00e9l\u00e9phonait, on s&rsquo;envoyait des petits mots\u00a0\u00bb, explique-t-il. Si leur derni\u00e8re entrevue remonte \u00e0 neuf mois, lors d&rsquo;un d\u00eener \u00e0 la maison partag\u00e9 avant le spectacle donn\u00e9 par Marie-Paule Belle au Th\u00e9\u00e2tre de Passy, les deux interpr\u00e8tes ont continu\u00e9 de se parler par t\u00e9l\u00e9phone. \u00ab\u00a0Je l&rsquo;ai eu il y a dix jours, sa voix \u00e9tait bonne. Mais elle m&rsquo;avait dit qu&rsquo;elle n&rsquo;avait plus envie de voir qui que ce soit, elle \u00e9tait bien chez elle, dans sa petite chambre. J&rsquo;avais compris que les choses iraient vite\u2026\u00a0\u00bb<\/p>\n<p><a href=\"https:\/\/www.parismatch.be\/culture\/musique\/2026\/02\/21\/serge-lama-donne-des-nouvelles-rassurantes-sur-son-etat-de-sante-mon-corps-me-fait-parfois-souffrir-mais-GWV42MS3XZDZNDLJ2ABGUVEN6E\/\" target=\"_self\" class=\"ap-StoryInterstitialLink ap-StoryElement ap-StoryElement--mb\" rel=\"nofollow noopener\">Serge Lama donne des nouvelles rassurantes sur son \u00e9tat de sant\u00e9 : \u00ab\u00a0Mon corps me fait parfois souffrir mais\u2026\u00a0\u00bb<\/a>\u00ab\u00a0Elle sait que je suis l\u00e0 o\u00f9 elle est. Elle sait tout\u00a0\u00bb<\/p>\n<p class=\"ap-StoryElement ap-StoryElement--mb ap-StoryText\">A la question de savoir s&rsquo;il pr\u00e9voit d&rsquo;assister \u00e0 ses obs\u00e8ques dans les prochains jours, Serge Lama r\u00e9pond en toute franchise que non. \u00ab\u00a0Je ne peux plus me d\u00e9placer et j&rsquo;ai eu mon compte d&rsquo;obs\u00e8ques de gens que j&rsquo;aimais\u00a0\u00bb, confie l&rsquo;artiste de 83 ans, \u00e0 la sant\u00e9 fragile, et au corps rest\u00e9 \u00ab\u00a0cass\u00e9 de partout\u00a0\u00bb depuis son dramatique accident de voiture \u00e0 22 ans. \u00ab\u00a0On n&rsquo;a pas besoin de \u00e7a, Marie-Paule et moi pour savoir qu&rsquo;on s&rsquo;aimait. Elle sait que je suis l\u00e0 o\u00f9 elle est. Elle sait tout.\u00a0\u00bb<\/p>\n<p class=\"ap-StoryElement ap-StoryElement--mb ap-StoryText\">Nul besoin de se dire adieu au cimeti\u00e8re, puisque les deux amis \u00e9taient s\u00fbrs de se retrouver : \u00ab\u00a0Elle \u00e9tait convaincue, comme moi, qu&rsquo;il y a quelque chose apr\u00e8s la vie.\u00a0\u00bb Et comme il l&rsquo;a \u00e9crit sur ses r\u00e9seaux sociaux : \u00ab\u00a0Elle rejoint Fran\u00e7oise Mallet-Joris, la grande \u00e9crivaine (avec qui elle a v\u00e9cu une grande histoire d&rsquo;amour, NDLR). Elles ont s\u00fbrement beaucoup de choses \u00e0 se dire.\u00a0\u00bb<\/p>\n","protected":false},"excerpt":{"rendered":"\u00ab\u00a0Elle \u00e9tait une femme de clan et je faisais partie du sien. Au m\u00eame titre qu&rsquo;elle faisait partie&hellip;\n","protected":false},"author":2,"featured_media":188354,"comment_status":"","ping_status":"","sticky":false,"template":"","format":"standard","meta":{"footnotes":"","_share_on_mastodon":"0"},"categories":[83],"tags":[12,13,18,17,756,96,95,16423,58144,194],"class_list":["post-188353","post","type-post","status-publish","format-standard","has-post-thumbnail","category-divertissement","tag-be","tag-be-fr","tag-belgique","tag-belgium","tag-deces","tag-divertissement","tag-entertainment","tag-funerailles","tag-marie-paule-belle","tag-serge-lama"],"share_on_mastodon":{"url":"https:\/\/pubeurope.com\/@be_fr\/116987076654706644","error":""},"_links":{"self":[{"href":"https:\/\/www.europesays.com\/be-fr\/wp-json\/wp\/v2\/posts\/188353","targetHints":{"allow":["GET"]}}],"collection":[{"href":"https:\/\/www.europesays.com\/be-fr\/wp-json\/wp\/v2\/posts"}],"about":[{"href":"https:\/\/www.europesays.com\/be-fr\/wp-json\/wp\/v2\/types\/post"}],"author":[{"embeddable":true,"href":"https:\/\/www.europesays.com\/be-fr\/wp-json\/wp\/v2\/users\/2"}],"replies":[{"embeddable":true,"href":"https:\/\/www.europesays.com\/be-fr\/wp-json\/wp\/v2\/comments?post=188353"}],"version-history":[{"count":0,"href":"https:\/\/www.europesays.com\/be-fr\/wp-json\/wp\/v2\/posts\/188353\/revisions"}],"wp:featuredmedia":[{"embeddable":true,"href":"https:\/\/www.europesays.com\/be-fr\/wp-json\/wp\/v2\/media\/188354"}],"wp:attachment":[{"href":"https:\/\/www.europesays.com\/be-fr\/wp-json\/wp\/v2\/media?parent=188353"}],"wp:term":[{"taxonomy":"category","embeddable":true,"href":"https:\/\/www.europesays.com\/be-fr\/wp-json\/wp\/v2\/categories?post=188353"},{"taxonomy":"post_tag","embeddable":true,"href":"https:\/\/www.europesays.com\/be-fr\/wp-json\/wp\/v2\/tags?post=188353"}],"curies":[{"name":"wp","href":"https:\/\/api.w.org\/{rel}","templated":true}]}}