{"id":189730,"date":"2026-07-27T17:42:07","date_gmt":"2026-07-27T17:42:07","guid":{"rendered":"https:\/\/www.europesays.com\/be-fr\/189730\/"},"modified":"2026-07-27T17:42:07","modified_gmt":"2026-07-27T17:42:07","slug":"une-seance-de-cinema-en-plein-air-vous-attend-a-annemasse-le-5-aout","status":"publish","type":"post","link":"https:\/\/www.europesays.com\/be-fr\/189730\/","title":{"rendered":"Une s\u00e9ance de cin\u00e9ma en plein air vous attend \u00e0 Annemasse le 5 ao\u00fbt"},"content":{"rendered":"<p>La saison des s\u00e9ances de cin\u00e9ma en plein air continue de battre son plein \u00e0 Annemasse. La prochaine s\u00e9ance se tiendra le mercredi 5 ao\u00fbt 2026 au parc Montessuit.<\/p>\n<p>&#13;<br \/>\n&#13;<\/p>\n<p>&#13;<br \/>\n&#13;<\/p>\n<p>\u00c0 l\u2019affiche, vous retrouverez le film \u00ab\u00a0Partir un jour\u00a0\u00bb. Ce dernier suit C\u00e9cile, qui s\u2019appr\u00eate \u00e0 ouvrir son restaurant gastronomique, mais qui est contrainte de rentrer chez elle apr\u00e8s l\u2019infarctus de son p\u00e8re.<\/p>\n<p>&#13;<br \/>\n&#13;<\/p>\n<p>Le rendez-vous est fix\u00e9 \u00e0 20 heures. L\u2019acc\u00e8s \u00e0 la s\u00e9ance est enti\u00e8rement gratuit. La<a href=\"https:\/\/mjc-annemasse.fr\/cine-plein-air\/\" target=\"_blank\" rel=\"nofollow noopener\"> MJC d\u2019Annemasse<\/a> vous donne \u00e9galement rendez-vous en ao\u00fbt pour d\u2019autres s\u00e9ances de cin\u00e9ma en plein air.<\/p>\n","protected":false},"excerpt":{"rendered":"La saison des s\u00e9ances de cin\u00e9ma en plein air continue de battre son plein \u00e0 Annemasse. La prochaine&hellip;\n","protected":false},"author":2,"featured_media":189731,"comment_status":"","ping_status":"","sticky":false,"template":"","format":"standard","meta":{"footnotes":"","_share_on_mastodon":"0"},"categories":[97],"tags":[39318,12,13,18,17,96,95,106,105],"class_list":["post-189730","post","type-post","status-publish","format-standard","has-post-thumbnail","category-films","tag-annemasse-haute-savoie","tag-be","tag-be-fr","tag-belgique","tag-belgium","tag-divertissement","tag-entertainment","tag-films","tag-movies"],"share_on_mastodon":{"url":"https:\/\/pubeurope.com\/@be_fr\/116993179242603875","error":""},"_links":{"self":[{"href":"https:\/\/www.europesays.com\/be-fr\/wp-json\/wp\/v2\/posts\/189730","targetHints":{"allow":["GET"]}}],"collection":[{"href":"https:\/\/www.europesays.com\/be-fr\/wp-json\/wp\/v2\/posts"}],"about":[{"href":"https:\/\/www.europesays.com\/be-fr\/wp-json\/wp\/v2\/types\/post"}],"author":[{"embeddable":true,"href":"https:\/\/www.europesays.com\/be-fr\/wp-json\/wp\/v2\/users\/2"}],"replies":[{"embeddable":true,"href":"https:\/\/www.europesays.com\/be-fr\/wp-json\/wp\/v2\/comments?post=189730"}],"version-history":[{"count":0,"href":"https:\/\/www.europesays.com\/be-fr\/wp-json\/wp\/v2\/posts\/189730\/revisions"}],"wp:featuredmedia":[{"embeddable":true,"href":"https:\/\/www.europesays.com\/be-fr\/wp-json\/wp\/v2\/media\/189731"}],"wp:attachment":[{"href":"https:\/\/www.europesays.com\/be-fr\/wp-json\/wp\/v2\/media?parent=189730"}],"wp:term":[{"taxonomy":"category","embeddable":true,"href":"https:\/\/www.europesays.com\/be-fr\/wp-json\/wp\/v2\/categories?post=189730"},{"taxonomy":"post_tag","embeddable":true,"href":"https:\/\/www.europesays.com\/be-fr\/wp-json\/wp\/v2\/tags?post=189730"}],"curies":[{"name":"wp","href":"https:\/\/api.w.org\/{rel}","templated":true}]}}