{"id":191745,"date":"2026-07-29T08:56:26","date_gmt":"2026-07-29T08:56:26","guid":{"rendered":"https:\/\/www.europesays.com\/be-fr\/191745\/"},"modified":"2026-07-29T08:56:26","modified_gmt":"2026-07-29T08:56:26","slug":"une-personne-en-grande-detresse-psychologique-la-personne-a-lorigine-du-fort-chabrol-de-verviers-a-ete-transferee-a-lhopital","status":"publish","type":"post","link":"https:\/\/www.europesays.com\/be-fr\/191745\/","title":{"rendered":"\u00ab\u00a0Une personne en grande d\u00e9tresse psychologique\u00a0\u00bb\u00a0: la personne \u00e0 l&rsquo;origine du fort Chabrol de Verviers a \u00e9t\u00e9 transf\u00e9r\u00e9e \u00e0 l&rsquo;h\u00f4pital"},"content":{"rendered":"<p class=\"ap-StoryElement ap-StoryElement--mb ap-StoryText\"><a href=\"https:\/\/www.lavenir.net\/regions\/verviers\/2026\/07\/28\/fin-du-fort-chabrol-a-verviers-tout-est-rentre-dans-lordre-en-fin-dapres-midi-YYL7SG5WWNF4LNTYWX6FTEYCQ4\/\" target=\"_self\" rel=\"nofollow noopener\">Le fort Chabrol qui s&rsquo;est d\u00e9roul\u00e9 \u00e0 Verviers<\/a> ce mardi 28 juillet, dans l&rsquo;un des immeubles de Logivesdre situ\u00e9 \u00e0 Bielmont, s&rsquo;est termin\u00e9 dans le calme peu avant 16 heures. Pour rappel, un important dispositif policier avait \u00e9t\u00e9 d\u00e9ploy\u00e9 d\u00e8s 10 heures du matin, mais les r\u00e9sidents du b\u00e2timent pouvaient toujours avoir acc\u00e8s \u00e0 leur domicile.<\/p>\n<p>Une personne n\u00e9e en 2004<\/p>\n<p class=\"ap-StoryElement ap-StoryElement--mb ap-StoryText\">Le parquet, par l&rsquo;interm\u00e9diaire de <a href=\"https:\/\/www.lavenir.net\/regions\/verviers\/2025\/04\/26\/vanessa-clerin-procureur-de-division-de-verviers-depuis-novembre-je-ne-decouvre-pas-la-criminalite-vervietoise-GSDNLATTKVET3LLRMKU4EGEY6U\/\" target=\"_self\" rel=\"nofollow noopener\">Vanessa Cl\u00e9rin, procureure de division de Verviers<\/a>, a apport\u00e9 quelques informations au sujet de cet \u00e9v\u00e9nement. \u00ab\u00a0Une personne n\u00e9e en 2004 s&rsquo;est retranch\u00e9e dans sa chambre ce matin aux alentours de 9 heures, mena\u00e7ant de se donner la mort\u00a0\u00bb, r\u00e9v\u00e8le-t-elle.<\/p>\n","protected":false},"excerpt":{"rendered":"Le fort Chabrol qui s&rsquo;est d\u00e9roul\u00e9 \u00e0 Verviers ce mardi 28 juillet, dans l&rsquo;un des immeubles de Logivesdre&hellip;\n","protected":false},"author":2,"featured_media":191746,"comment_status":"","ping_status":"","sticky":false,"template":"","format":"standard","meta":{"footnotes":"","_share_on_mastodon":"0"},"categories":[2],"tags":[12,13,18,17,3310],"class_list":["post-191745","post","type-post","status-publish","format-standard","has-post-thumbnail","category-belgique","tag-be","tag-be-fr","tag-belgique","tag-belgium","tag-verviers"],"share_on_mastodon":{"url":"https:\/\/pubeurope.com\/@be_fr\/117002435527789055","error":""},"_links":{"self":[{"href":"https:\/\/www.europesays.com\/be-fr\/wp-json\/wp\/v2\/posts\/191745","targetHints":{"allow":["GET"]}}],"collection":[{"href":"https:\/\/www.europesays.com\/be-fr\/wp-json\/wp\/v2\/posts"}],"about":[{"href":"https:\/\/www.europesays.com\/be-fr\/wp-json\/wp\/v2\/types\/post"}],"author":[{"embeddable":true,"href":"https:\/\/www.europesays.com\/be-fr\/wp-json\/wp\/v2\/users\/2"}],"replies":[{"embeddable":true,"href":"https:\/\/www.europesays.com\/be-fr\/wp-json\/wp\/v2\/comments?post=191745"}],"version-history":[{"count":0,"href":"https:\/\/www.europesays.com\/be-fr\/wp-json\/wp\/v2\/posts\/191745\/revisions"}],"wp:featuredmedia":[{"embeddable":true,"href":"https:\/\/www.europesays.com\/be-fr\/wp-json\/wp\/v2\/media\/191746"}],"wp:attachment":[{"href":"https:\/\/www.europesays.com\/be-fr\/wp-json\/wp\/v2\/media?parent=191745"}],"wp:term":[{"taxonomy":"category","embeddable":true,"href":"https:\/\/www.europesays.com\/be-fr\/wp-json\/wp\/v2\/categories?post=191745"},{"taxonomy":"post_tag","embeddable":true,"href":"https:\/\/www.europesays.com\/be-fr\/wp-json\/wp\/v2\/tags?post=191745"}],"curies":[{"name":"wp","href":"https:\/\/api.w.org\/{rel}","templated":true}]}}