{"id":191769,"date":"2026-07-29T09:12:19","date_gmt":"2026-07-29T09:12:19","guid":{"rendered":"https:\/\/www.europesays.com\/be-fr\/191769\/"},"modified":"2026-07-29T09:12:19","modified_gmt":"2026-07-29T09:12:19","slug":"a-oslo-une-serie-monumentale-de-munch-revele-ses-preoccupations-sociales","status":"publish","type":"post","link":"https:\/\/www.europesays.com\/be-fr\/191769\/","title":{"rendered":"\u00c0 Oslo, une s\u00e9rie monumentale de Munch r\u00e9v\u00e8le ses pr\u00e9occupations sociales"},"content":{"rendered":"<p class=\"editor-content__paragraph\">\u00c0 l\u2019heure de la pause estivale, l\u2019exposition au mus\u00e9e Munch d\u2019Oslo de la s\u00e9rie de douze \u0153uvres monumentales de la frise Freia du peintre norv\u00e9gien nous offre une belle piq\u00fbre de rappel\u00a0: les grandes vacances n\u2019ont pas toujours \u00e9t\u00e9 le rendez-vous annuel qu\u2019elles sont aujourd\u2019hui. En France, cela ne fait m\u00eame pas 100\u00a0ans que les cong\u00e9s pay\u00e9s sont inscrits dans le droit du travail.<\/p>\n<p class=\"editor-content__paragraph\">En Scandinavie, les revendications des travailleuses et travailleurs se font entendre d\u00e8s les ann\u00e9es 1920. C\u2019est dans ce contexte historique que s\u2019inscrit la s\u00e9rie de douze \u0153uvres murales r\u00e9alis\u00e9es en 1922 par <a href=\"https:\/\/www.beauxarts.com\/grand-format\/edvard-munch-en-2-minutes\/\" target=\"_blank\" rel=\"noopener nofollow\">Edvard Munch<\/a> (1863\u20131944) pour la cantine des ouvri\u00e8res de la chocolaterie Freia.<\/p>\n<p class=\"editor-content__paragraph\">Situ\u00e9e aux abords d\u2019Oslo, celle-ci est aujourd\u2019hui encore la plus c\u00e9l\u00e8bre et la plus grande du pays. Il y a un si\u00e8cle, elle employait des milliers de femmes, soit les deux tiers de la main-d\u2019\u0153uvre. Leurs mains menues se pr\u00eatent alors \u00e0 l\u2019emballage et aux t\u00e2ches d\u00e9licates, tandis que les hommes occupent principalement des postes de gestion ou de manutention.<\/p>\n<p>L\u2019art pour tous<\/p>\n<p class=\"editor-content__paragraph\">Le fondateur de Freia, Johan Throne Holst, fait partie des chefs d\u2019entreprise les plus progressistes du pays. Alors qu\u2019un peu partout en Europe, les usines et manufactures tirent profit de l\u2019embauche de jeunes femmes dont la sant\u00e9 importe peu aux sup\u00e9rieurs, l\u2019industriel embauche d\u00e8s 1916\u00a0un docteur \u00e0 plein temps et fait passer \u00e0 seize ans l\u2019\u00e2ge minimum des ouvri\u00e8res, qui ont \u00e9galement droit \u00e0 une douche par semaine et une manucure par mois. Convaincu que des employ\u00e9s heureux au travail seraient heureux \u00e0 la maison et inversement, le directeur d\u00e9cide \u00e9galement d\u2019inviter l\u2019art \u00e0 la chocolaterie.<\/p>\n<p>    <img loading=\"lazy\" decoding=\"async\" class=\"image__img\" src=\"https:\/\/www.europesays.com\/be-fr\/wp-content\/uploads\/2026\/07\/webb-nummer5055-964x699.jpg\" alt=\"R\u00e9fectoire de la chocolaterie Freia en Norv\u00e8ge\" width=\"964\" height=\"699\"\/><\/p>\n<p>R\u00e9fectoire de la chocolaterie Freia en Norv\u00e8ge<\/p>\n<p>    i<\/p>\n<p class=\"legende__cartel\">\u00a9 Munchmuseet \/ photo\u00a0: Svein Andersen<\/p>\n<p>\u00ab\u00a0L\u2019art ne pourrait-il pas, une fois de plus, devenir le bien commun de tous\u00a0?\u00a0\u00bb<\/p>\n<p>Edvard Munch<\/p>\n<p class=\"editor-content__paragraph\">Il ne fait pas dans la demi-mesure\u00a0: pour d\u00e9corer la cantine desdites \u00ab\u00a0chocolate girls\u00a0\u00bb, il fait appel \u00e0 un artiste star. L\u2019enveloppe de 80\u00a0000\u00a0couronnes norv\u00e9giennes \u2013 l\u2019\u00e9quivalent de 260\u00a0000\u00a0euros \u2013 qu\u2019il propose \u00e0 Edvard Munch repr\u00e9sente un ch\u00e8que faramineux pour l\u2019\u00e9poque. Munch ne se fait pas prier\u00a0; la commande est \u00e9galement l\u2019occasion r\u00eav\u00e9e d\u2019exposer son art au plus grand nombre.<\/p>\n<p class=\"editor-content__paragraph\">Quelques ann\u00e9es plus t\u00f4t, le peintre avait finalis\u00e9 sa premi\u00e8re commande publique, une s\u00e9rie de onze \u0153uvres monumentales pour l\u2019amphith\u00e9\u00e2tre de l\u2019Universit\u00e9 d\u2019Oslo. Plusieurs ann\u00e9es apr\u00e8s, il se lance dans l\u2019\u00e9bauche d\u2019une autre s\u00e9rie pour l\u2019h\u00f4tel de ville d\u2019Oslo, qui ne sera finalement jamais r\u00e9alis\u00e9e. \u00ab\u00a0L\u2019heure est d\u00e9sormais aux travailleurs. L\u2019art ne pourrait-il pas, une fois de plus, devenir le bien commun de tous\u00a0?\u00a0\u00bb, \u00e9crit \u00e0 l\u2019\u00e9poque Munch.<\/p>\n<p>        \u00c0 lire aussi :<br \/>\n        <a class=\"renvoi-explicite__link\" href=\"https:\/\/www.beauxarts.com\/grand-format\/ce-que-vous-ne-saviez-peut-etre-pas-sur-edvard-munch\/\" rel=\"nofollow noopener\" target=\"_blank\">Ce que vous ne saviez (peut-\u00eatre) pas sur Edvard Munch<\/a><\/p>\n<p>Tour d\u2019horizon du talent de Munch<\/p>\n<p>\u00ab\u00a0Plut\u00f4t que de r\u00e9aliser des tableaux isol\u00e9s, comme il en a l\u2019habitude, Munch \u00e9labore ici un cycle pictural coh\u00e9rent.\u00a0\u00bb<\/p>\n<p>Ana Mar\u00eda Bresciani<\/p>\n<p class=\"editor-content__paragraph\">Peinte en deux mois en 1922, la frise Freia deviendra ainsi sa seconde et unique autre \u0153uvre d\u2019art public. \u00ab\u00a0La frise marque un tournant dans la pratique de Munch, qui d\u00e9montre un int\u00e9r\u00eat croissant pour la cr\u00e9ation d\u2019\u0153uvres d\u00e9coratives monumentales destin\u00e9es \u00e0 des espaces publics et semi-publics. Plut\u00f4t que de r\u00e9aliser des tableaux isol\u00e9s, comme il en a l\u2019habitude, Munch \u00e9labore ici un cycle pictural coh\u00e9rent\u00a0\u00bb, explique Ana Mar\u00eda Bresciani, commissaire de l\u2019exposition qui r\u00e9unit exceptionnellement ces toiles au mus\u00e9e Munch cet \u00e9t\u00e9, le temps pour la chocolaterie d\u2019\u00eatre r\u00e9nov\u00e9e.<\/p>\n<p>    <img loading=\"lazy\" decoding=\"async\" class=\"image__img\" src=\"https:\/\/www.europesays.com\/be-fr\/wp-content\/uploads\/2026\/07\/webfreia-04-964x482.jpg\" alt=\"Exposition \u00ab\u00a0Edvard Munch and the Chocolate Factory\u00a0\u00bb au Munchmuseet d\u2019Oslo\" width=\"964\" height=\"482\"\/><\/p>\n<p>Exposition \u00ab\u00a0Edvard Munch and the Chocolate Factory\u00a0\u00bb au Munchmuseet d\u2019Oslo<\/p>\n<p>    i<\/p>\n<p class=\"editor-content__paragraph\">Les douze \u0153uvres qui constituent la frise Freia d\u00e9peignent \u00e0 ce titre la vie estivale dans une ville c\u00f4ti\u00e8re norv\u00e9gienne. Formellement reli\u00e9es par une m\u00eame ligne d\u2019horizon, elles se lisent comme une histoire d\u00e9coup\u00e9e en \u00e9pisodes\u00a0: ici des enfants se promenant, l\u00e0 des femmes cueillant les fruits m\u00fbrs d\u2019un arbre, ici un couple contemplant la mer, l\u00e0 une soir\u00e9e dansante\u2026<\/p>\n<p>    <img loading=\"lazy\" decoding=\"async\" class=\"image__img\" src=\"https:\/\/www.europesays.com\/be-fr\/wp-content\/uploads\/2026\/07\/webpe.m.00498_20260409-964x332.jpg\" alt=\"Edvard Munch, Danse sur la plage (Frise Freia VII)\" width=\"964\" height=\"332\"\/><\/p>\n<p>Edvard Munch, Danse sur la plage (Frise Freia VII), 1922<\/p>\n<p>    i<\/p>\n<p class=\"legende__cartel\">\u00a9 Munchmuseet \/ photo\u00a0: Ove Kvavik<\/p>\n<p class=\"editor-content__paragraph\">Plusieurs motifs s\u2019inspirent en outre d\u2019\u0153uvres ant\u00e9rieures du peintre. On note en particulier la reprise de son fameux tableau La Danse de la vie (1899\u20131900), r\u00e9interpr\u00e9t\u00e9 ici en une version plus lumineuse, intitul\u00e9e La Danse sur la plage. En douze tableaux, Munch fait un tour d\u2019horizon de sa propre production artistique, comme s\u2019il souhaitait montrer au grand public un best of\u00a0de sa peinture\u2026 qu\u2019on ne se lasse pas de red\u00e9couvrir\u00a0!<\/p>\n<p>        \u00c0 lire aussi :<br \/>\n        <a class=\"renvoi-explicite__link\" href=\"https:\/\/www.beauxarts.com\/lifestyle\/oslo-destination-dernier-cri\/\" rel=\"nofollow noopener\" target=\"_blank\">Oslo, destination dernier Cri<\/a><\/p>\n<p>  Arrow<\/p>\n<p>Edvard Munch and the Chocolate Factory<\/p>\n<p>Du 21 mai 2026 au 11 octobre 2026<\/p>\n<p class=\"url-expo\"><a href=\"https:\/\/www.munch.no\/en\/exhibitions\/edvard-munch-and-the-chocolate-factory\/\" rel=\"nofollow noopener\" target=\"_blank\">www.munch.no<\/a><\/p>\n<p class=\"annexe-content__infos\">Munchmuseet \u2022 53 T\u00f8yengata \u2022 0578 Oslo<br \/><a href=\"https:\/\/www.munchmuseet.no\/\" rel=\"nofollow noopener\" target=\"_blank\">www.munchmuseet.no<\/a><\/p>\n","protected":false},"excerpt":{"rendered":"\u00c0 l\u2019heure de la pause estivale, l\u2019exposition au mus\u00e9e Munch d\u2019Oslo de la s\u00e9rie de douze \u0153uvres monumentales&hellip;\n","protected":false},"author":2,"featured_media":191770,"comment_status":"","ping_status":"","sticky":false,"template":"","format":"standard","meta":{"footnotes":"","_share_on_mastodon":"0"},"categories":[101],"tags":[2728,126,124,125,12,13,18,17,127,96,95,58952,8179,168],"class_list":["post-191769","post","type-post","status-publish","format-standard","has-post-thumbnail","category-arts-et-design","tag-art-moderne","tag-arts","tag-arts-and-design","tag-arts-et-design","tag-be","tag-be-fr","tag-belgique","tag-belgium","tag-design","tag-divertissement","tag-entertainment","tag-munchmuseet","tag-norvege","tag-peinture"],"share_on_mastodon":{"url":"https:\/\/pubeurope.com\/@be_fr\/117002498896206072","error":""},"_links":{"self":[{"href":"https:\/\/www.europesays.com\/be-fr\/wp-json\/wp\/v2\/posts\/191769","targetHints":{"allow":["GET"]}}],"collection":[{"href":"https:\/\/www.europesays.com\/be-fr\/wp-json\/wp\/v2\/posts"}],"about":[{"href":"https:\/\/www.europesays.com\/be-fr\/wp-json\/wp\/v2\/types\/post"}],"author":[{"embeddable":true,"href":"https:\/\/www.europesays.com\/be-fr\/wp-json\/wp\/v2\/users\/2"}],"replies":[{"embeddable":true,"href":"https:\/\/www.europesays.com\/be-fr\/wp-json\/wp\/v2\/comments?post=191769"}],"version-history":[{"count":0,"href":"https:\/\/www.europesays.com\/be-fr\/wp-json\/wp\/v2\/posts\/191769\/revisions"}],"wp:featuredmedia":[{"embeddable":true,"href":"https:\/\/www.europesays.com\/be-fr\/wp-json\/wp\/v2\/media\/191770"}],"wp:attachment":[{"href":"https:\/\/www.europesays.com\/be-fr\/wp-json\/wp\/v2\/media?parent=191769"}],"wp:term":[{"taxonomy":"category","embeddable":true,"href":"https:\/\/www.europesays.com\/be-fr\/wp-json\/wp\/v2\/categories?post=191769"},{"taxonomy":"post_tag","embeddable":true,"href":"https:\/\/www.europesays.com\/be-fr\/wp-json\/wp\/v2\/tags?post=191769"}],"curies":[{"name":"wp","href":"https:\/\/api.w.org\/{rel}","templated":true}]}}