{"id":191783,"date":"2026-07-29T09:23:17","date_gmt":"2026-07-29T09:23:17","guid":{"rendered":"https:\/\/www.europesays.com\/be-fr\/191783\/"},"modified":"2026-07-29T09:23:17","modified_gmt":"2026-07-29T09:23:17","slug":"le-bourgmestre-de-verviers-a-fait-fermer-un-resto-ouvert-depuis-deux-mois","status":"publish","type":"post","link":"https:\/\/www.europesays.com\/be-fr\/191783\/","title":{"rendered":"Le bourgmestre de Verviers a fait fermer un resto ouvert depuis deux mois"},"content":{"rendered":"<p class=\"ap-StoryElement ap-StoryElement--mb ap-StoryText\">Deux mois apr\u00e8s son ouverture, ce resto est d\u00e9sormais ferm\u00e9. L&rsquo;explication en a \u00e9t\u00e9 placard\u00e9e par la police sur la porte d&rsquo;entr\u00e9e. Dans cette ordonnance de police prise le 14 juillet dernier par le bourgmestre Maxime Degey (Ensemble Verviers), celui-ci d\u00e9taille les griefs qui l&rsquo;ont amen\u00e9 \u00e0 imposer cette fermeture.<\/p>\n<p><img loading=\"lazy\" decoding=\"async\" class=\"w-full lazyload lazyload--opacity object-contain\" style=\"aspect-ratio:133 \/ 100;opacity:1\" alt=\"Fermeture administrative pour le resto italien Primo, au d\u00e9but du boulevard des G\u00e9rardchamps, \u00e0 Verviers.\" width=\"768\" height=\"576\" fetchpriority=\"auto\" src=\"https:\/\/www.europesays.com\/be-fr\/wp-content\/uploads\/2026\/07\/1785316996_685_S5VKD3X55FFF3BW6V4SEHXNP7I.png\"  data- data-optimumx=\"1\"\/><img loading=\"lazy\" decoding=\"async\" src=\"https:\/\/www.europesays.com\/be-fr\/wp-content\/uploads\/2026\/07\/T4TFB4DVRFBAZATGW6FBXY6DPE.jpg\" width=\"768\" height=\"576\" alt=\"Fermeture administrative pour le resto italien Primo, au d\u00e9but du boulevard des G\u00e9rardchamps, \u00e0 Verviers.\" class=\"absolute inset-0 w-full\"\/>L&rsquo;ordonnance de police placard\u00e9e sur la porte d&rsquo;entr\u00e9e. \u00a9EdA Fr.D.Sans autorisations<\/p>\n<p class=\"ap-StoryElement ap-StoryElement--mb ap-StoryText\">D&rsquo;une part, l&rsquo;\u00e9tablissement avait \u00e9t\u00e9 ouvert sans son autorisation pr\u00e9alable, laquelle est requise en cas d&rsquo;ouverture (ici, d&rsquo;un d\u00e9bit de boissons).<\/p>\n<p class=\"ap-StoryElement ap-StoryElement--mb ap-StoryText\">En outre, le tenancier avait \u00e9t\u00e9 invit\u00e9 \u00e0 deux reprises, par lettre recommand\u00e9e, \u00e0 se mettre en ordre administrativement (notamment au niveau d&rsquo;un contr\u00f4le des pompiers pour des questions de s\u00e9curit\u00e9, en cas d&rsquo;incendie). C&rsquo;\u00e9tait rest\u00e9 sans suites. Tout comme le g\u00e9rant ne s&rsquo;est pas pr\u00e9sent\u00e9, ni fait excuser, \u00e0 une audition fix\u00e9e le 29 juin au cabinet du bourgmestre. Suite \u00e0 quoi il avait \u00e9t\u00e9 avis\u00e9 qu&rsquo;il disposait d&rsquo;un ultime d\u00e9lai, jusqu&rsquo;au 13 juillet, pour se conformer aux r\u00e8gles en vigueur.<\/p>\n<p class=\"ap-StoryElement ap-StoryElement--mb ap-StoryText\">Toujours rien. D&rsquo;o\u00f9 l&rsquo;ordonnance de fermeture prise par le bourgmestre d\u00e8s le lendemain de cette \u00e9ch\u00e9ance, pour une dur\u00e9e de trois mois, sauf \u00e0 se mettre en ordre d&rsquo;ici l\u00e0.<\/p>\n<p class=\"ap-StoryElement ap-StoryElement--mb ap-StoryText\">Actuellement, les locaux ont \u00e9t\u00e9 vid\u00e9s.<\/p>\n","protected":false},"excerpt":{"rendered":"Deux mois apr\u00e8s son ouverture, ce resto est d\u00e9sormais ferm\u00e9. L&rsquo;explication en a \u00e9t\u00e9 placard\u00e9e par la police&hellip;\n","protected":false},"author":2,"featured_media":191784,"comment_status":"","ping_status":"","sticky":false,"template":"","format":"standard","meta":{"footnotes":"","_share_on_mastodon":"0"},"categories":[2],"tags":[12,13,18,17,3310],"class_list":["post-191783","post","type-post","status-publish","format-standard","has-post-thumbnail","category-belgique","tag-be","tag-be-fr","tag-belgique","tag-belgium","tag-verviers"],"share_on_mastodon":{"url":"https:\/\/pubeurope.com\/@be_fr\/117002541846858790","error":""},"_links":{"self":[{"href":"https:\/\/www.europesays.com\/be-fr\/wp-json\/wp\/v2\/posts\/191783","targetHints":{"allow":["GET"]}}],"collection":[{"href":"https:\/\/www.europesays.com\/be-fr\/wp-json\/wp\/v2\/posts"}],"about":[{"href":"https:\/\/www.europesays.com\/be-fr\/wp-json\/wp\/v2\/types\/post"}],"author":[{"embeddable":true,"href":"https:\/\/www.europesays.com\/be-fr\/wp-json\/wp\/v2\/users\/2"}],"replies":[{"embeddable":true,"href":"https:\/\/www.europesays.com\/be-fr\/wp-json\/wp\/v2\/comments?post=191783"}],"version-history":[{"count":0,"href":"https:\/\/www.europesays.com\/be-fr\/wp-json\/wp\/v2\/posts\/191783\/revisions"}],"wp:featuredmedia":[{"embeddable":true,"href":"https:\/\/www.europesays.com\/be-fr\/wp-json\/wp\/v2\/media\/191784"}],"wp:attachment":[{"href":"https:\/\/www.europesays.com\/be-fr\/wp-json\/wp\/v2\/media?parent=191783"}],"wp:term":[{"taxonomy":"category","embeddable":true,"href":"https:\/\/www.europesays.com\/be-fr\/wp-json\/wp\/v2\/categories?post=191783"},{"taxonomy":"post_tag","embeddable":true,"href":"https:\/\/www.europesays.com\/be-fr\/wp-json\/wp\/v2\/tags?post=191783"}],"curies":[{"name":"wp","href":"https:\/\/api.w.org\/{rel}","templated":true}]}}