{"id":193723,"date":"2026-07-30T19:41:10","date_gmt":"2026-07-30T19:41:10","guid":{"rendered":"https:\/\/www.europesays.com\/be-fr\/193723\/"},"modified":"2026-07-30T19:41:10","modified_gmt":"2026-07-30T19:41:10","slug":"a-benet-les-ateliers-artistiques-dinitiation-au-croquis-sont-un-succes","status":"publish","type":"post","link":"https:\/\/www.europesays.com\/be-fr\/193723\/","title":{"rendered":"\u00c0 Benet, les ateliers artistiques d\u2019initiation au croquis sont un succ\u00e8s"},"content":{"rendered":"<p>\n                Article premium,<br \/>\n                    R\u00e9serv\u00e9 aux\u00a0abonn\u00e9s\n            <\/p>\n<p class=\"su-standfirst chapeau\">Mardi 28 juillet 2026, le service Actions culturelles de la communaut\u00e9 de communes Vend\u00e9e S\u00e8vre Autise\u00a0(CCVSA) a organis\u00e9 un atelier d\u2019initiation au croquis \u00e0 Benet (Vend\u00e9e).<\/p>\n<p>                                        <img decoding=\"async\" class=\"su-media\" src=\"https:\/\/media.ouest-france.fr\/v1\/pictures\/MjAyNjA3NjNhOTU2MjhhZWM1NjE1Nzc1NjI3M2JmOGU5NDk3YjA?width=630&amp;height=354&amp;focuspoint=50%2C25&amp;cropresize=1&amp;client_id=bpeditorial&amp;sign=90e85624a2b1edc8af1ccbd3ade90e3ee78a305360ac7c80a983816c27d962ac\" alt=\"Adultes et enfants, ont partag\u00e9 une matin\u00e9e riche d\u2019enseignement lors des ateliers d\u2019initiation au croquis, anim\u00e9s par Charlotte Piednoir, graveuse artisanale.\"  \/><\/p>\n<p>                            Adultes et enfants, ont partag\u00e9 une matin\u00e9e riche d\u2019enseignement lors des ateliers d\u2019initiation au croquis, anim\u00e9s par Charlotte Piednoir, graveuse artisanale. | OUEST-FRANCE<\/p>\n<p>                            fermer<\/p>\n<p><img decoding=\"async\" data-ofmaxheight=\"\" class=\"su-media lazyload\" alt=\"Adultes et enfants, ont partag\u00e9 une matin\u00e9e riche d\u2019enseignement lors des ateliers d\u2019initiation au croquis, anim\u00e9s par Charlotte Piednoir, graveuse artisanale.\" src=\"data:image\/png;base64,iVBORw0KGgoAAAANSUhEUgAAABAAAAAJCAYAAAA7KqwyAAAAGXRFWHRTb2Z0d2FyZQBBZG9iZSBJbWFnZVJlYWR5ccllPAAAABhJREFUeNpi\/P\/\/PwMlgHHUgFEDgAAgwAD+lBrvy+NcxAAAAABJRU5ErkJggg==\" data-oflazyload=\"{&quot;srcset&quot;:&quot;https:\/\/media.ouest-france.fr\/v1\/pictures\/MjAyNjA3NjNhOTU2MjhhZWM1NjE1Nzc1NjI3M2JmOGU5NDk3YjA?width=320&amp;focuspoint=50%2C25&amp;cropresize=1&amp;client_id=bpeditorial&amp;sign=7d73387085a6eb7165e3f5ace17ebc95ace73a9d651cfc138cf792207e8fbbe0 320w,https:\/\/media.ouest-france.fr\/v1\/pictures\/MjAyNjA3NjNhOTU2MjhhZWM1NjE1Nzc1NjI3M2JmOGU5NDk3YjA?width=375&amp;focuspoint=50%2C25&amp;cropresize=1&amp;client_id=bpeditorial&amp;sign=9fff9c581b9403c66ed269f20f0d8377a98599ce32bd23686bb8cdcaf74163a6 360w,https:\/\/media.ouest-france.fr\/v1\/pictures\/MjAyNjA3NjNhOTU2MjhhZWM1NjE1Nzc1NjI3M2JmOGU5NDk3YjA?width=480&amp;focuspoint=50%2C25&amp;cropresize=1&amp;client_id=bpeditorial&amp;sign=5f7c2492a512827439a25e6f4d82c7d71bc4243d18285f6256b60c2773d2821d 480w,https:\/\/media.ouest-france.fr\/v1\/pictures\/MjAyNjA3NjNhOTU2MjhhZWM1NjE1Nzc1NjI3M2JmOGU5NDk3YjA?width=630&amp;focuspoint=50%2C25&amp;cropresize=1&amp;client_id=bpeditorial&amp;sign=d5890e0d7879369c1a735df1df07f92db0d07f54e3b6a4fd84ad2888a3b3bc48 630w,https:\/\/media.ouest-france.fr\/v1\/pictures\/MjAyNjA3NjNhOTU2MjhhZWM1NjE1Nzc1NjI3M2JmOGU5NDk3YjA?width=940&amp;focuspoint=50%2C25&amp;cropresize=1&amp;client_id=bpeditorial&amp;sign=6c053b91fdc42762f247a999de53af4d1d0ca52edd5d7c80f96c83171bdde135 940w,https:\/\/media.ouest-france.fr\/v1\/pictures\/MjAyNjA3NjNhOTU2MjhhZWM1NjE1Nzc1NjI3M2JmOGU5NDk3YjA?width=1260&amp;focuspoint=50%2C25&amp;cropresize=1&amp;client_id=bpeditorial&amp;sign=feeb76bd43805363d08c4bf9b1999ea222a1d0f69fa6261a26ae38114aa646b4 1260w&quot;}\"\/>Adultes et enfants, ont partag\u00e9 une matin\u00e9e riche d\u2019enseignement lors des ateliers d\u2019initiation au croquis, anim\u00e9s par Charlotte Piednoir, graveuse artisanale. | OUEST-FRANCE                            <\/p>\n<p data-ofstats-scroll=\"read_depth_20\">Pendant l\u2019\u00e9t\u00e9, le service Actions culturelles de la communaut\u00e9 de communes Vend\u00e9e S\u00e8vre Autise\u00a0(CCVSA) organise des ateliers artistiques tout public, d\u2019initiation au croquis \u00ab\u00a0Bonjour, veaux, vaches, cochons, ch\u00e8vres\u00a0\u00bb dans le cadre bucolique, le respect des animaux et de la nature, en partenariat avec les exploitations agricoles du territoire.<\/p>\n<p>Mardi 28 juillet 2026, au matin, \u00e0 en croire les participants, adultes et enfants ont partag\u00e9 une matin\u00e9e riche&#8230;<\/p>\n<p style=\"text-align: center; background-color: #dbbe4d; padding-top: 5px; padding-bottom: 5px; font-size: 14px;\">D\u00e9j\u00e0 abonn\u00e9 ? <a data-trkartmonet=\"Identification\" data-trk-sipa=\"{\" blockcategory=\"\" paywall=\"\" href=\"http:\/\/www.ouest-france.fr\/login?redirect=https:\/\/www.ouest-france.fr\/pays-de-la-loire\/benet-85490\/a-benet-les-ateliers-artistiques-dinitiation-au-croquis-sont-un-succes-6238e242-8c11-11f1-9310-a175d4c48a3f\" rel=\"nofollow noopener\" title=\"Se connecter \u00e0 Ouest-France\" class=\"su-link-light\" target=\"_blank\">Connectez-vous<\/a><\/p>\n<p style=\"text-align: center; padding-top: 15px; padding-bottom: 8px; vertical-align: bottom;\">bloqu\u00e9 Pour lire la suite, abonnez-vous<\/p>\n<p style=\"text-align: center;\">1er mois \u00e0 1\u20ac<\/p>\n<p style=\"text-align: center; margin-top: -5px;\">Annulable \u00e0 tout moment<\/p>\n<p style=\"text-align: center;\">\u00a0<\/p>\n<p style=\"text-align: center;\"><a data-ida=\"\" data-trkartmonet=\"Tunnel OF+\" data-trk-sipa=\"{&#010;\" blockcategory=\"\" paywall=\"\" :=\"\" m=\"\" of=\"\" class=\"su-button su-subscription\" data-trk-bloc=\"paywall\" href=\"https:\/\/abonnement.ouest-france.fr\/tunnel\/pack-essentiel-article\/122096117101?int_medium=lien&amp;int_campaign=PWFR0225-OF&amp;int_content=page-article-payant_boutonjaune-paywall&amp;marquesource=OF&amp;rt=https:\/\/www.ouest-france.fr\/pays-de-la-loire\/benet-85490\/a-benet-les-ateliers-artistiques-dinitiation-au-croquis-sont-un-succes-6238e242-8c11-11f1-9310-a175d4c48a3f\" rel=\"nofollow noopener\" target=\"_blank\">Je m&rsquo;abonne<\/a><\/p>\n<p style=\"text-align: center; padding-top: 10px; padding-bottom: 10px;\"><img decoding=\"async\" src=\"https:\/\/media.ouest-france.fr\/v1\/fonts\/be7723fcee3f1866f1ce99184077fc6f-carte-bancaire.svg?height=36\" alt=\"CB\"\/>\u00a0\u00a0<img decoding=\"async\" src=\"https:\/\/media.ouest-france.fr\/v1\/fonts\/1819d54c599d8afa64539cfba4ac9dde-rib.svg?height=36\" alt=\"RIB\"\/>\u00a0\u00a0<img decoding=\"async\" src=\"https:\/\/media.ouest-france.fr\/v1\/fonts\/065fc80d7b6a03d14a834c224ce723e1-paypal.svg?height=36\" alt=\"PAYPAL\"\/><\/p>\n","protected":false},"excerpt":{"rendered":"Article premium, R\u00e9serv\u00e9 aux\u00a0abonn\u00e9s Mardi 28 juillet 2026, le service Actions culturelles de la communaut\u00e9 de communes Vend\u00e9e&hellip;\n","protected":false},"author":2,"featured_media":193724,"comment_status":"","ping_status":"","sticky":false,"template":"","format":"standard","meta":{"footnotes":"","_share_on_mastodon":"0"},"categories":[101],"tags":[126,124,125,12,13,18,17,46708,127,96,95,1553],"class_list":["post-193723","post","type-post","status-publish","format-standard","has-post-thumbnail","category-arts-et-design","tag-arts","tag-arts-and-design","tag-arts-et-design","tag-be","tag-be-fr","tag-belgique","tag-belgium","tag-benet","tag-design","tag-divertissement","tag-entertainment","tag-vendee"],"share_on_mastodon":{"url":"https:\/\/pubeurope.com\/@be_fr\/117010634637369164","error":""},"_links":{"self":[{"href":"https:\/\/www.europesays.com\/be-fr\/wp-json\/wp\/v2\/posts\/193723","targetHints":{"allow":["GET"]}}],"collection":[{"href":"https:\/\/www.europesays.com\/be-fr\/wp-json\/wp\/v2\/posts"}],"about":[{"href":"https:\/\/www.europesays.com\/be-fr\/wp-json\/wp\/v2\/types\/post"}],"author":[{"embeddable":true,"href":"https:\/\/www.europesays.com\/be-fr\/wp-json\/wp\/v2\/users\/2"}],"replies":[{"embeddable":true,"href":"https:\/\/www.europesays.com\/be-fr\/wp-json\/wp\/v2\/comments?post=193723"}],"version-history":[{"count":0,"href":"https:\/\/www.europesays.com\/be-fr\/wp-json\/wp\/v2\/posts\/193723\/revisions"}],"wp:featuredmedia":[{"embeddable":true,"href":"https:\/\/www.europesays.com\/be-fr\/wp-json\/wp\/v2\/media\/193724"}],"wp:attachment":[{"href":"https:\/\/www.europesays.com\/be-fr\/wp-json\/wp\/v2\/media?parent=193723"}],"wp:term":[{"taxonomy":"category","embeddable":true,"href":"https:\/\/www.europesays.com\/be-fr\/wp-json\/wp\/v2\/categories?post=193723"},{"taxonomy":"post_tag","embeddable":true,"href":"https:\/\/www.europesays.com\/be-fr\/wp-json\/wp\/v2\/tags?post=193723"}],"curies":[{"name":"wp","href":"https:\/\/api.w.org\/{rel}","templated":true}]}}