{"id":194109,"date":"2026-07-31T04:55:12","date_gmt":"2026-07-31T04:55:12","guid":{"rendered":"https:\/\/www.europesays.com\/be-fr\/194109\/"},"modified":"2026-07-31T04:55:12","modified_gmt":"2026-07-31T04:55:12","slug":"dechets-electriques-au-recyparc-bien-trier-pour-eviter-les-risques","status":"publish","type":"post","link":"https:\/\/www.europesays.com\/be-fr\/194109\/","title":{"rendered":"D\u00e9chets \u00e9lectriques au recyparc : bien trier pour \u00e9viter les risques"},"content":{"rendered":"<p>  <img decoding=\"async\" class=\"r-img lazyloaded\" src=\"\/sites\/all\/themes\/enacarbon_rtl\/images\/rtlinfo-192x192.png\" alt=\"Image auteur par d\u00e9faut\"\/><\/p>\n<p>par Louise Mechet<br \/>\n\tPubli\u00e9 le 31 juillet \u00e0 05h00<\/p>\n<p>  <a href=\"https:\/\/www.google.com\/preferences\/source?q=rtl%20info\" class=\"r-link--google-favorites\" role=\"button\">Ajoutez-nous \u00e0 vos favoris Google<\/a><br \/>\n\tPatrick\u00a0s\u2019est rendu au\u00a0recyparc\u00a0de La Louvi\u00e8re\u00a0pour jeter des lampes de jardin\u00a0LED\u00a0\u00e0\u00a0panneaux solaires, contenant\u00a0des batteries\u00a0au\u00a0lithium.\u00a0Mais l\u2019employ\u00e9 qui\u00a0l\u2019accueille\u00a0lui\u00a0a indiqu\u00e9\u00a0que ses\u00a0d\u00e9chets\u00a0pouvaient \u00eatre\u00a0mis\u00a0aux\u00a0encombrants.\u00a0\u00c9tonn\u00e9, Patrick nous a contact\u00e9s via le bouton orange Alertez-nous. Selon lui, jeter ces lampes au mauvais endroit\u00a0pourrait\u00a0constituer\u00a0un risque d\u2019incendie.<\/p>\n<p>&#13;<br \/>\n&#13;<\/p>\n<p>D\u00e9but juillet, Patrick se rend au\u00a0recyparc\u00a0de La Louvi\u00e8re\u00a0(Haine-Saint-Paul)\u00a0pour y jeter\u00a0des lampes de jardin LED avec panneaux\u00a0solaires, contenant\u00a0des batteries\u00a0au lithium. Il se dirige vers le\u00a0conteneur\u00a0Recupel\u00a0qui collecte les d\u00e9chets d\u2019\u00e9quipements\u00a0\u00e9lectriques et \u00e9lectroniques (D.E.E.E).<\/p>\n<p>En effet, selon le site web\u00a0<a href=\"https:\/\/www.recupel.be\/fr\/ampoules\" target=\"_blank\" rel=\"nofollow noopener\">Recupel<\/a>, les ampoules\u00a0led\u00a0contiennent des substances toxiques et sont donc\u00a0obligatoirement\u00a0jet\u00e9es et\u00a0recycl\u00e9es\u00a0dans des\u00a0endroits am\u00e9nag\u00e9s\u00a0pour cela.<\/p>\n<p>&#13;<br \/>\n&#13;<\/p>\n<p>&#13;<br \/>\n&#13;<\/p>\n<p>Cependant, alors qu\u2019il se dirige vers le conteneur adapt\u00e9, un employ\u00e9 lui indique que ses d\u00e9chets\u00a0peuvent\u00a0\u00eatre jet\u00e9s aux encombrants. \u00ab\u00a0J\u2019ai donc demand\u00e9 \u00e0 cette personne s\u2019il en \u00e9tait s\u00fbr\u00a0et il m\u2019a r\u00e9pondu oui\u00a0\u00bb, raconte Patrick, \u00e9tonn\u00e9.<\/p>\n<p>La r\u00e9ponse du\u00a0recyparc<\/p>\n<p>Patrick a quand m\u00eame tenu \u00e0 nous pr\u00e9ciser que l\u2019employ\u00e9 sur place \u00e9tait jeune. \u00ab\u00a0Je ne savais pas si la personne qui m\u2019a conseill\u00e9 \u00e9tait une personne habituelle ou un \u00e9tudiant\u00a0\u00bb, d\u00e9taille-t-il avant d\u2019ajouter qu\u2019il s\u2019agissait peut-\u00eatre d\u2019une erreur isol\u00e9e.<\/p>\n<p>Alison Destrebecq, charg\u00e9e de communication de\u00a0Hygea\u00a0(l\u2019intercommunale de gestion\u00a0des d\u00e9chets dans le Hainaut) le\u00a0confirme. Ce type\u00a0d\u2019appareil ne doit pas \u00eatre jet\u00e9 dans les encombrants. Il s\u2019agit d\u2019un\u00a0\u00e9cart\u00a0exceptionnel.\u00a0Elle ajoute cependant\u00a0qu\u2019en imaginant la taille des lampes, \u00ab\u00a0ces derni\u00e8res ne\u00a0constituent\u00a0pas de risque\u00a0d\u2019explosion parce\u00a0qu\u2019elles ne contiennent ni de\u00a0grosse\u00a0batterie, ni de gaz, et il y a un risque d\u2019incendie, mais faible.\u00a0\u00bb<\/p>\n<p>&#13;<br \/>\n&#13;<\/p>\n<p>&#13;<br \/>\n&#13;<\/p>\n<p>\n  &#13;<br \/>\n  \u00c0 lire aussi&#13;<br \/>\n  &#13;<\/p>\n<p>  <img decoding=\"async\" data-copyright=\"RTL info\" class=\"r-img\"  typeof=\"foaf:Image\" src=\"https:\/\/www.europesays.com\/be-fr\/wp-content\/uploads\/2026\/07\/63805668.jpeg\" alt=\"savoir plus.jpg\"\/><br \/>\n        <a class=\"r-stories--link\" href=\"https:\/\/www.rtl.be\/actu\/environnement\/cest-un-probleme-typiquement-belge-ces-dechets-representent-35-des-depots\/2026-02-19\/article\/780348\" rel=\"nofollow noopener\" target=\"_blank\">\u00ab\u00a0C\u2019est un probl\u00e8me typiquement belge\u00a0\u00bb\u00a0: ces d\u00e9chets repr\u00e9sentent 35\u00a0% des d\u00e9p\u00f4ts sauvages\u2026 mais une consigne n\u2019est pas encore d\u2019actualit\u00e9<\/a>&#13;<br \/>\n  &#13;<br \/>\n&#13;\n<\/p>\n<p>La responsable communication nous redirige vers le site de\u00a0l\u2019intercommunale, qui d\u00e9taille\u00a0les <a href=\"https:\/\/www.hygea.be\/sites\/default\/files\/document\/files\/GuideRecyparcs_2026_DEF_0.pdf\" target=\"_blank\" rel=\"nofollow noopener\">r\u00e8gles de tri<\/a> des\u00a0recyparcs.\u00a0La r\u00e9colte\u00a0minutieuse\u00a0permet de\u00a0recycler, composter, incin\u00e9rer ou enfouir les d\u00e9chets de mani\u00e8re optimale.\u00a0Les centres de tri\u00a0Hygea \u00ab\u00a0sont\u00a0un outil\u00a0pr\u00e9cieux au service de notre\u00a0environnement\u00a0\u00bb, peut-on y lire.<\/p>\n<p>Au final, Patrick d\u00e9pose ses lampes dans les encombrants. \u00ab\u00a0C\u2019est dangereux, il n\u2019est pas \u00e9tonnant qu\u2019il y ait eu des incendies dans ces endroits\u00a0\u00bb, proteste-t-il. En effet, les centres de tri pr\u00e9voient\u00a0normalement\u00a0un tri\u00a0plus attentif\u00a0des d\u00e9chets.<\/p>\n<p>L\u2019importance de trier ses d\u00e9chets\u00a0\u00e9lectriques<\/p>\n<p>Val\u00e9rie Rampi, porte-parole de\u00a0Recupel, nous explique\u00a0que \u00ab\u00a0si des piles et\u00a0des batteries lithium-ion se trouvent dans le mauvais flux de d\u00e9chets, elles\u00a0peuvent\u00a0\u00eatre \u00e9cras\u00e9es lors\u00a0de leur traitement, donc\u00a0provoquer des\u00a0courts-circuits\u00a0et\u00a0des\u00a0incendies\u00a0\u00bb.\u00a0Selon elle, un mauvais tri des d\u00e9chets constitue un danger pour tous les employ\u00e9s des centres de tri et de recyclage.<\/p>\n<p>\n  &#13;<br \/>\n  \u00c0 lire aussi&#13;<br \/>\n  &#13;<\/p>\n<p>  <img decoding=\"async\" data-copyright=\"Adobe Stock\" class=\"r-img\"  typeof=\"foaf:Image\" src=\"https:\/\/www.europesays.com\/be-fr\/wp-content\/uploads\/2026\/07\/68936704.jpeg\" alt=\"AdobeStock_329382680.jpeg\"\/><br \/>\n        <a class=\"r-stories--link\" href=\"https:\/\/www.rtl.be\/actu\/belgique\/societe\/42-des-belges-font-cette-erreur-dans-leur-salle-de-bain-cest-typiquement-un\/2026-03-18\/article\/782998\" rel=\"nofollow noopener\" target=\"_blank\">42\u00a0% des Belges font cette erreur dans leur salle de bain\u00a0: \u00ab\u00a0C\u2019est typiquement un endroit o\u00f9 le doute s\u2019installe vite\u00a0\u00bb<\/a>&#13;<br \/>\n  &#13;<br \/>\n&#13;\n<\/p>\n<p>Elle nous rappelle les bons gestes \u00e0 adopter pour bien trier ses d\u00e9chets \u00e9lectriques et\u00a0\u00e9lectroniques.\u00a0D\u2019abord, il\u00a0faut bien\u00a0identifier l\u2019appareil\u00a0: s\u2019il s\u2019allume, se branche ou se charge, il doit \u00eatre recycl\u00e9.<\/p>\n<p>La seconde chose \u00e0 v\u00e9rifier, c\u2019est si l\u2019appareil contient une pile ou une batterie. Dans ce cas, \u00ab\u00a0elle\u00a0doit \u00eatre jet\u00e9e dans un r\u00e9cipient\u00a0Bebat\u00a0(bo\u00eetes et poubelles\u00a0vert clair\u00a0pr\u00e9sentes dans les\u00a0recyparcs, magasins et entreprises pour la r\u00e9colte des piles et batteries, Ndlr.)\u00a0et la\u00a0carcasse\u00a0dans un conteneur\u00a0Recupel. Si on ne peut pas les\u00a0s\u00e9parer, il faut toujours placer l\u2019appareil dans un r\u00e9cipient\u00a0Recupel.\u00a0\u00bb<\/p>\n<p>&#13;<br \/>\n&#13;<\/p>\n<p>&#13;<br \/>\n&#13;<\/p>\n<p><a class=\"r-btn r-btn--tag\" href=\"https:\/\/www.rtl.be\/4929\/free-tags\/alertez-nous\" title=\"alertez-nous\" rel=\"nofollow noopener\" target=\"_blank\">alertez-nous<\/a><br \/>\n<a class=\"r-btn r-btn--tag\" href=\"https:\/\/www.rtl.be\/334609\/locations\/la-louviere-hainaut\" title=\"La Louvi\u00e8re (Hainaut)\" rel=\"nofollow noopener\" target=\"_blank\">La Louvi\u00e8re (Hainaut)<\/a><\/p>\n","protected":false},"excerpt":{"rendered":"par Louise Mechet Publi\u00e9 le 31 juillet \u00e0 05h00 Ajoutez-nous \u00e0 vos favoris Google Patrick\u00a0s\u2019est rendu au\u00a0recyparc\u00a0de La&hellip;\n","protected":false},"author":2,"featured_media":194110,"comment_status":"","ping_status":"","sticky":false,"template":"","format":"standard","meta":{"footnotes":"","_share_on_mastodon":"0"},"categories":[35],"tags":[59703,12,13,59708,18,17,38,59707,37,36,59709,59706,59704,59702,59705,59701,25162],"class_list":["post-194109","post","type-post","status-publish","format-standard","has-post-thumbnail","category-economie","tag-batteries-lithium","tag-be","tag-be-fr","tag-bebat","tag-belgique","tag-belgium","tag-business","tag-dechets-electriques","tag-economie","tag-economy","tag-encombrants","tag-hygea","tag-incendie-recyparc","tag-lampes-led","tag-recupel","tag-recyparc-la-louviere","tag-tri-des-dechets"],"share_on_mastodon":{"url":"https:\/\/pubeurope.com\/@be_fr\/117012812831975778","error":""},"_links":{"self":[{"href":"https:\/\/www.europesays.com\/be-fr\/wp-json\/wp\/v2\/posts\/194109","targetHints":{"allow":["GET"]}}],"collection":[{"href":"https:\/\/www.europesays.com\/be-fr\/wp-json\/wp\/v2\/posts"}],"about":[{"href":"https:\/\/www.europesays.com\/be-fr\/wp-json\/wp\/v2\/types\/post"}],"author":[{"embeddable":true,"href":"https:\/\/www.europesays.com\/be-fr\/wp-json\/wp\/v2\/users\/2"}],"replies":[{"embeddable":true,"href":"https:\/\/www.europesays.com\/be-fr\/wp-json\/wp\/v2\/comments?post=194109"}],"version-history":[{"count":0,"href":"https:\/\/www.europesays.com\/be-fr\/wp-json\/wp\/v2\/posts\/194109\/revisions"}],"wp:featuredmedia":[{"embeddable":true,"href":"https:\/\/www.europesays.com\/be-fr\/wp-json\/wp\/v2\/media\/194110"}],"wp:attachment":[{"href":"https:\/\/www.europesays.com\/be-fr\/wp-json\/wp\/v2\/media?parent=194109"}],"wp:term":[{"taxonomy":"category","embeddable":true,"href":"https:\/\/www.europesays.com\/be-fr\/wp-json\/wp\/v2\/categories?post=194109"},{"taxonomy":"post_tag","embeddable":true,"href":"https:\/\/www.europesays.com\/be-fr\/wp-json\/wp\/v2\/tags?post=194109"}],"curies":[{"name":"wp","href":"https:\/\/api.w.org\/{rel}","templated":true}]}}