{"id":195713,"date":"2026-08-01T10:00:13","date_gmt":"2026-08-01T10:00:13","guid":{"rendered":"https:\/\/www.europesays.com\/be-fr\/195713\/"},"modified":"2026-08-01T10:00:13","modified_gmt":"2026-08-01T10:00:13","slug":"david-clarinval-le-bon-soldat-du-mr-qui-va-au-casse-pipe-et-traverse-les-crises-en-accumulant-les-reformes","status":"publish","type":"post","link":"https:\/\/www.europesays.com\/be-fr\/195713\/","title":{"rendered":"David Clarinval, le \u00ab\u00a0bon soldat du MR\u00a0\u00bb qui va au casse-pipe et traverse les crises en accumulant les r\u00e9formes"},"content":{"rendered":"<p class=\"ap-StoryElement ap-StoryElement--mb ap-StoryText\">D\u00e9sign\u00e9 en f\u00e9vrier 2025 au poste de ministre de l&rsquo;Emploi, l&rsquo;\u00e9lu MR a h\u00e9rit\u00e9 d&rsquo;une fonction qui n&rsquo;avait plus \u00e9t\u00e9 aux mains des lib\u00e9raux depuis 103 ans. Le dernier \u00ab\u00a0bleu\u00a0\u00bb \u00e0 avoir g\u00e9r\u00e9 ce portefeuille \u00e9tait Ernest Mahaim. Membre du Parti lib\u00e9ral, il est rest\u00e9 en poste moins de deux mois : du 24 octobre 1921 au 16 d\u00e9cembre 1921. <a href=\"https:\/\/fr.wikipedia.org\/wiki\/Liste_des_ministres_belges_de_l%27Emploi\" target=\"_self\" rel=\"nofollow noopener\">36 ministres diff\u00e9rents se sont succ\u00e9d\u00e9 depuis. <\/a>Ils \u00e9taient tour \u00e0 tour membres du parti catholique, du Parti ouvrier belge (POB), du PSB-BSP, du PSC-CVP, du SP, du CVP, du PS, du sp.a, du cdH et du CD &amp; V.<\/p>\n<p><a href=\"https:\/\/www.dhnet.be\/actu\/belgique\/2026\/07\/30\/pause-estivale-pour-le-gouvernement-voici-qui-tiendra-la-boutique-pendant-que-bart-de-wever-ira-au-japon-YMEREIYCIBHQFIUFFF5ZSUQ3IM\/\" target=\"_self\" class=\"ap-StoryInterstitialLink ap-StoryElement ap-StoryElement--mb\" rel=\"nofollow noopener\">Pause estivale pour le gouvernement : voici qui tiendra la boutique pendant que Bart De Wever ira au Japon<\/a><\/p>\n<p class=\"ap-StoryElement ap-StoryElement--mb ap-StoryText\">Cette absence de lib\u00e9raux \u00e0 ce poste est employ\u00e9e comme argument par le MR pour d\u00e9montrer que s&rsquo;il existe un immobilisme en mati\u00e8re d&#8217;emploi, il n&rsquo;est pas de son fait. Leur pr\u00e9sident, Georges-Louis Bouchez, aime r\u00e9p\u00e9ter que David Clarinval est le ministre de l&rsquo;Arizona ayant abattu <a href=\"https:\/\/www.mr.be\/georges-louis-bouchez-sur-ln24-les-ministres-mr-sont-les-porteurs-des-reformes-les-plus-importantes\/\" target=\"_self\" rel=\"nofollow noopener\">le plus grand nombre de r\u00e9formes importantes<\/a>. En avril, le Montois soulignait ainsi que les autres ministres d\u00e9rivaient de 3,4 milliards d&rsquo;euros par rapport aux objectifs de l&rsquo;accord de gouvernement. \u00ab\u00a0David Clarinval, lui, a fait 300 millions de mieux.\u00a0\u00bb<\/p>\n<p>Neuf r\u00e9formes<\/p>\n<p class=\"ap-StoryElement ap-StoryElement--mb ap-StoryText\">Les chiffres sont de son c\u00f4t\u00e9. En moins de deux ans, le ministre MR a r\u00e9ussi \u00e0 faire adopter neuf r\u00e9formes tr\u00e8s importantes en mati\u00e8re d&#8217;emploi : limitation du ch\u00f4mage dans le temps, 650 heures de job \u00e9tudiant, extension des flexi-jobs, travail de nuit, nouveau plafond de pr\u00e9avis, r\u00e9introduction de la p\u00e9riode d&rsquo;essai, fin du compte de formation f\u00e9d\u00e9ral (Federal Learning Account), assouplissements concernant les r\u00e8glements de travail et, enfin, les 360 heures suppl\u00e9mentaires volontaires par an, dont 240 heures d\u00e9fiscalis\u00e9es et jusqu&rsquo;\u00e0 450 heures dans l&rsquo;Horeca.<\/p>\n<p><a href=\"https:\/\/www.dhnet.be\/regions\/luxembourg\/2026\/07\/28\/la-profession-de-foire-de-bart-de-wever-a-libramont-je-suis-content-de-voir-linnovation-dans-le-secteur-et-loptimisme-video-H24WAIAVCFA3PKMPI2IAKWHLF4\/\" target=\"_self\" class=\"ap-StoryInterstitialLink ap-StoryElement ap-StoryElement--mb\" rel=\"nofollow noopener\">La profession de foire de Bart de Wever \u00e0 Libramont : \u00ab\u00a0Je suis content de voir l&rsquo;innovation dans le secteur et l&rsquo;optimisme\u00a0\u00bb (Vid\u00e9o)<\/a><\/p>\n<p class=\"ap-StoryElement ap-StoryElement--mb ap-StoryText\">\u00c0 cela, il faut ajouter le projet d&rsquo;annualisation du travail qui vient de passer en premi\u00e8re lecture au gouvernement. Tout cela, pour la gauche et les syndicats, a valeur de \u00ab\u00a0catalogue des horreurs\u00a0\u00bb. Pour eux, ces r\u00e9formes vont accro\u00eetre la mis\u00e8re en Belgique et d\u00e9molir les conditions des travailleurs. Pour la droite et le patronat, ce sont des r\u00e9formes \u00ab\u00a0historiques\u00a0\u00bb.<\/p>\n<p class=\"ap-StoryElement ap-StoryElement--mb ap-StoryText\">\u00ab\u00a0Le pays a commenc\u00e9 \u00e0 engager des r\u00e9formes il y a vingt-cinq ans, mais il s&rsquo;est toujours heurt\u00e9 \u00e0 des blocages. Pour la premi\u00e8re fois dans notre histoire, le droit du travail devient moins rigide\u00a0\u00bb, se r\u00e9jouit Pieter Timmermans. Le CEO de la F\u00e9d\u00e9ration des entreprises de Belgique dit appr\u00e9cier fortement la m\u00e9thode du ministre lib\u00e9ral qu&rsquo;il d\u00e9crit comme un \u00ab\u00a0homme ouvert au d\u00e9bat et \u00e0 la concertation\u00a0\u00bb. \u00ab\u00a0Toutes ses r\u00e9formes conservent un \u00e9quilibre entre davantage de souplesse et la protection des travailleurs.\u00a0\u00bb<\/p>\n<p>Horreur pour les syndicats<\/p>\n<p class=\"ap-StoryElement ap-StoryElement--mb ap-StoryText\">Des propos qu&rsquo;il est impossible d&rsquo;entendre du c\u00f4t\u00e9 syndical. Marie-H\u00e9l\u00e8ne Ska d\u00e9c\u00e8le dans la vision de David Clarinval \u00ab\u00a0<a href=\"https:\/\/www.lacsc.be\/actualite\/actualites-et-communiques-de-presse\/newsdetail\/2026\/07\/30\/dans-de-tijd--le-ministre-de-l-emploi-prend-des-vessies-pour-des-lanternes\" target=\"_self\" rel=\"nofollow noopener\">un manque d&rsquo;\u00e9coute pr\u00e9occupant\u00a0\u00bb<\/a> et \u00ab\u00a0un certain m\u00e9pris pour celles et ceux qui vivent de leur travail\u00a0\u00bb. La secr\u00e9taire g\u00e9n\u00e9rale de la CSC juge que \u00ab\u00a0le ministre de l&rsquo;Emploi prend des vessies pour des lanternes\u00a0\u00bb lorsqu&rsquo;il affirme que les syndicats font peur aux gens.<\/p>\n<p class=\"ap-StoryElement ap-StoryElement--mb ap-StoryText\">Au mois de janvier, <a href=\"https:\/\/www.facebook.com\/reel\/2015420269189756\" target=\"_self\" rel=\"nofollow noopener\">la FGTB avait accus\u00e9 le ministre de prof\u00e9rer des \u00ab\u00a0mensonges\u00a0\u00bb<\/a> lorsqu&rsquo;il avait \u00e9voqu\u00e9 en direct le chiffre de 375 000 emplois vacants. Le ministre a, depuis, \u00e9voqu\u00e9 une autre fa\u00e7on de compter mais cette s\u00e9quence lui a coll\u00e9 \u00e0 la peau pendant longtemps.<\/p>\n<p class=\"ap-StoryElement ap-StoryElement--mb ap-StoryText\">\u00ab\u00a0David Clarinval, c&rsquo;est l&rsquo;homme qui va au casse-pipe et qui prend les coups\u00a0\u00bb, observe Alexia Bertrand (Anders) qui l&rsquo;a eu comme coll\u00e8gue dans la Vivaldi et qui le cuisine aujourd&rsquo;hui \u00e0 la Chambre depuis les bancs de l&rsquo;opposition. \u00ab\u00a0C&rsquo;est le contraire du manipulateur, avec lui on sait toujours quelle heure il est, il n&rsquo;utilise jamais de trucs et ficelles politiques et malgr\u00e9 cela, il tient t\u00eate. Il va essayer de faire de son mieux, parfois \u00e0 ses d\u00e9pens. Et \u00e7a peut parfois lui co\u00fbter cher. Mais en m\u00eame temps, c&rsquo;est quelqu&rsquo;un qui est capable de s&rsquo;excuser s&rsquo;il se trompe, ce qui est assez rare en politique.\u00a0\u00bb<\/p>\n<p><a href=\"https:\/\/www.dhnet.be\/actu\/belgique\/2026\/07\/27\/bart-de-wever-a-la-foire-de-libramont-mon-experience-la-plus-proche-avec-un-cheval-de-trait-consiste-a-avoir-lu-un-livre-sur-ce-sujet-JUFYP34NLJD7LAAWSKVMMKJL7I\/\" target=\"_self\" class=\"ap-StoryInterstitialLink ap-StoryElement ap-StoryElement--mb\" rel=\"nofollow noopener\">Bart De Wever \u00e0 la Foire de Libramont : \u00ab\u00a0Mon exp\u00e9rience la plus proche avec un cheval de trait consiste \u00e0 avoir lu un livre sur ce sujet\u00a0\u00bb<\/a>\u00ab\u00a0Gros bosseur\u00a0\u00bb<\/p>\n<p class=\"ap-StoryElement ap-StoryElement--mb ap-StoryText\">Mathieu Bihet (MR) le d\u00e9crit comme un \u00ab\u00a0tr\u00e8s gros bosseur\u00a0\u00bb. \u00ab\u00a0Il conna\u00eet tr\u00e8s bien ses dossiers\u00a0\u00bb, explique le ministre de l&rsquo;\u00c9nergie. \u00ab\u00a0En tant que vice-pr\u00e9sident, il ma\u00eetrise aussi bien les siens que ceux des autres. C&rsquo;est quelqu&rsquo;un qui sait faire des accords. Il sait o\u00f9 se trouvent les compromis et les deals possibles.\u00a0\u00bb<\/p>\n<p class=\"ap-StoryElement ap-StoryElement--mb ap-StoryText\">David Clarinval est connu pour ne pas aimer le conflit. Pourtant c&rsquo;est toujours lui qui doit d\u00e9fendre les dossiers \u00e9pineux au kern, souvent sous la pression intransigeante de son pr\u00e9sident de parti. \u00ab\u00a0C&rsquo;est un bon soldat du MR\u00a0\u00bb, est-il r\u00e9sum\u00e9 en interne.<\/p>\n<p class=\"ap-StoryElement ap-StoryElement--mb ap-StoryText\">La r\u00e9forme du ch\u00f4mage est sans doute le basculement le plus marquant op\u00e9r\u00e9 par le ministre de l&rsquo;Emploi. \u00c0 cet \u00e9gard, Alexia Bertrand le compare \u00e0 Jan Jambon (N-VA), le ministre des Pensions. \u00ab\u00a0Ce sont deux \u00e9lus qui scient des grosses planches, comme on dit en flamand\u00a0\u00bb.<\/p>\n<p class=\"ap-StoryElement ap-StoryElement--mb ap-StoryText\">Tout comme la r\u00e9forme des pensions, celle des limitations des allocations de ch\u00f4mage fait l&rsquo;objet d&rsquo;une vive contestation. Mathieu Bihet balaie ces critiques. Selon lui, une grande partie de la population est demandeuse de ces r\u00e9formes. \u00ab\u00a0Les syndicats veulent jouer le match dans la rue mais cette mesure a \u00e9t\u00e9 port\u00e9e durant les \u00e9lections par plusieurs partis qui sont aujourd&rsquo;hui au pouvoir. Elle correspond \u00e0 une demande \u00e9lectorale forte. L&rsquo;opposition de la gauche est presque in\u00e9vitable quand on porte des mesures qui changent le syst\u00e8me et remettent en cause certains aspects du mod\u00e8le existant.\u00a0\u00bb<\/p>\n<p><a href=\"https:\/\/www.dhnet.be\/actu\/belgique\/2026\/07\/02\/entre-les-engages-et-le-mr-les-querelles-deviennent-plus-chaudes-que-le-climat-JYOTFCS2PRBBBGDRQ3UJSMSRJA\/\" target=\"_self\" class=\"ap-StoryInterstitialLink ap-StoryElement ap-StoryElement--mb\" rel=\"nofollow noopener\">Entre Les Engag\u00e9s et le MR, les querelles deviennent plus chaudes que le climat<\/a>\u00ab\u00a0Honte\u00a0\u00bb<\/p>\n<p class=\"ap-StoryElement ap-StoryElement--mb ap-StoryText\">Un syndicaliste, qui a pr\u00e9f\u00e9r\u00e9 garder l&rsquo;anonymat, brosse le portrait d&rsquo;un homme \u00ab\u00a0incapable d&rsquo;argumenter sur le fond\u00a0\u00bb et ayant \u00ab\u00a0une compr\u00e9hension r\u00e9elle des enjeux dont il s&rsquo;occupe proche de z\u00e9ro\u00a0\u00bb.<\/p>\n<p class=\"ap-StoryElement ap-StoryElement--mb ap-StoryText\">Au mois d&rsquo;octobre dernier, suite \u00e0 une pol\u00e9mique sur la nationalit\u00e9 des demandeurs d&#8217;emploi, la cheffe de groupe Ecolo-Groen, Sarah Schlitz, avait estim\u00e9 que <a href=\"https:\/\/ecolo.be\/actualites\/sarah-schlitz-ecolo-groen-demande-la-convocation-dune-commission-urgente-sur-les-propos-mensongers-du-vice-premier-ministre-clarinval\/\" target=\"_self\" rel=\"nofollow noopener\">le ministre Clarinval faisait \u00ab\u00a0honte \u00e0 la Belgique\u00a0\u00bb.<\/a><\/p>\n<p class=\"ap-StoryElement ap-StoryElement--mb ap-StoryText\">\u00ab\u00a0Honn\u00eatement, je ne sais pas comment il fait\u00a0\u00bb, poursuit Mathieu Bihet. \u00ab\u00a0En termes de fatigue, de pression et d&rsquo;attaques m\u00e9diatiques\u2026 c&rsquo;est quelqu&rsquo;un de tr\u00e8s solide.\u00a0\u00bb<\/p>\n<p class=\"ap-StoryElement ap-StoryElement--mb ap-StoryText\">\u00ab\u00a0Ce n&rsquo;est pas celui qui a le plus d&rsquo;\u00e9loquence, ce n&rsquo;est pas celui qui va \u00e9laborer la solution la plus fine\u00a0\u00bb, rel\u00e8ve Alexia Bertrand. \u00ab\u00a0Mais c&rsquo;est le gars qui a le plus r\u00e9form\u00e9 dans ce gouvernement. Il avance \u00e0 coups de gros maillets. Et pour \u00e7a, chapeau.\u00a0\u00bb<\/p>\n","protected":false},"excerpt":{"rendered":"D\u00e9sign\u00e9 en f\u00e9vrier 2025 au poste de ministre de l&rsquo;Emploi, l&rsquo;\u00e9lu MR a h\u00e9rit\u00e9 d&rsquo;une fonction qui n&rsquo;avait&hellip;\n","protected":false},"author":2,"featured_media":195714,"comment_status":"","ping_status":"","sticky":false,"template":"","format":"standard","meta":{"footnotes":"","_share_on_mastodon":"0"},"categories":[8],"tags":[10,12322,12,13,18,17,2698,25,374,11],"class_list":["post-195713","post","type-post","status-publish","format-standard","has-post-thumbnail","category-actualites","tag-actualites","tag-alexia-bertrand","tag-be","tag-be-fr","tag-belgique","tag-belgium","tag-david-clarinval","tag-georges-louis-bouchez","tag-jan-jambon","tag-news"],"share_on_mastodon":{"url":"https:\/\/pubeurope.com\/@be_fr\/117019674288000677","error":""},"_links":{"self":[{"href":"https:\/\/www.europesays.com\/be-fr\/wp-json\/wp\/v2\/posts\/195713","targetHints":{"allow":["GET"]}}],"collection":[{"href":"https:\/\/www.europesays.com\/be-fr\/wp-json\/wp\/v2\/posts"}],"about":[{"href":"https:\/\/www.europesays.com\/be-fr\/wp-json\/wp\/v2\/types\/post"}],"author":[{"embeddable":true,"href":"https:\/\/www.europesays.com\/be-fr\/wp-json\/wp\/v2\/users\/2"}],"replies":[{"embeddable":true,"href":"https:\/\/www.europesays.com\/be-fr\/wp-json\/wp\/v2\/comments?post=195713"}],"version-history":[{"count":0,"href":"https:\/\/www.europesays.com\/be-fr\/wp-json\/wp\/v2\/posts\/195713\/revisions"}],"wp:featuredmedia":[{"embeddable":true,"href":"https:\/\/www.europesays.com\/be-fr\/wp-json\/wp\/v2\/media\/195714"}],"wp:attachment":[{"href":"https:\/\/www.europesays.com\/be-fr\/wp-json\/wp\/v2\/media?parent=195713"}],"wp:term":[{"taxonomy":"category","embeddable":true,"href":"https:\/\/www.europesays.com\/be-fr\/wp-json\/wp\/v2\/categories?post=195713"},{"taxonomy":"post_tag","embeddable":true,"href":"https:\/\/www.europesays.com\/be-fr\/wp-json\/wp\/v2\/tags?post=195713"}],"curies":[{"name":"wp","href":"https:\/\/api.w.org\/{rel}","templated":true}]}}