{"id":195729,"date":"2026-08-01T10:14:12","date_gmt":"2026-08-01T10:14:12","guid":{"rendered":"https:\/\/www.europesays.com\/be-fr\/195729\/"},"modified":"2026-08-01T10:14:12","modified_gmt":"2026-08-01T10:14:12","slug":"accises-sur-le-gaz-naturel-et-le-mazout-preavis-depots-clandestins-voici-tout-ce-qui-a-change-ce-1er-aout-2026","status":"publish","type":"post","link":"https:\/\/www.europesays.com\/be-fr\/195729\/","title":{"rendered":"Accises sur le gaz naturel et le mazout, pr\u00e9avis, d\u00e9p\u00f4ts clandestins\u00a0: voici tout ce qui a chang\u00e9 ce 1er\u00a0ao\u00fbt 2026"},"content":{"rendered":"<p class=\"ap-StoryElement ap-StoryElement--mb ap-StoryText\">Concr\u00e8tement, la facture de gaz d&rsquo;un m\u00e9nage moyen se chauffant au gaz naturel (consommation de 17 MWh, NDLR) augmentera de 18,17 euros par an. Gr\u00e2ce \u00e0 la baisse des accises sur l&rsquo;\u00e9lectricit\u00e9, ce m\u00eame m\u00e9nage paiera en moyenne 12,64 euros de moins pour son \u00e9lectricit\u00e9 (3,5 MWh). Au total, la facture \u00e9nerg\u00e9tique globale augmentera donc d&rsquo;environ 5,5 euros par an, selon le SPF Finances.<\/p>\n<p class=\"ap-StoryElement ap-StoryElement--mb ap-StoryText\">Initialement, cette r\u00e9forme devait entrer en vigueur le 1er avril, mais elle a \u00e9t\u00e9 retard\u00e9e car l&rsquo;opposition a bloqu\u00e9 la loi-programme \u00e0 plusieurs reprises, notamment en d\u00e9posant des amendements et en sollicitant l&rsquo;avis du Conseil d&rsquo;\u00c9tat.<\/p>\n<p class=\"ap-StoryElement ap-StoryElement--mb ap-StoryText\">\u00c0 partir de 2027, les droits d&rsquo;accise sur le diesel et l&rsquo;essence devraient \u00e9galement augmenter.<\/p>\n<p>Un pr\u00e9avis d&rsquo;une semaine en cas de rupture de contrat durant les six premiers mois<\/p>\n<p class=\"ap-StoryElement ap-StoryElement--mb ap-StoryText\">D\u00e8s ce samedi 1er ao\u00fbt, employeurs et travailleurs pourront rompre un contrat de travail durant les six premiers mois d&rsquo;occupation, moyennant un pr\u00e9avis d&rsquo;une semaine. Cela s&rsquo;apparente, selon plusieurs acteurs sociaux, au retour de la p\u00e9riode d&rsquo;essai supprim\u00e9e en 2014 dans le cadre de l&rsquo;harmonisation des statuts d&#8217;employ\u00e9 et d&rsquo;ouvrier.<\/p>\n<p class=\"ap-StoryElement ap-StoryElement--mb ap-StoryText\">Jusqu&rsquo;\u00e0 pr\u00e9sent et pour les contrats en cours, le d\u00e9lai de pr\u00e9avis s&rsquo;applique durant les trois premiers mois et monte jusqu&rsquo;\u00e0 cinq semaines apr\u00e8s six mois. Pour tout nouveau contrat sign\u00e9 d\u00e8s le 1er ao\u00fbt, ce d\u00e9lai sera d\u00e9sormais r\u00e9duit \u00e0 une semaine, sur proposition du ministre f\u00e9d\u00e9ral de l&rsquo;Emploi David Clarinval (MR).<\/p>\n<p class=\"ap-StoryElement ap-StoryElement--mb ap-StoryText\">L&rsquo;ambition de la r\u00e9forme est de favoriser l&#8217;emploi des jeunes en levant un frein pour l&#8217;employeur, mais aussi de r\u00e9duire la succession de contrats \u00e0 dur\u00e9e d\u00e9termin\u00e9e, parfois pr\u00e9c\u00e9d\u00e9e d&rsquo;un int\u00e9rim de nombreux jeunes travailleurs.<\/p>\n<p class=\"ap-StoryElement ap-StoryElement--mb ap-StoryText\">De nombreux acteurs sociaux ont d\u00e9nonc\u00e9 le retour d&rsquo;une p\u00e9riode d&rsquo;essai, pourtant supprim\u00e9e en 2014. La diff\u00e9rence par rapport \u00e0 la p\u00e9riode d&rsquo;essai r\u00e9side dans le fait que le d\u00e9lai de pr\u00e9avis raccourci s&rsquo;applique automatiquement \u00e0 tous les contrats de travail conclus \u00e0 partir du 1er ao\u00fbt, alors que la p\u00e9riode d&rsquo;essai ne s&rsquo;appliquait que si une clause \u00e0 cet effet \u00e9tait incluse dans le contrat.<\/p>\n<p>1.000\u20ac le m3, 400\u20ac le sac, 400\u20ac le pipi : d\u00e8s le 1er ao\u00fbt, les coupables de d\u00e9p\u00f4ts clandestins vont casquer \u00e0 la Ville de Bruxelles<\/p>\n<p class=\"ap-StoryElement ap-StoryElement--mb ap-StoryText\">La Ville de Bruxelles durcit sa politique de lutte contre <a href=\"https:\/\/www.lavenir.net\/regions\/bruxelles\/bruxelles\/2025\/09\/12\/congelateurs-frigo-planches-bonbonnes-bacs-plastiques-ce-scandaleux-depot-clandestin-de-3m3-en-plein-bruxelles-va-couter-la-blinde-a-ses-auteurs-HAALK7LBGVELHHWNQXEJZEV664\/\" rel=\"nofollow noopener\" target=\"_blank\">les d\u00e9p\u00f4ts clandestins<\/a> en augmentant plusieurs taxes sur les incivilit\u00e9s \u00e0 partir du 1er ao\u00fbt 2026, sur proposition de l&rsquo;\u00e9chevin de la Propret\u00e9 publique, Anas Ben Abdelmoumen (PS). <a href=\"https:\/\/www.lavenir.net\/regions\/bruxelles\/2026\/06\/29\/400-euros-le-sac-non-autorise-1000-par-m2-le-graffiti-la-ville-de-bruxelles-va-doubler-ses-taxes-contre-les-depots-clandestins-des-le-1er-aout-7YPN4AXTERCOVNIAJ7T7IMT5MI\/\" rel=\"nofollow noopener\" target=\"_blank\">Une d\u00e9cision annonc\u00e9e fin juin<\/a>.<\/p>\n<p class=\"ap-StoryElement ap-StoryElement--mb ap-StoryText\">Le nouveau r\u00e8glement-taxe pr\u00e9voit notamment que les d\u00e9p\u00f4ts clandestins \u00ab\u00a0classiques\u00a0\u00bb seront d\u00e9sormais tax\u00e9s \u00e0 1.000 euros par m\u00e8tre cube, contre 500 euros actuellement. Les d\u00e9chets dangereux et de construction passeront de 1.000 \u00e0 2.000 euros par m\u00e8tre cube.<\/p>\n<p class=\"ap-StoryElement ap-StoryElement--mb ap-StoryText\">Les sacs-poubelle non autoris\u00e9s d\u00e9pos\u00e9s sur la voie publique seront tax\u00e9s \u00e0 400 euros par sac, contre 150 euros aujourd&rsquo;hui. Les sacs r\u00e9glementaires ou les cartons sortis en dehors des horaires autoris\u00e9s donneront lieu \u00e0 une taxe de 200 euros par sac ou par m\u00e8tre cube.<\/p>\n<p class=\"ap-StoryElement ap-StoryElement--mb ap-StoryText\">Les graffitis ill\u00e9gaux seront, eux, tax\u00e9s \u00e0 1.000 euros par m\u00e8tre carr\u00e9, contre 500 euros actuellement.<\/p>\n<p class=\"ap-StoryElement ap-StoryElement--mb ap-StoryText\">Enfin, la taxe pour toute personne surprise \u00e0 uriner dans l&rsquo;espace public passe de 250 \u00e0 400 euros.<\/p>\n<p class=\"ap-StoryElement ap-StoryElement--mb ap-StoryText\">Selon l&rsquo;\u00e9chevin de la Propret\u00e9 publique, ces adaptations tiennent compte de l&rsquo;augmentation des co\u00fbts li\u00e9s au traitement des d\u00e9chets. En 2025, cette prise en charge a co\u00fbt\u00e9 deux millions d&rsquo;euros \u00e0 la Ville, dont 600.000 euros pour l&rsquo;\u00e9vacuation de 1.891 tonnes de d\u00e9p\u00f4ts clandestins.<\/p>\n<p><a href=\"https:\/\/www.lavenir.net\/regions\/bruxelles\/bruxelles\/2026\/07\/28\/1000-le-m3-400-le-sac-400-le-pipi-des-le-1er-aout-les-coupables-de-depots-clandestins-vont-casquer-a-la-ville-de-bruxelles-SZ44GX7MGVAQBFML3EFEIBB4RU\/\" target=\"_self\" class=\"ap-StoryInterstitialLink ap-StoryElement ap-StoryElement--mb\" rel=\"nofollow noopener\">1.000\u20ac le m3, 400\u20ac le sac, 400\u20ac le pipi: d\u00e8s le 1er ao\u00fbt, les coupables de d\u00e9p\u00f4ts clandestins vont casquer \u00e0 la Ville de Bruxelles<\/a>VOO supprime ses c\u00e9l\u00e8bres bouquets sportifs au profit d&rsquo;une nouvelle option \u00e0 25 \u20ac par mois<\/p>\n<p class=\"ap-StoryElement ap-StoryElement--mb ap-StoryText\">Les bouquets sportifs VOOsport et VOOsport World passeront \u00e0 la trappe le 1er ao\u00fbt 2026. L&rsquo;annonce est tomb\u00e9e discr\u00e8tement <a href=\"https:\/\/forum.voo.be\/conversations\/news\/orange-sport-debarque-chez-voo\/6a4506dc3683df0e5b9fbd26\" rel=\"nofollow noopener\" target=\"_blank\">sur le forum de l&rsquo;op\u00e9rateur t\u00e9l\u00e9coms<\/a>. \u00ab\u00a0Une nouvelle page s&rsquo;ouvre pour les amateurs de sport ! D\u00e8s le 01.08, VOOsport et VOOsport World tirent leur r\u00e9v\u00e9rence, et Orange Sports prendra leur place pour enrichir notre catalogue avec une offre unique r\u00e9unissant le football belge, les plus grands championnats europ\u00e9ens et de nombreuses comp\u00e9titions sportives internationales.\u00a0\u00bb<\/p>\n<p class=\"ap-StoryElement ap-StoryElement--mb ap-StoryText\">Gratuite jusqu&rsquo;au 30 septembre 2026, la nouvelle option TV baptis\u00e9e Orange Sports sera ensuite factur\u00e9e 25 \u20ac par mois. Au menu : Jupiler Pro League, cinq championnats europ\u00e9ens (Premier League, Bundesliga, Liga, Serie A, Ligue 1), NBA, NFL, tennis (ATP 500, ATP 1000), hockey, golf, boxe, \u00ab\u00a0[\u2026] et bien d&rsquo;autres comp\u00e9titions\u00a0\u00bb, dixit VOO.<\/p>\n<p><a href=\"https:\/\/www.lavenir.net\/actu\/conso\/multimedia\/2026\/07\/14\/voo-supprime-ses-celebres-bouquets-sportifs-au-profit-dune-nouvelle-option-a-25-par-mois-BBETVM56IZDY7L5HOV6UDE2N4A\/\" target=\"_self\" class=\"ap-StoryInterstitialLink ap-StoryElement ap-StoryElement--mb\" rel=\"nofollow noopener\">VOO supprime ses c\u00e9l\u00e8bres bouquets sportifs au profit d&rsquo;une nouvelle option \u00e0 25 \u20ac par mois<\/a><\/p>\n","protected":false},"excerpt":{"rendered":"Concr\u00e8tement, la facture de gaz d&rsquo;un m\u00e9nage moyen se chauffant au gaz naturel (consommation de 17 MWh, NDLR)&hellip;\n","protected":false},"author":2,"featured_media":195730,"comment_status":"","ping_status":"","sticky":false,"template":"","format":"standard","meta":{"footnotes":"","_share_on_mastodon":"0"},"categories":[8],"tags":[10,12,13,18,17,28,2698,11],"class_list":["post-195729","post","type-post","status-publish","format-standard","has-post-thumbnail","category-actualites","tag-actualites","tag-be","tag-be-fr","tag-belgique","tag-belgium","tag-bruxelles-villes","tag-david-clarinval","tag-news"],"share_on_mastodon":{"url":"https:\/\/pubeurope.com\/@be_fr\/117019729263555336","error":""},"_links":{"self":[{"href":"https:\/\/www.europesays.com\/be-fr\/wp-json\/wp\/v2\/posts\/195729","targetHints":{"allow":["GET"]}}],"collection":[{"href":"https:\/\/www.europesays.com\/be-fr\/wp-json\/wp\/v2\/posts"}],"about":[{"href":"https:\/\/www.europesays.com\/be-fr\/wp-json\/wp\/v2\/types\/post"}],"author":[{"embeddable":true,"href":"https:\/\/www.europesays.com\/be-fr\/wp-json\/wp\/v2\/users\/2"}],"replies":[{"embeddable":true,"href":"https:\/\/www.europesays.com\/be-fr\/wp-json\/wp\/v2\/comments?post=195729"}],"version-history":[{"count":0,"href":"https:\/\/www.europesays.com\/be-fr\/wp-json\/wp\/v2\/posts\/195729\/revisions"}],"wp:featuredmedia":[{"embeddable":true,"href":"https:\/\/www.europesays.com\/be-fr\/wp-json\/wp\/v2\/media\/195730"}],"wp:attachment":[{"href":"https:\/\/www.europesays.com\/be-fr\/wp-json\/wp\/v2\/media?parent=195729"}],"wp:term":[{"taxonomy":"category","embeddable":true,"href":"https:\/\/www.europesays.com\/be-fr\/wp-json\/wp\/v2\/categories?post=195729"},{"taxonomy":"post_tag","embeddable":true,"href":"https:\/\/www.europesays.com\/be-fr\/wp-json\/wp\/v2\/tags?post=195729"}],"curies":[{"name":"wp","href":"https:\/\/api.w.org\/{rel}","templated":true}]}}