{"id":195869,"date":"2026-08-01T12:48:10","date_gmt":"2026-08-01T12:48:10","guid":{"rendered":"https:\/\/www.europesays.com\/be-fr\/195869\/"},"modified":"2026-08-01T12:48:10","modified_gmt":"2026-08-01T12:48:10","slug":"evacues-le-defi-du-retour-a-la-vie-normale","status":"publish","type":"post","link":"https:\/\/www.europesays.com\/be-fr\/195869\/","title":{"rendered":"\u00c9vacu\u00e9s : le d\u00e9fi du retour \u00e0 la vie normale"},"content":{"rendered":"<p class=\"jsx-3150768112 jsx-3884010115 ExpandableText__Text\">Le vendredi 31 juillet, en Gironde, les habitants de quatre nouvelles communes ont pu regagner leur logement. Au total, plus des trois quarts des 224 000 \u00e9vacu\u00e9s ont pu rentrer chez eux, un soulagement pour la plupart, m\u00eame si le quotidien a forc\u00e9ment  un peu chang\u00e9. Apr\u00e8s les retrouvailles, il faut penser logistique. Depuis la r\u00e9ouverture de la boulangerie de Morgan, les clients sont moins nombreux. Ils n&rsquo;ont pr\u00e9par\u00e9 que 300 baguettes, contre 500 d&rsquo;habitude.<\/p>\n<p>Lire plusReplier<\/p>\n","protected":false},"excerpt":{"rendered":"Le vendredi 31 juillet, en Gironde, les habitants de quatre nouvelles communes ont pu regagner leur logement. Au&hellip;\n","protected":false},"author":2,"featured_media":195870,"comment_status":"","ping_status":"","sticky":false,"template":"","format":"standard","meta":{"footnotes":"","_share_on_mastodon":"0"},"categories":[99],"tags":[12,13,18,17,17646,96,95,53065,3613,21271,112,52059,139,2955,4225],"class_list":["post-195869","post","type-post","status-publish","format-standard","has-post-thumbnail","category-television","tag-be","tag-be-fr","tag-belgique","tag-belgium","tag-canicule","tag-divertissement","tag-entertainment","tag-incendies-un-ete-2026-de-tous-les-dangers-en-france","tag-le-20h","tag-secheresse","tag-television","tag-vagues-de-chaleur","tag-video","tag-video-sujets-de-societe","tag-vie-en-regions"],"share_on_mastodon":{"url":"https:\/\/pubeurope.com\/@be_fr\/117020334777960169","error":""},"_links":{"self":[{"href":"https:\/\/www.europesays.com\/be-fr\/wp-json\/wp\/v2\/posts\/195869","targetHints":{"allow":["GET"]}}],"collection":[{"href":"https:\/\/www.europesays.com\/be-fr\/wp-json\/wp\/v2\/posts"}],"about":[{"href":"https:\/\/www.europesays.com\/be-fr\/wp-json\/wp\/v2\/types\/post"}],"author":[{"embeddable":true,"href":"https:\/\/www.europesays.com\/be-fr\/wp-json\/wp\/v2\/users\/2"}],"replies":[{"embeddable":true,"href":"https:\/\/www.europesays.com\/be-fr\/wp-json\/wp\/v2\/comments?post=195869"}],"version-history":[{"count":0,"href":"https:\/\/www.europesays.com\/be-fr\/wp-json\/wp\/v2\/posts\/195869\/revisions"}],"wp:featuredmedia":[{"embeddable":true,"href":"https:\/\/www.europesays.com\/be-fr\/wp-json\/wp\/v2\/media\/195870"}],"wp:attachment":[{"href":"https:\/\/www.europesays.com\/be-fr\/wp-json\/wp\/v2\/media?parent=195869"}],"wp:term":[{"taxonomy":"category","embeddable":true,"href":"https:\/\/www.europesays.com\/be-fr\/wp-json\/wp\/v2\/categories?post=195869"},{"taxonomy":"post_tag","embeddable":true,"href":"https:\/\/www.europesays.com\/be-fr\/wp-json\/wp\/v2\/tags?post=195869"}],"curies":[{"name":"wp","href":"https:\/\/api.w.org\/{rel}","templated":true}]}}