{"id":195981,"date":"2026-08-01T14:44:11","date_gmt":"2026-08-01T14:44:11","guid":{"rendered":"https:\/\/www.europesays.com\/be-fr\/195981\/"},"modified":"2026-08-01T14:44:11","modified_gmt":"2026-08-01T14:44:11","slug":"des-nuages-bleus-et-fluorescents-brillent-en-pleine-nuit-le-seul-creneau-pour-les-observer-en-france","status":"publish","type":"post","link":"https:\/\/www.europesays.com\/be-fr\/195981\/","title":{"rendered":"Des nuages bleus et fluorescents brillent en pleine nuit\u00a0: le seul cr\u00e9neau pour les observer en France"},"content":{"rendered":"<p>\n                            Les nuages noctilucides passionnent les astronomes et les passionn\u00e9s d&rsquo;\u00e9v\u00e9nements c\u00e9lestes\u00a0: ils ne sont visibles que pendant une fen\u00eatre tr\u00e8s restreinte et il ne reste plus que quelques jours pour en profiter. L&rsquo;Association Fran\u00e7aise d&rsquo;Astronomie conseille de fuir la pollution lumineuse des villes.<\/p>\n<p>Entre <a href=\"https:\/\/sante.journaldesfemmes.fr\/quotidien\/3271315-nuit-des-etoiles-2026-date-france-heure\/\" target=\"_self\" rel=\"nofollow noopener\">la Nuit des Etoiles<\/a> et <a href=\"https:\/\/sante.journaldesfemmes.fr\/quotidien\/3268425-eclipse-du-12-aout-2026-heure-en-france-lunettes-carte\/\" target=\"_self\" rel=\"nofollow noopener\">l&rsquo;\u00e9clipse solaire<\/a>, le mois d&rsquo;ao\u00fbt est riche en \u00e9v\u00e9nements c\u00e9lestes. Mais ce n&rsquo;est pas tout : depuis quelques jours, de grands nuages bleus appel\u00e9s \u00ab\u00a0nuages noctilucides\u00a0\u00bb ou \u00ab\u00a0noctulescents\u00a0\u00bb \u00e9merveillent les f\u00e9rus d&rsquo;astronomie. Si ce ph\u00e9nom\u00e8ne fascinant attire les curieux chaque ann\u00e9e, cet \u00e9t\u00e9 nous g\u00e2te particuli\u00e8rement car ils sont exceptionnellement lumineux et visibles plus au sud que d&rsquo;habitude. Mais attention, il ne reste plus que quelques jours pour admirer ces drapes bleues et fluorescentes qui brillent en pleine nuit.<\/p>\n<p>Selon la physique atmosph\u00e9rique, la saison d&rsquo;observation de ces voiles fluorescents touche bient\u00f4t \u00e0 sa fin en France m\u00e9tropolitaine. Concr\u00e8tement, le r\u00e9chauffement progressif de la haute atmosph\u00e8re \u00e0 la fin de l&rsquo;\u00e9t\u00e9 va stopper net le ph\u00e9nom\u00e8ne. Sans cette fra\u00eecheur extr\u00eame \u00e0 85\u00a0kilom\u00e8tres d&rsquo;altitude qui permet la condensation des cristaux de glace, ces draperies bleut\u00e9es vont totalement s&rsquo;\u00e9vanouir.<\/p>\n<p>Le dernier d\u00e9lai extr\u00eame se situe entre le 5\u00a0et le 10\u00a0ao\u00fbt. Pass\u00e9 cette date, la probabilit\u00e9 d&rsquo;en apercevoir chute drastiquement et il devient pratiquement impossible d&rsquo;en observer sous nos latitudes. Le spectacle commence d\u00e8s la fin du cr\u00e9puscule. Les astronomes rappellent qu&rsquo;un param\u00e8tre cl\u00e9 guide leur apparition\u00a0: la position du Soleil sous l&rsquo;horizon. Tr\u00e8s \u00e9tincelants, ces nuages ne deviennent visibles que lorsque le Soleil \u00e9claire par en dessous leurs cristaux de glace m\u00e9sosph\u00e9riques. Pour ces nuages fluorescents, les meilleures fen\u00eatres d&rsquo;observation se situent entre 1h30\u00a0et 2\u00a0heures apr\u00e8s le coucher du soleil (soit vers 22h30-23h30) ou juste avant l&rsquo;aube (entre 3h30\u00a0et 4h30). C&rsquo;est \u00e0 ce moment-l\u00e0 que l&rsquo;entrelacs des lignes bleut\u00e9es se d\u00e9tache le mieux sur l&rsquo;horizon Nord.<\/p>\n<p><a class=\"fancy\" href=\"https:\/\/img-3.journaldesfemmes.fr\/J4nI0mkOCfRw0onAtUdxAUVWiuA=\/1080x\/smart\/7ba25d41e1f144138850c21c84bd2198\/ccmcms-jdf\/40090860.jpg\" rel=\"nofollow noopener\" target=\"_blank\"><img decoding=\"async\" alt=\"\" src=\"https:\/\/www.europesays.com\/be-fr\/wp-content\/uploads\/2026\/08\/40090860.jpg\"\/><\/a><\/p>\n<p>Nuages \u200b\u200bnoctiluques au cr\u00e9puscule du 16 juin 2021 en Alberta (Etats-Unis) \u00a9\u00a0VWPics\/SIPA (publi\u00e9e le 28\/07\/2026)<\/p>\n<p>Pour savoir si le ciel de votre r\u00e9gion permettra d&rsquo;en apercevoir, vous pouvez consulter la carte des pr\u00e9visions m\u00e9t\u00e9o et des observations amateurs mise \u00e0 jour en temps r\u00e9el sur les sites d&rsquo;astronomie (<a href=\"https:\/\/astrospace-page.blogspot.com\/2018\/06\/activite-nuages-noctiluques-france-direct.html\" target=\"_blank\" rel=\"nofollow noopener\">AstroSpace<\/a> par exemple).\u00a0Apr\u00e8s ce cr\u00e9neau fatidique, il faudra patienter jusqu&rsquo;au mois de juin de l&rsquo;ann\u00e9e prochaine pour en apercevoir de nouveaux.<\/p>\n<p>Pour profiter au maximum de cette vision magique, aucun \u00e9quipement co\u00fbteux n&rsquo;est requis (pas besoin de t\u00e9lescope ou de mat\u00e9riel complexe). Tout peut se regarder \u00e0 l&rsquo;\u0153il nu. L&rsquo;Association Fran\u00e7aise d&rsquo;Astronomie conseille de fuir les lumi\u00e8res de la ville, de s&rsquo;\u00e9loigner le plus possible de la pollution lumineuse urbaine au profit des campagnes, des plages ou des zones de montagne qui restent les meilleurs spots. Mais aussi de laisser \u00e0 ses yeux le temps de s&rsquo;adapter \u00e0 l&rsquo;obscurit\u00e9 et de regarder vers l&rsquo;horizon Nord pour embrasser l&rsquo;ensemble de ces lueurs f\u00e9eriques.<\/p>\n","protected":false},"excerpt":{"rendered":"Les nuages noctilucides passionnent les astronomes et les passionn\u00e9s d&rsquo;\u00e9v\u00e9nements c\u00e9lestes\u00a0: ils ne sont visibles que pendant une&hellip;\n","protected":false},"author":2,"featured_media":195982,"comment_status":"","ping_status":"","sticky":false,"template":"","format":"standard","meta":{"footnotes":"","_share_on_mastodon":"0"},"categories":[70],"tags":[12,13,18,17,60311,435,45631,466,6316,440,470,609,73,71,75,72,76,74],"class_list":["post-195981","post","type-post","status-publish","format-standard","has-post-thumbnail","category-sciences-et-technologies","tag-be","tag-be-fr","tag-belgique","tag-belgium","tag-cms-journaldesfemmes-3273817","tag-controller-content","tag-environnement-et-climat","tag-format-papier","tag-index-tag-interdit-hors-redacchef","tag-les-histoires-du-jdf","tag-parallaxeinfeed","tag-quotidien","tag-science","tag-science-and-technology","tag-sciences","tag-sciences-et-technologies","tag-technologies","tag-technology"],"share_on_mastodon":{"url":"https:\/\/pubeurope.com\/@be_fr\/117020791103256566","error":""},"_links":{"self":[{"href":"https:\/\/www.europesays.com\/be-fr\/wp-json\/wp\/v2\/posts\/195981","targetHints":{"allow":["GET"]}}],"collection":[{"href":"https:\/\/www.europesays.com\/be-fr\/wp-json\/wp\/v2\/posts"}],"about":[{"href":"https:\/\/www.europesays.com\/be-fr\/wp-json\/wp\/v2\/types\/post"}],"author":[{"embeddable":true,"href":"https:\/\/www.europesays.com\/be-fr\/wp-json\/wp\/v2\/users\/2"}],"replies":[{"embeddable":true,"href":"https:\/\/www.europesays.com\/be-fr\/wp-json\/wp\/v2\/comments?post=195981"}],"version-history":[{"count":0,"href":"https:\/\/www.europesays.com\/be-fr\/wp-json\/wp\/v2\/posts\/195981\/revisions"}],"wp:featuredmedia":[{"embeddable":true,"href":"https:\/\/www.europesays.com\/be-fr\/wp-json\/wp\/v2\/media\/195982"}],"wp:attachment":[{"href":"https:\/\/www.europesays.com\/be-fr\/wp-json\/wp\/v2\/media?parent=195981"}],"wp:term":[{"taxonomy":"category","embeddable":true,"href":"https:\/\/www.europesays.com\/be-fr\/wp-json\/wp\/v2\/categories?post=195981"},{"taxonomy":"post_tag","embeddable":true,"href":"https:\/\/www.europesays.com\/be-fr\/wp-json\/wp\/v2\/tags?post=195981"}],"curies":[{"name":"wp","href":"https:\/\/api.w.org\/{rel}","templated":true}]}}