{"id":196287,"date":"2026-08-01T20:26:15","date_gmt":"2026-08-01T20:26:15","guid":{"rendered":"https:\/\/www.europesays.com\/be-fr\/196287\/"},"modified":"2026-08-01T20:26:15","modified_gmt":"2026-08-01T20:26:15","slug":"auxerre-southampton-lens-son-annee-sabbatique-will-still-nous-dit-tout-je-navais-meme-plus-envie-de-regarder-le-foot","status":"publish","type":"post","link":"https:\/\/www.europesays.com\/be-fr\/196287\/","title":{"rendered":"Auxerre, Southampton, Lens, son ann\u00e9e sabbatique&#8230; Will Still nous dit tout\u00a0: \u00ab\u00a0Je n&rsquo;avais m\u00eame plus envie de regarder le foot\u2026\u00a0\u00bb"},"content":{"rendered":"<p class=\"ap-StoryElement ap-StoryElement--mb ap-StoryText\">C&rsquo;est votre premier stage ici en tant qu&rsquo;entra\u00eeneur ?<\/p>\n<p class=\"ap-StoryElement ap-StoryElement--mb ap-StoryText\">Pour un vrai stage d&rsquo;une semaine, oui. Mais j&rsquo;\u00e9tais d\u00e9j\u00e0 venu avec le Beerschot et le Lierse. C&rsquo;est un peu bizarre d&rsquo;y revenir comme \u00e7a, parce que c&rsquo;est ici que j&rsquo;ai pass\u00e9 ma Licence pro il y a quelques ann\u00e9es. On se sent un peu chez soi ici.<\/p>\n<p class=\"ap-StoryElement ap-StoryElement--mb ap-StoryText\">Petit fun fact : vous avez vu\u2026 Rudi Garcia ce jeudi. Il est revenu chercher ses affaires.<\/p>\n<p class=\"ap-StoryElement ap-StoryElement--mb ap-StoryText\">Oui, on s&rsquo;est crois\u00e9 et on a discut\u00e9 pendant une quinzaine de minutes. C&rsquo;est quelqu&rsquo;un que j&rsquo;appr\u00e9cie beaucoup humainement, il est vraiment tr\u00e8s ouvert et tr\u00e8s honn\u00eate. Et je voulais simplement le f\u00e9liciter parce qu&rsquo;on a quand m\u00eame vu une belle \u00e9quipe belge au Mondial. Il m\u00e9rite tout le respect.<\/p>\n<p>guillement<\/p>\n<p class=\"ap-StoryQuote-text\">J&rsquo;ai discut\u00e9 une quinzaine de minutes avec Rudi Garcia.<\/p>\n<p class=\"ap-StoryElement ap-StoryElement--mb ap-StoryText\">Pas encore de Mark van Bommel, par contre.<\/p>\n<p class=\"ap-StoryElement ap-StoryElement--mb ap-StoryText\">Je suis curieux de voir ce que \u00e7a va donner. Il a fait des bonnes choses avec l&rsquo;Antwerp.<\/p>\n<p class=\"ap-StoryElement ap-StoryElement--mb ap-StoryText\">Vous quitterez Tubize ce samedi, direction Sochaux pour le troisi\u00e8me match de la pr\u00e9paration estivale. Quel est votre bilan actuel ?<\/p>\n<p class=\"ap-StoryElement ap-StoryElement--mb ap-StoryText\">Durant les trois premi\u00e8res semaines, le focus a surtout \u00e9t\u00e9 mis sur la pr\u00e9paration athl\u00e9tique et physique. On a jou\u00e9 les deux matchs amicaux avec un mix de joueurs, sans forc\u00e9ment regarder \u00e0 l&rsquo;\u00e9quilibre et aux aspects tactiques. M\u00eame si on a \u00e9videmment mis quelques petites choses en place. On a surtout vu qui \u00e9tait capable de s&rsquo;entra\u00eener avec une grosse charge dans les jambes puis d&rsquo;encha\u00eener avec un match. Mais \u00e0 partir de la semaine prochaine, on va commencer \u00e0 rentrer en mode comp\u00e9tition.<\/p>\n<p class=\"ap-StoryElement ap-StoryElement--mb ap-StoryText\">Le premier match, c&rsquo;est le 22 ao\u00fbt\u2026 au RC Lens. C&rsquo;\u00e9tait le destin de d\u00e9buter contre le club que vous avez quitt\u00e9 il y a un an ?<\/p>\n<p class=\"ap-StoryElement ap-StoryElement--mb ap-StoryText\">Peut-\u00eatre. Juste avant l&rsquo;annonce du calendrier, j&rsquo;\u00e9tais au t\u00e9l\u00e9phone avec Nico et Edward (NdlR : son autre fr\u00e8re, l&rsquo;entra\u00eeneur de la RAAL). Je sentais qu&rsquo;on d\u00e9buterait avec un d\u00e9placement, mais plut\u00f4t \u00e0 Nice ou Marseille. Et Nico a eu ce pressentiment que \u00e7a serait au stade Bollaert. C&rsquo;est anecdotique, mais c&rsquo;est sympa. J&rsquo;adore les gens qui sont l\u00e0-bas.<\/p>\n<p class=\"ap-StoryElement ap-StoryElement--mb ap-StoryText\">L&rsquo;accueil sera positif, selon vous ?<\/p>\n<p class=\"ap-StoryElement ap-StoryElement--mb ap-StoryText\">Je pense, oui. Malgr\u00e9 des circonstances compliqu\u00e9es cette saison-l\u00e0, nous avons pris plus de points que l&rsquo;ann\u00e9e d&rsquo;avant. Je n&rsquo;ai que des bons souvenirs de ma p\u00e9riode l\u00e0-bas, avec aussi le soutien des supporters dans une saison qui n&rsquo;\u00e9tait pas facile sur le plan personnel.<\/p>\n<p>guillement<\/p>\n<p class=\"ap-StoryQuote-text\">Je n&rsquo;aurais pas d\u00fb recommencer directement dans un autre club.<\/p>\n<p class=\"ap-StoryElement ap-StoryElement--mb ap-StoryText\">Avec du recul et en sachant ce qu&rsquo;il s&rsquo;est pass\u00e9 avec votre compagne (NdlR : Emma, qui a \u00e9t\u00e9 gravement malade), c&rsquo;\u00e9tait la bonne chose \u00e0 faire de quitter Lens ?<\/p>\n<p class=\"ap-StoryElement ap-StoryElement--mb ap-StoryText\">Oui, je n&rsquo;en ai aucun doute. En revanche, je n&rsquo;aurais pas d\u00fb recommencer directement dans un autre club, Southampton en l&rsquo;occurrence. J&rsquo;aurais d\u00fb couper, j&rsquo;aurais d\u00fb prendre plus de temps pour moi, pour nous et pour la famille. Mais ce n&rsquo;est pas un vrai regret parce que j&rsquo;ai beaucoup appris de cette exp\u00e9rience.<\/p>\n<p><a href=\"https:\/\/www.dhnet.be\/sports\/football\/europe\/championnatsetrangers\/2025\/05\/18\/je-ne-serai-pas-lentraineur-du-rc-lens-la-saison-prochaine-annonce-will-still-G7SMG5UIYZHFTF3R4NGUYHNZCY\/\" target=\"_self\" class=\"ap-StoryInterstitialLink ap-StoryElement ap-StoryElement--mb\" rel=\"nofollow noopener\">Will Still et le RC Lens c&rsquo;est termin\u00e9: \u00ab\u00a0J&rsquo;ai besoin de rentrer chez moi\u00a0\u00bb<\/a><\/p>\n<p class=\"ap-StoryElement ap-StoryElement--mb ap-StoryText\">Pourquoi avez-vous accept\u00e9, alors ?<\/p>\n<p class=\"ap-StoryElement ap-StoryElement--mb ap-StoryText\">Je me consid\u00e8re toujours comme le mec parfaitement normal qui a grandi ici, dans le Brabant wallon, et qui a jou\u00e9 avec ses potes en P1 ou P2. Et je me suis dit : \u00ab\u00a0Mais t&rsquo;es qui pour refuser un club comme \u00e7a ?\u00a0\u00bb Je me suis dit que ce serait presque arrogant de ne pas le faire. Finalement, j&rsquo;ai appris \u00e9norm\u00e9ment sur moi et sur le football durant ces quelques mois.<\/p>\n<p><img loading=\"lazy\" decoding=\"async\" class=\"w-full lazyload lazyload--opacity object-contain\" style=\"aspect-ratio:150 \/ 100;opacity:1\" alt=\"Will Still ne trouve pas la solution \u00e0 Southampton.\" width=\"768\" height=\"512\" fetchpriority=\"auto\" src=\"https:\/\/www.europesays.com\/be-fr\/wp-content\/uploads\/2026\/08\/1785615973_940_S5VKD3X55FFF3BW6V4SEHXNP7I.png\"  data- data-optimumx=\"1\"\/><img loading=\"lazy\" decoding=\"async\" src=\"https:\/\/www.europesays.com\/be-fr\/wp-content\/uploads\/2026\/08\/QIOUC37NMJGJ5OQZ3VH6F4NFB4.jpg\" width=\"768\" height=\"512\" alt=\"Will Still ne trouve pas la solution \u00e0 Southampton.\" class=\"absolute inset-0 w-full\"\/>Will Still n&rsquo;est rest\u00e9 que quatre mois et demi \u00e0 Southampton. \u00a9IMAGO\/Pro Sports Images<\/p>\n<p class=\"ap-StoryElement ap-StoryElement--mb ap-StoryText\">Votre fr\u00e8re Edward a aussi connu des difficult\u00e9s, lorsqu&rsquo;il a repris Watford en cours de saison. La Championship, c&rsquo;est la ligue la plus compliqu\u00e9e ?<\/p>\n<p class=\"ap-StoryElement ap-StoryElement--mb ap-StoryText\">C&rsquo;est un championnat tr\u00e8s particulier dans le style de jeu, dans l&rsquo;approche des matchs, dans la quantit\u00e9 de matchs. Et c&rsquo;\u00e9tait une adaptation \u00e9norme pour moi. Mais \u00e0 refaire, je ne le referais pas, \u00e7a c&rsquo;est s\u00fbr.<\/p>\n<p class=\"ap-StoryElement ap-StoryElement--mb ap-StoryText\">Pensez-vous avoir un jour d&rsquo;autres opportunit\u00e9s en Angleterre ?<\/p>\n<p class=\"ap-StoryElement ap-StoryElement--mb ap-StoryText\">Je ne sais pas. Les m\u00e9dias ont toujours voulu m&rsquo;envoyer en Angleterre vu mon attachement avec ce pays. Mais si tu demandes \u00e0 n&rsquo;importe quel \u00eatre entra\u00eeneur ou joueur dans quel championnat il r\u00eave d&rsquo;aller, il te dira la Premier League. Puis, j&rsquo;ai grandi en la regardant \u00e0 la maison chaque semaine. Mais je ne me suis jamais projet\u00e9 trop loin. Je ne me prends pas la t\u00eate avec \u00e7a. Si dans cinq ans, l&rsquo;opportunit\u00e9 se repr\u00e9sente, c&rsquo;est qu&rsquo;on aura fait du bon travail \u00e0 Auxerre. Si ce n&rsquo;est pas en Angleterre, ce sera ailleurs. Ce n&rsquo;est pas tr\u00e8s important maintenant.<\/p>\n<p class=\"ap-StoryElement ap-StoryElement--mb ap-StoryText\"><a href=\"https:\/\/www.dhnet.be\/sports\/football\/diablesrouges\/2025\/11\/02\/la-defaite-de-trop-will-still-vire-de-southampton-O4W76RTSYNEODNKNXSGFOWEFNE\/\" target=\"_self\" rel=\"nofollow noopener\">Vous avez donc \u00e9t\u00e9 licenci\u00e9 de Southampton en novembre 2025<\/a>. C&rsquo;\u00e9tait votre toute premi\u00e8re p\u00e9riode sans club. Qu&rsquo;avez-vous fait pendant ces quelques mois ?<\/p>\n<p class=\"ap-StoryElement ap-StoryElement--mb ap-StoryText\">D&rsquo;abord, je suis parti aux quatre coins du monde, litt\u00e9ralement. On s&rsquo;est pos\u00e9 avec mes agents, Emma et mon p\u00e8re. Et j&rsquo;ai fait ce que j&rsquo;aurais d\u00fb faire au mois de juin 2025. C&rsquo;est-\u00e0-dire prendre le temps pour comprendre, pour profiter avec les personnes qui me sont ch\u00e8res. J&rsquo;ai donc voyag\u00e9, j&rsquo;ai vu ma famille, j&rsquo;ai revu mes amis ici en Belgique. Je n&rsquo;avais pas fait \u00e7a depuis 13 ans, quand j&rsquo;ai commenc\u00e9 \u00e0 Saint-Trond.<\/p>\n<p>guillement<\/p>\n<p class=\"ap-StoryQuote-text\">Je n&rsquo;avais plus envie de regarder le foot ou m\u00eame d&rsquo;en parler.<\/p>\n<p class=\"ap-StoryElement ap-StoryElement--mb ap-StoryText\">Vous suiviez encore le foot ?<\/p>\n<p class=\"ap-StoryElement ap-StoryElement--mb ap-StoryText\">M\u00eame pas. Je n&rsquo;avais plus envie de regarder ou m\u00eame d&rsquo;en parler. Je m&rsquo;en fichais. Il y a pourtant eu des opportunit\u00e9s qui se sont pr\u00e9sent\u00e9es. Un jour, mon agent m&rsquo;appelle quand j&rsquo;\u00e9tais en Australie pour aller voir du cricket, il m&rsquo;a demand\u00e9 si j&rsquo;\u00e9tais pr\u00eat \u00e0 accepter si un club se pr\u00e9sentait demain. J&rsquo;ai dit que non. Apr\u00e8s ce licenciement, c&rsquo;\u00e9tait vraiment dur. Je ne voulais pas replonger dedans. J&rsquo;avais besoin de cette coupure.<\/p>\n<p><img loading=\"lazy\" decoding=\"async\" class=\"w-full lazyload lazyload--opacity object-contain\" style=\"aspect-ratio:75 \/ 100;opacity:1\" alt=\"Will et Emma, ici \u00e0 New York, ont profit\u00e9 de la vie apr\u00e8s son d\u00e9part de Southampton.\" width=\"768\" height=\"1024\" fetchpriority=\"auto\" src=\"https:\/\/www.europesays.com\/be-fr\/wp-content\/uploads\/2026\/08\/1785615973_940_S5VKD3X55FFF3BW6V4SEHXNP7I.png\"  data- data-optimumx=\"1\"\/><img loading=\"lazy\" decoding=\"async\" src=\"https:\/\/www.europesays.com\/be-fr\/wp-content\/uploads\/2026\/08\/HRDN46TQKBGTFNY46AHUBSD6DA.jpg\" width=\"768\" height=\"1024\" alt=\"Will et Emma, ici \u00e0 New York, ont profit\u00e9 de la vie apr\u00e8s son d\u00e9part de Southampton.\" class=\"absolute inset-0 w-full\"\/>Will et Emma, ici \u00e0 New York, ont profit\u00e9 de la vie apr\u00e8s son d\u00e9part de Southampton. \u00a9Instagram<\/p>\n<p class=\"ap-StoryElement ap-StoryElement--mb ap-StoryText\">Puis le go\u00fbt est revenu.<\/p>\n<p class=\"ap-StoryElement ap-StoryElement--mb ap-StoryText\">J&rsquo;ai recommenc\u00e9 \u00e0 aller au stade et \u00e0 suivre le foot en f\u00e9vrier dernier. Puis, votre confr\u00e8re Vincenzo Ciuro m&rsquo;a t\u00e9l\u00e9phon\u00e9 pour me proposer de commenter la Champions League sur RTL sports en tant que consultant. J&rsquo;ai accept\u00e9 et c&rsquo;est aussi \u00e7a qui m&rsquo;a fait beaucoup de bien. Je ne le remercierai jamais assez pour \u00e7a, d&rsquo;autant qu&rsquo;on a vu plein de superbes matchs.<\/p>\n<p><a href=\"https:\/\/www.dhnet.be\/sports\/football\/europe\/championnatsetrangers\/2025\/12\/15\/son-depart-de-southampton-la-maladie-qui-touche-son-epouse-will-still-se-confie-sans-detour-4ANPTB6BTNDHXIKDA5UOHCQ3NA\/\" target=\"_self\" class=\"ap-StoryInterstitialLink ap-StoryElement ap-StoryElement--mb\" rel=\"nofollow noopener\">Son d\u00e9part de Southampton, la maladie qui touche son \u00e9pouse : Will Still se confie sans d\u00e9tour<\/a><\/p>\n<p class=\"ap-StoryElement ap-StoryElement--mb ap-StoryText\">Puis vous avez accept\u00e9 de discuter avec des clubs ?<\/p>\n<p class=\"ap-StoryElement ap-StoryElement--mb ap-StoryText\">Au fil de la saison, j&rsquo;ai eu des contacts avec le FC Nantes, le Paris FC et Lorient. Aussi Bristol City, en Championship. Puis Auxerre.<\/p>\n<p class=\"ap-StoryElement ap-StoryElement--mb ap-StoryText\">Vous n&rsquo;\u00e9tiez donc pas grill\u00e9 en Angleterre.<\/p>\n<p class=\"ap-StoryElement ap-StoryElement--mb ap-StoryText\">Non, mais je ne pense pas m&rsquo;\u00eatre grill\u00e9. Sur 16 matchs, on en a gagn\u00e9 quatre et perdu six. Ce n&rsquo;est pas ce que je voulais, mais ce n&rsquo;\u00e9tait pas catastrophique non plus. Il faut savoir remettre les choses dans leur contexte. Southampton sortait d&rsquo;une saison compliqu\u00e9e. Et ce n&rsquo;\u00e9tait pas possible de transformer l&rsquo;\u00e9quipe du jour au lendemain. Il fallait passer par cette \u00e9tape de perdre des matchs.<\/p>\n<p>guillement<\/p>\n<p class=\"ap-StoryQuote-text\">Auxerre, ce n&rsquo;\u00e9tait pas un choix tr\u00e8s compliqu\u00e9 \u00e0 faire.<\/p>\n<p class=\"ap-StoryElement ap-StoryElement--mb ap-StoryText\">Voil\u00e0 peut-\u00eatre la diff\u00e9rence avec Auxerre. Ce n&rsquo;est pas un projet dans l&rsquo;urgence.<\/p>\n<p class=\"ap-StoryElement ap-StoryElement--mb ap-StoryText\">Oui. Je voulais retrouver un club ambitieux mais aussi \u00e0 taille humaine et o\u00f9 on ressent un lien familial. Auxerre a fait des bonnes choses ces derni\u00e8res ann\u00e9es et le propri\u00e9taire m&rsquo;a dit qu&rsquo;il voulait passer un cap, regarder plus haut. Et \u00e7a correspondait \u00e0 mes envies. Au final, ce n&rsquo;\u00e9tait pas un choix tr\u00e8s compliqu\u00e9 \u00e0 faire.<\/p>\n<p class=\"ap-StoryElement ap-StoryElement--mb ap-StoryText\">Vous ressentez plus de libert\u00e9 ici ?<\/p>\n<p class=\"ap-StoryElement ap-StoryElement--mb ap-StoryText\">D\u00e9j\u00e0, j&rsquo;ai pu prendre un staff avec moi, ce qui n&rsquo;\u00e9tait pas le cas en Angleterre. Et j&rsquo;ai vite senti une certaine forme de confiance, d&rsquo;ouverture d&rsquo;esprit et une bonne communication. J&rsquo;ai \u00e9t\u00e9 align\u00e9 sur les m\u00eames valeurs et les m\u00eames principes. Il y avait d&rsquo;autres opportunit\u00e9s. Mais mon instinct me disait qu&rsquo;Auxerre \u00e9tait le bon endroit.<\/p>\n<p class=\"ap-StoryElement ap-StoryElement--mb ap-StoryText\">Quel est votre poids sur le recrutement ? Arthur Piedfort (Westerlo) a sign\u00e9 en d\u00e9but de mercato. Ce n&rsquo;est pas un hasard, n&rsquo;est-ce pas ?<\/p>\n<p class=\"ap-StoryElement ap-StoryElement--mb ap-StoryText\">Oui (rires). On m&rsquo;a dit d\u00e8s le premier jour qu&rsquo;il y avait certains joueurs qui partiraient. Puis on a point\u00e9 ce dont on avait vraiment besoin. J&rsquo;avais suivi Arthur depuis l&rsquo;\u00e9poque o\u00f9 il \u00e9tait au PSV, je me souviens l&rsquo;avoir regard\u00e9 quand j&rsquo;\u00e9tais au Standard. Et il \u00e9tait aussi sur la liste de l&rsquo;AJA. Puis j&rsquo;ai pouss\u00e9 pour son profil parce qu&rsquo;il correspondait \u00e0 ce qu&rsquo;on voulait. Au final, tout a \u00e9t\u00e9 assez simple et facile, la communication est claire. Donc \u00e7a facilite le processus.<\/p>\n<p class=\"ap-StoryElement ap-StoryElement--mb ap-StoryText\">Apr\u00e8s s&rsquo;\u00eatre sauv\u00e9 in extremis l&rsquo;an dernier, quel est l&rsquo;objectif du club ?<\/p>\n<p class=\"ap-StoryElement ap-StoryElement--mb ap-StoryText\">Se sauver le plus rapidement possible, et ne pas se fixer de limites en regardant vers le haut. Le club est en train de grandir : il y a l&rsquo;expansion de la tribune, il y a un h\u00f4tel qui sera construit \u00e0 l&rsquo;arri\u00e8re. On veut continuer \u00e0 faire grandir tout le club et essayer d&rsquo;\u00e9tablir Auxerre dans la premi\u00e8re partie de tableau de Ligue 1 dans les deux ou trois ann\u00e9es \u00e0 venir.<\/p>\n<p>guillement<\/p>\n<p class=\"ap-StoryQuote-text\">Guy Roux vient souvent aux entra\u00eenements pour regarder.<\/p>\n<p class=\"ap-StoryElement ap-StoryElement--mb ap-StoryText\">Si vous revenez en France, c&rsquo;est aussi parce que votre compagne va beaucoup mieux.<\/p>\n<p class=\"ap-StoryElement ap-StoryElement--mb ap-StoryText\">Oui. Elle continue \u00e0 \u00eatre suivie et fait attention \u00e0 tout. Mais elle va beaucoup mieux. Et elle passera une majorit\u00e9 du temps avec moi \u00e0 Auxerre. Elle rentrera en Angleterre quand elle devra travailler pour Sky Sports. Mais je pense qu&rsquo;on a trouv\u00e9 le meilleur \u00e9quilibre pour tous les deux.<\/p>\n<p class=\"ap-StoryElement ap-StoryElement--mb ap-StoryText\">Derni\u00e8re question : avez-vous d\u00e9j\u00e0 achet\u00e9 votre bonnet \u00e0 la Guy Roux, l&rsquo;entra\u00eeneur l\u00e9gendaire d&rsquo;Auxerre ?<\/p>\n<p class=\"ap-StoryElement ap-StoryElement--mb ap-StoryText\">Pas encore (rires). Mais je l&rsquo;ai appel\u00e9 avant de signer. Et tu sens tout l&rsquo;amour qu&rsquo;il a pour le club. Il vient souvent aux entra\u00eenements pour regarder. Il ne veut que le bien pour ce club. Et \u00e7a ne peut qu&rsquo;\u00eatre une bonne chose. J&rsquo;esp\u00e8re faire aussi bien que lui pour ce club.<\/p>\n","protected":false},"excerpt":{"rendered":"C&rsquo;est votre premier stage ici en tant qu&rsquo;entra\u00eeneur ? Pour un vrai stage d&rsquo;une semaine, oui. Mais j&rsquo;\u00e9tais&hellip;\n","protected":false},"author":2,"featured_media":196288,"comment_status":"","ping_status":"","sticky":false,"template":"","format":"standard","meta":{"footnotes":"","_share_on_mastodon":"0"},"categories":[81],"tags":[12,13,18,17,391,3028,3105,84,14852],"class_list":["post-196287","post","type-post","status-publish","format-standard","has-post-thumbnail","category-sports","tag-be","tag-be-fr","tag-belgique","tag-belgium","tag-brabant-wallon","tag-diables-rouges","tag-rudi-garcia","tag-sports","tag-tubize"],"share_on_mastodon":{"url":"https:\/\/pubeurope.com\/@be_fr\/117022136019447448","error":""},"_links":{"self":[{"href":"https:\/\/www.europesays.com\/be-fr\/wp-json\/wp\/v2\/posts\/196287","targetHints":{"allow":["GET"]}}],"collection":[{"href":"https:\/\/www.europesays.com\/be-fr\/wp-json\/wp\/v2\/posts"}],"about":[{"href":"https:\/\/www.europesays.com\/be-fr\/wp-json\/wp\/v2\/types\/post"}],"author":[{"embeddable":true,"href":"https:\/\/www.europesays.com\/be-fr\/wp-json\/wp\/v2\/users\/2"}],"replies":[{"embeddable":true,"href":"https:\/\/www.europesays.com\/be-fr\/wp-json\/wp\/v2\/comments?post=196287"}],"version-history":[{"count":0,"href":"https:\/\/www.europesays.com\/be-fr\/wp-json\/wp\/v2\/posts\/196287\/revisions"}],"wp:featuredmedia":[{"embeddable":true,"href":"https:\/\/www.europesays.com\/be-fr\/wp-json\/wp\/v2\/media\/196288"}],"wp:attachment":[{"href":"https:\/\/www.europesays.com\/be-fr\/wp-json\/wp\/v2\/media?parent=196287"}],"wp:term":[{"taxonomy":"category","embeddable":true,"href":"https:\/\/www.europesays.com\/be-fr\/wp-json\/wp\/v2\/categories?post=196287"},{"taxonomy":"post_tag","embeddable":true,"href":"https:\/\/www.europesays.com\/be-fr\/wp-json\/wp\/v2\/tags?post=196287"}],"curies":[{"name":"wp","href":"https:\/\/api.w.org\/{rel}","templated":true}]}}