{"id":196383,"date":"2026-08-01T22:06:13","date_gmt":"2026-08-01T22:06:13","guid":{"rendered":"https:\/\/www.europesays.com\/be-fr\/196383\/"},"modified":"2026-08-01T22:06:13","modified_gmt":"2026-08-01T22:06:13","slug":"mon-coeur-ne-battra-plus-au-meme-rythme-sara-mortensen-reagit-a-la-mort-de-sa-mere-elisabeth-egalement-comedienne","status":"publish","type":"post","link":"https:\/\/www.europesays.com\/be-fr\/196383\/","title":{"rendered":"\u00ab\u00a0Mon c\u0153ur ne battra plus au m\u00eame rythme\u00a0\u00bb, Sara Mortensen r\u00e9agit \u00e0 la mort de sa m\u00e8re Elisabeth, \u00e9galement com\u00e9dienne"},"content":{"rendered":"<p>        R\u00e9sum\u00e9<\/p>\n<p>Sara Mortensen a partag\u00e9 un hommage \u00e9mouvant apr\u00e8s la disparition de sa m\u00e8re Elisabeth, actrice \u00e9galement marqu\u00e9e par une fin de carri\u00e8re difficile.<\/p>\n<p>          Sommaire<\/p>\n<p>\n        Couverture compl\u00e8te sur<\/p>\n<p>          Plus belle la vie\n      <\/p>\n<p>Le septi\u00e8me art est une affaire de famille chez Sara Mortensen. En effet, sa m\u00e8re Elisabeth est \u00e9galement actrice. Elle est connue pour La Griffe du destin (1986), Paradis pour tous (1982) et Papirfuglen (1984). D&rsquo;ailleurs, elle a d\u00e9j\u00e0 partag\u00e9 la r\u00e9plique avec sa fille dans<a href=\"https:\/\/www.public.fr\/sara-mortensen-la-star-de-astrid-et-raphaelle-victime-dun-accident-a-loeil\" id=\"https:\/\/www.public.fr\/sara-mortensen-la-star-de-astrid-et-raphaelle-victime-dun-accident-a-loeil\" rel=\"nofollow noopener\" target=\"_blank\"> un \u00e9pisode de la s\u00e9rie Astrid et Rapha\u00eblle.<\/a><\/p>\n<p>Un moment marquant pour les deux femmes puisqu&rsquo;il s&rsquo;agissait de l&rsquo;ultime tournage d&rsquo;Elisabeth Mortensen. Sara a r\u00e9cemment confi\u00e9 \u00e0 Paris Match : \u00ab\u00a0L\u2019ann\u00e9e derni\u00e8re, nous avons tourn\u00e9 l\u2019ultime sc\u00e8ne de sa carri\u00e8re. \u00c0 78 ans, elle est atteinte de deux d\u00e9g\u00e9n\u00e9rescences neurologiques qui ne lui permettent ni d\u2019apprendre un texte, ni de se d\u00e9placer, ni de parler\u00a0\u00bb. \u00ab\u00a0J\u2019avais envie qu\u2019ensemble on sache clore sa carri\u00e8re, toutes les deux en t\u00eate \u00e0 t\u00eate dans une s\u00e9quence. \u00c7a a \u00e9t\u00e9 tr\u00e8s \u00e9mouvant. Finalement, je suis extr\u00eamement contente d\u2019avoir eu cet instinct de survie. Parce qu\u2019aujourd\u2019hui on n\u2019aurait pas pu le faire\u00a0\u00bb, a-t-elle ajout\u00e9.<\/p>\n<p>Un adieu d\u00e9chirant<\/p>\n<p>Et finalement, <a href=\"https:\/\/www.public.fr\/que-ceux-qui-ne-savent-pas-se-taisent-sara-mortensen-la-partenaire-de-marwan-berreni-dans-plus-belle-la-vie-s-emporte\" id=\"https:\/\/www.public.fr\/que-ceux-qui-ne-savent-pas-se-taisent-sara-mortensen-la-partenaire-de-marwan-berreni-dans-plus-belle-la-vie-s-emporte\" rel=\"nofollow noopener\" target=\"_blank\">Sara Mortensen<\/a> a annonc\u00e9 une terrible nouvelle ce samedi 1er ao\u00fbt. \u00ab\u00a0Mon c\u0153ur ne battra plus au m\u00eame rythme. Maman, merci pour tout\u00a0\u00bb, a-t-elle \u00e9crit sous une photo d&rsquo;elle sur Instagram. Elle a notamment \u00e9crit en norv\u00e9gien : \u00ab\u00a0Maman. 12\/06\/1948 &#8211; 01\/08\/2026. Je t&rsquo;aime\u00a0\u00bb.<\/p>\n<p>Plusieurs personnalit\u00e9s lui ont apport\u00e9 leur soutien sous la publication en \u00e9crivant des commentaires tels que celui de Marie Fugain : \u00ab\u00a0Toutes mes pens\u00e9es Sarah\u2026 Des tonnes de tendresse pour un cocon de douceur\u00a0\u00bb. \u00ab\u00a0Je pense fort \u00e0 toi. Sinc\u00e8res condol\u00e9ances. D\u00e9sol\u00e9e pour toi\u00a0\u00bb, a d\u00e9clar\u00e9 Nad\u00e8ge Beausson-Diagne de son c\u00f4t\u00e9.<\/p>\n<p>L&rsquo;avertissement de sa m\u00e8re<\/p>\n<p>Si elle l&rsquo;a toujours soutenu, Elisabeth Mortensen n&rsquo;a pas forc\u00e9ment \u00e9t\u00e9 ravie d&rsquo;apprendre que sa fille allait suivre ses traces. <a href=\"https:\/\/www.public.fr\/plus-belle-la-vie-sarah-mortensen-coralie-devoile-les-vraies-raisons-de-son-depart\" id=\"https:\/\/www.public.fr\/plus-belle-la-vie-sarah-mortensen-coralie-devoile-les-vraies-raisons-de-son-depart\" rel=\"nofollow noopener\" target=\"_blank\">L&rsquo;ex-star de Plus belle la vie<\/a> a racont\u00e9 comment elle lui avait annonc\u00e9 qu&rsquo;elle voulait \u00eatre actrice le podcast D&rsquo;hombres et de Lumi\u00e8res : \u00ab\u00a0Lorsque je lui ai dit que je voulais \u00eatre com\u00e9dienne, je venais de finir mes \u00e9tudes &#8211; mon petit bac + 4 avec ma mention tr\u00e8s bien &#8211; et elle s\u2019est dit : &lsquo;Les chiens ne font pas des chats, mais quel g\u00e2chis !'\u00a0\u00bb.<\/p>\n<p>Puis, elle avait expliqu\u00e9 pourquoi : \u00ab\u00a0Elle, elle s\u2019en \u00e9tait pris vraiment plein la t\u00eate car elle avait un accent, elle n\u2019avait pas des gros seins, elle ne couchait pas pour r\u00e9ussir, plein de trucs comme \u00e7a&#8230; Donc elle m\u2019a pr\u00e9venue : &lsquo;Ce n\u2019est pas un m\u00e9tier facile'\u00a0\u00bb.<\/p>\n<p>Sara Mortensen avait toutefois re\u00e7u l&rsquo;avertissement suivant : \u00ab\u00a0En revanche, elle m\u2019a dit : &lsquo;Je ne t\u2019ouvrirai aucune porte, tu te d\u00e9brouilles, ma fille ! C\u2019est ton chemin, ton choix, ton r\u00e9seau. Mais moi, je ne te mettrai dans les pattes de personne avec qui j\u2019ai boss\u00e9'\u00a0\u00bb.<\/p>\n<p>      Mentionn\u00e9s dans cet article<\/p>\n<p>      Sur le m\u00eame sujet<\/p>\n","protected":false},"excerpt":{"rendered":"R\u00e9sum\u00e9 Sara Mortensen a partag\u00e9 un hommage \u00e9mouvant apr\u00e8s la disparition de sa m\u00e8re Elisabeth, actrice \u00e9galement marqu\u00e9e&hellip;\n","protected":false},"author":2,"featured_media":196384,"comment_status":"","ping_status":"","sticky":false,"template":"","format":"standard","meta":{"footnotes":"","_share_on_mastodon":"0"},"categories":[102],"tags":[12,13,18,17,129,128,96,95,109,1447],"class_list":["post-196383","post","type-post","status-publish","format-standard","has-post-thumbnail","category-people","tag-be","tag-be-fr","tag-belgique","tag-belgium","tag-celebrities","tag-celebrity","tag-divertissement","tag-entertainment","tag-people","tag-plus-belle-la-vie"],"share_on_mastodon":{"url":"https:\/\/pubeurope.com\/@be_fr\/117022529035167842","error":""},"_links":{"self":[{"href":"https:\/\/www.europesays.com\/be-fr\/wp-json\/wp\/v2\/posts\/196383","targetHints":{"allow":["GET"]}}],"collection":[{"href":"https:\/\/www.europesays.com\/be-fr\/wp-json\/wp\/v2\/posts"}],"about":[{"href":"https:\/\/www.europesays.com\/be-fr\/wp-json\/wp\/v2\/types\/post"}],"author":[{"embeddable":true,"href":"https:\/\/www.europesays.com\/be-fr\/wp-json\/wp\/v2\/users\/2"}],"replies":[{"embeddable":true,"href":"https:\/\/www.europesays.com\/be-fr\/wp-json\/wp\/v2\/comments?post=196383"}],"version-history":[{"count":0,"href":"https:\/\/www.europesays.com\/be-fr\/wp-json\/wp\/v2\/posts\/196383\/revisions"}],"wp:featuredmedia":[{"embeddable":true,"href":"https:\/\/www.europesays.com\/be-fr\/wp-json\/wp\/v2\/media\/196384"}],"wp:attachment":[{"href":"https:\/\/www.europesays.com\/be-fr\/wp-json\/wp\/v2\/media?parent=196383"}],"wp:term":[{"taxonomy":"category","embeddable":true,"href":"https:\/\/www.europesays.com\/be-fr\/wp-json\/wp\/v2\/categories?post=196383"},{"taxonomy":"post_tag","embeddable":true,"href":"https:\/\/www.europesays.com\/be-fr\/wp-json\/wp\/v2\/tags?post=196383"}],"curies":[{"name":"wp","href":"https:\/\/api.w.org\/{rel}","templated":true}]}}