{"id":19661,"date":"2026-02-25T16:51:25","date_gmt":"2026-02-25T16:51:25","guid":{"rendered":"https:\/\/www.europesays.com\/be-fr\/19661\/"},"modified":"2026-02-25T16:51:25","modified_gmt":"2026-02-25T16:51:25","slug":"plus-belle-la-vie-spoiler-barbara-interroge-bahram-video-episode-du-2-mars","status":"publish","type":"post","link":"https:\/\/www.europesays.com\/be-fr\/19661\/","title":{"rendered":"Plus Belle La Vie spoiler : Barbara interroge Bahram&#8230; (vid\u00e9o \u00e9pisode du 2 mars)"},"content":{"rendered":"<p>\nPublicit\u00e9<\/p>\n<p>Plus belle la vie, encore plus belle spoiler \u2013 Barbara est tr\u00e8s inqui\u00e8te pour Louis dans votre s\u00e9rie quotidienne de TF1 <a href=\"https:\/\/www.plusbellelavie.org\/category\/pblv\/\" rel=\"nofollow noopener\" target=\"_blank\">\u00ab\u00a0Plus belle la vie, encore plus belle\u00a0\u00bb<\/a>. Dans quelques jours, elle va d\u00e9cider d\u2019aller parler \u00e0 Bahram \u00e0 l\u2019h\u00f4pital\u2026<\/p>\n<p><img fetchpriority=\"high\" decoding=\"async\" src=\"https:\/\/www.europesays.com\/be-fr\/wp-content\/uploads\/2026\/02\/barbarainterrogbahram.jpg\" alt=\"Plus Belle La Vie spoiler : Barbara interroge Bahram... (vid\u00e9o \u00e9pisode du 2 mars)\" width=\"1200\" height=\"615\" class=\"size-full wp-image-23203\"  \/>Capture TF1<\/p>\n<p>\nPublicit\u00e9<\/p>\n<p>Elle lui explique que Louis a chang\u00e9 depuis la greffe de coeur et elle a l\u2019\u00e9trange sentiment d\u2019\u00eatre le probl\u00e8me. Audrey la d\u00e9testait et elle se demande si Louis ne la d\u00e9teste pas aussi ! Barbara dit \u00e0 Bahram qu\u2019elle a lu des articles sur les greffes et la m\u00e9moire cellulaire. Lee receveur h\u00e9riterait de certains aspects de la personnalit\u00e9 du donneur.<\/p>\n<p>Mais Bahram refuse toujours de lui confirmer que Louis a re\u00e7u le coeur d\u2019Audrey. Et il lui met un stop tout de suite : le coeur ne joue pas sur la m\u00e9moire, les souvenirs, ou l\u2019identit\u00e9 d\u2019une personne. Tout \u00e7a se passe dans le cerveau. Bahram conseille \u00e0 Barbara de prendre rendez-vous avec la cellule de soutien psychologique de l\u2019h\u00f4pital\u2026<\/p>\n<p>\nPublicit\u00e9<\/p>\n<p>Plus belle la vie, encore plus belle spoiler extrait vid\u00e9o \u00e9pisode 530 du 2 mars 2026<\/p>\n<p>Retrouver la vid\u00e9o de cette s\u00e9quence en avance directement sur TF1+ <a href=\"https:\/\/www.tf1.fr\/tf1\/plus-belle-la-vie\/videos\/pblvepb-spoiler-barbara-cherche-des-reponses-au-pres-de-bahram-24287584.html\" target=\"_blank\" rel=\"nofollow noopener\">en cliquant ici<\/a>.<\/p>\n","protected":false},"excerpt":{"rendered":"Publicit\u00e9 Plus belle la vie, encore plus belle spoiler \u2013 Barbara est tr\u00e8s inqui\u00e8te pour Louis dans votre&hellip;\n","protected":false},"author":2,"featured_media":19662,"comment_status":"","ping_status":"","sticky":false,"template":"","format":"standard","meta":{"footnotes":"","_share_on_mastodon":"0"},"categories":[99],"tags":[12,13,18,17,96,95,1812,1813,112],"class_list":["post-19661","post","type-post","status-publish","format-standard","has-post-thumbnail","category-television","tag-be","tag-be-fr","tag-belgique","tag-belgium","tag-divertissement","tag-entertainment","tag-pblv","tag-pblvepb","tag-television"],"share_on_mastodon":{"url":"","error":""},"_links":{"self":[{"href":"https:\/\/www.europesays.com\/be-fr\/wp-json\/wp\/v2\/posts\/19661","targetHints":{"allow":["GET"]}}],"collection":[{"href":"https:\/\/www.europesays.com\/be-fr\/wp-json\/wp\/v2\/posts"}],"about":[{"href":"https:\/\/www.europesays.com\/be-fr\/wp-json\/wp\/v2\/types\/post"}],"author":[{"embeddable":true,"href":"https:\/\/www.europesays.com\/be-fr\/wp-json\/wp\/v2\/users\/2"}],"replies":[{"embeddable":true,"href":"https:\/\/www.europesays.com\/be-fr\/wp-json\/wp\/v2\/comments?post=19661"}],"version-history":[{"count":0,"href":"https:\/\/www.europesays.com\/be-fr\/wp-json\/wp\/v2\/posts\/19661\/revisions"}],"wp:featuredmedia":[{"embeddable":true,"href":"https:\/\/www.europesays.com\/be-fr\/wp-json\/wp\/v2\/media\/19662"}],"wp:attachment":[{"href":"https:\/\/www.europesays.com\/be-fr\/wp-json\/wp\/v2\/media?parent=19661"}],"wp:term":[{"taxonomy":"category","embeddable":true,"href":"https:\/\/www.europesays.com\/be-fr\/wp-json\/wp\/v2\/categories?post=19661"},{"taxonomy":"post_tag","embeddable":true,"href":"https:\/\/www.europesays.com\/be-fr\/wp-json\/wp\/v2\/tags?post=19661"}],"curies":[{"name":"wp","href":"https:\/\/api.w.org\/{rel}","templated":true}]}}