{"id":197985,"date":"2026-08-03T09:28:08","date_gmt":"2026-08-03T09:28:08","guid":{"rendered":"https:\/\/www.europesays.com\/be-fr\/197985\/"},"modified":"2026-08-03T09:28:08","modified_gmt":"2026-08-03T09:28:08","slug":"nouveaux-contrats-de-travail-preavis-reduit-a-une-semaine-des-aout","status":"publish","type":"post","link":"https:\/\/www.europesays.com\/be-fr\/197985\/","title":{"rendered":"Nouveaux contrats de travail : pr\u00e9avis r\u00e9duit \u00e0 une semaine d\u00e8s ao\u00fbt"},"content":{"rendered":"<p>  <img decoding=\"async\" class=\"r-img lazyloaded\" src=\"https:\/\/www.europesays.com\/be-fr\/wp-content\/uploads\/2026\/08\/1785749288_390_yasmine2.jpg\" alt=\"Yasmine Meziani\"\/><\/p>\n<p>par <a href=\"https:\/\/www.rtl.be\/384772\/dpi-authors\/yasmine-meziani\" rel=\"nofollow noopener\" target=\"_blank\">Yasmine Meziani<\/a><\/p>\n<p>\tPubli\u00e9 le 03 ao\u00fbt \u00e0 09h24<\/p>\n<p>  <a href=\"https:\/\/www.google.com\/preferences\/source?q=rtl%20info\" class=\"r-link--google-favorites\" role=\"button\">Ajoutez-nous \u00e0 vos favoris Google<\/a><br \/>\n\tLes r\u00e8gles changent pour les nouveaux contrats de travail. Depuis ce 1er ao\u00fbt, le pr\u00e9avis est r\u00e9duit \u00e0 une semaine pendant les six premiers mois. Les syndicats d\u00e9noncent une r\u00e9forme qui fragilise les travailleurs.<\/p>\n<p>&#13;<br \/>\n&#13;<\/p>\n<p>C\u2019est l\u2019une des nouveaut\u00e9s entr\u00e9es en vigueur ce 1er ao\u00fbt. Le d\u00e9lai de pr\u00e9avis pour mettre fin \u00e0 un contrat de travail a \u00e9t\u00e9 raccourci. Concr\u00e8tement, durant les six premiers mois d\u2019un contrat, employeur comme travailleur peuvent d\u00e9sormais rompre la relation avec un pr\u00e9avis d\u2019une semaine seulement.<\/p>\n<p>Jusqu\u2019ici, ce d\u00e9lai \u00e9tait progressif\u00a0: une semaine pendant les trois premiers mois, puis deux semaines entre trois et six mois. D\u00e9sormais, la r\u00e8gle est simplifi\u00e9e.<\/p>\n<p>&#13;<br \/>\n&#13;<\/p>\n<p>&#13;<br \/>\n&#13;<\/p>\n<p>Cette modification s\u2019applique automatiquement, m\u00eame si elle n\u2019est pas mentionn\u00e9e dans le contrat. Attention toutefois\u00a0: elle ne concerne que les nouveaux contrats sign\u00e9s \u00e0 partir du 1er ao\u00fbt. Pour les autres, les anciennes r\u00e8gles restent d\u2019application.<\/p>\n<p>Une r\u00e9forme pour faciliter l\u2019embauche\u00a0?<\/p>\n<p>La mesure a \u00e9t\u00e9 propos\u00e9e par le ministre f\u00e9d\u00e9ral de l\u2019Emploi, David Clarinval. Objectif affich\u00e9\u00a0: faciliter l\u2019embauche, notamment des jeunes. Les employeurs peuvent ainsi \u00e9valuer plus rapidement si un travailleur correspond au poste.<\/p>\n<p>Le gouvernement veut aussi limiter la succession de contrats pr\u00e9caires, comme les CDD ou les p\u00e9riodes d\u2019int\u00e9rim qui s\u2019encha\u00eenent.<\/p>\n<p>&#13;<br \/>\n&#13;<br \/>\nDes critiques du c\u00f4t\u00e9 des syndicats<\/p>\n<p>La r\u00e9forme ne fait toutefois pas l\u2019unanimit\u00e9. Plusieurs organisations syndicales d\u00e9noncent un retour cach\u00e9 \u00e0 la p\u00e9riode d\u2019essai, supprim\u00e9e en 2014.<\/p>\n<p>\n  &#13;<br \/>\n  \u00c0 lire aussi&#13;<br \/>\n  &#13;<\/p>\n<p>  <img decoding=\"async\" data-copyright=\"Adobe Stock\" class=\"r-img\"  typeof=\"foaf:Image\" src=\"https:\/\/www.europesays.com\/be-fr\/wp-content\/uploads\/2026\/08\/1785749288_280_94454630.jpeg\" alt=\"Les accises sur le gaz naturel et le mazout augmentent d\u00e8s le 1er ao\u00fbt en Belgique, tandis que celles sur l\u2019\u00e9lectricit\u00e9 diminuent afin d\u2019encourager une consommation plus respectueuse de l\u2019environnement.\"\/><br \/>\n        <a class=\"r-stories--link\" href=\"https:\/\/www.rtl.be\/actu\/belgique\/societe\/factures-denergie-en-hausse-depots-clandestins-contrat-de-travail-voici-tout-ce\/2026-08-01\/article\/796158\" rel=\"nofollow noopener\" target=\"_blank\">Factures d\u2019\u00e9nergie en hausse, d\u00e9p\u00f4ts clandestins, contrat de travail\u00a0: voici tout ce qui change ce 1er ao\u00fbt<\/a>&#13;<br \/>\n  &#13;<br \/>\n&#13;\n<\/p>\n<p>Elles d\u00e9noncent notamment un risque accru de pr\u00e9carit\u00e9 et un manque de protection pour les travailleurs. Sur le plan juridique, il ne s\u2019agit pourtant pas d\u2019une p\u00e9riode d\u2019essai. La r\u00e9duction du pr\u00e9avis est directement pr\u00e9vue par la loi et ne n\u00e9cessite aucune clause sp\u00e9cifique dans le contrat.<\/p>\n<p>&#13;<br \/>\n&#13;<\/p>\n<p>&#13;<br \/>\n&#13;<\/p>\n<p><a class=\"r-btn r-btn--tag\" href=\"https:\/\/www.rtl.be\/2116\/free-tags\/travail\" title=\"travail\" rel=\"nofollow noopener\" target=\"_blank\">travail<\/a><br \/>\n<a class=\"r-btn r-btn--tag\" href=\"https:\/\/www.rtl.be\/2411\/free-tags\/emploi\" title=\"emploi\" rel=\"nofollow noopener\" target=\"_blank\">emploi<\/a><\/p>\n","protected":false},"excerpt":{"rendered":"par Yasmine Meziani Publi\u00e9 le 03 ao\u00fbt \u00e0 09h24 Ajoutez-nous \u00e0 vos favoris Google Les r\u00e8gles changent pour&hellip;\n","protected":false},"author":2,"featured_media":197986,"comment_status":"","ping_status":"","sticky":false,"template":"","format":"standard","meta":{"footnotes":"","_share_on_mastodon":"0"},"categories":[35],"tags":[12,13,18,17,38,60983,2698,37,36,60984,60980,60982,60978,60985,60979,60981],"class_list":["post-197985","post","type-post","status-publish","format-standard","has-post-thumbnail","category-economie","tag-be","tag-be-fr","tag-belgique","tag-belgium","tag-business","tag-cdd-interim","tag-david-clarinval","tag-economie","tag-economy","tag-embauche-jeunes","tag-nouvelle-regle-preavis","tag-periode-dessai-supprimee","tag-preavis-contrat-de-travail","tag-precarite-emploi","tag-reforme-preavis-1er-aout","tag-syndicats-travailleurs"],"share_on_mastodon":{"url":"https:\/\/pubeurope.com\/@be_fr\/117030873522504240","error":""},"_links":{"self":[{"href":"https:\/\/www.europesays.com\/be-fr\/wp-json\/wp\/v2\/posts\/197985","targetHints":{"allow":["GET"]}}],"collection":[{"href":"https:\/\/www.europesays.com\/be-fr\/wp-json\/wp\/v2\/posts"}],"about":[{"href":"https:\/\/www.europesays.com\/be-fr\/wp-json\/wp\/v2\/types\/post"}],"author":[{"embeddable":true,"href":"https:\/\/www.europesays.com\/be-fr\/wp-json\/wp\/v2\/users\/2"}],"replies":[{"embeddable":true,"href":"https:\/\/www.europesays.com\/be-fr\/wp-json\/wp\/v2\/comments?post=197985"}],"version-history":[{"count":0,"href":"https:\/\/www.europesays.com\/be-fr\/wp-json\/wp\/v2\/posts\/197985\/revisions"}],"wp:featuredmedia":[{"embeddable":true,"href":"https:\/\/www.europesays.com\/be-fr\/wp-json\/wp\/v2\/media\/197986"}],"wp:attachment":[{"href":"https:\/\/www.europesays.com\/be-fr\/wp-json\/wp\/v2\/media?parent=197985"}],"wp:term":[{"taxonomy":"category","embeddable":true,"href":"https:\/\/www.europesays.com\/be-fr\/wp-json\/wp\/v2\/categories?post=197985"},{"taxonomy":"post_tag","embeddable":true,"href":"https:\/\/www.europesays.com\/be-fr\/wp-json\/wp\/v2\/tags?post=197985"}],"curies":[{"name":"wp","href":"https:\/\/api.w.org\/{rel}","templated":true}]}}