{"id":198617,"date":"2026-08-03T17:55:16","date_gmt":"2026-08-03T17:55:16","guid":{"rendered":"https:\/\/www.europesays.com\/be-fr\/198617\/"},"modified":"2026-08-03T17:55:16","modified_gmt":"2026-08-03T17:55:16","slug":"la-plus-grande-eclipse-avant-de-nombreuses-annees-lastrophysicien-spadois-emmanuel-jehin-explique-comment-lobserver-le-12-aout-en-belgique","status":"publish","type":"post","link":"https:\/\/www.europesays.com\/be-fr\/198617\/","title":{"rendered":"\u00ab\u00a0La plus grande \u00e9clipse avant de nombreuses ann\u00e9es\u00a0\u00bb\u00a0: l&rsquo;astrophysicien spadois Emmanuel Jehin explique comment l&rsquo;observer, le 12\u00a0ao\u00fbt en Belgique"},"content":{"rendered":"<p><a href=\"https:\/\/www.lavenir.net\/regions\/basse-sambre\/mettet\/2026\/07\/30\/chasseur-declipses-le-soleil-et-la-lune-ont-rendez-vous-avec-andy-JTA5JC4V7JAL7FJUQZMIVBE2OA\/\" target=\"_self\" class=\"ap-StoryInterstitialLink ap-StoryElement ap-StoryElement--mb js-paywall-target\" rel=\"nofollow noopener\">S\u00e9rie d&rsquo;\u00e9t\u00e9, \u00ab\u00a0le mordu\u00a0\u00bb | Du Texas \u00e0 Saragosse, Andy chasse les \u00e9clipses: \u00ab\u00a0Je peux le dire, j&rsquo;ai v\u00e9cu l&rsquo;extase astronomique\u00a0\u00bb<\/a><\/p>\n<p class=\"ap-StoryElement ap-StoryElement--mb ap-StoryText\">Et donc, cette \u00e9clipse du 12 ao\u00fbt, elle ne sera totale qu&rsquo;\u00e0 Reykjavik, ainsi qu&rsquo;en descendant le long de la mer, de l&rsquo;oc\u00e9an, et dans le nord de l&rsquo;Espagne, \u00e0 Majorque et Ibiza. Chez nous, en Belgique, elle sera partielle. Mais ce sera tout de m\u00eame une grande \u00e9clipse, puisque le soleil sera cach\u00e9 \u00e0 90 %.<\/p>\n<p><img loading=\"lazy\" decoding=\"async\" class=\"w-full lazyload lazyload--opacity\" style=\"aspect-ratio:178 \/ 100;opacity:1\" alt=\"L'\u00e9clipse sera totale \u00e0 Reykjavik et dans le nord de l'Espagne.\" width=\"768\" height=\"432\" fetchpriority=\"auto\" src=\"https:\/\/www.europesays.com\/be-fr\/wp-content\/uploads\/2026\/08\/1785779713_704_S5VKD3X55FFF3BW6V4SEHXNP7I.png\"  data- data-optimumx=\"1\"\/><img loading=\"lazy\" decoding=\"async\" src=\"https:\/\/www.europesays.com\/be-fr\/wp-content\/uploads\/2026\/08\/IJWIOC4L6JG6TO3GZLEGOLR77A.png\" width=\"768\" height=\"432\" alt=\"L'\u00e9clipse sera totale \u00e0 Reykjavik et dans le nord de l'Espagne.\" class=\"absolute inset-0 w-full\"\/>L&rsquo;\u00e9clipse sera totale \u00e0 Reykjavik et dans le nord de l&rsquo;Espagne. \u00a9Observatoire de Paris<\/p>\n<p class=\"ap-StoryElement ap-StoryElement--mb ap-StoryText\">Une \u00e9clipse de Soleil aussi importante, c&rsquo;est un ph\u00e9nom\u00e8ne rare ?<\/p>\n<p class=\"ap-StoryElement ap-StoryElement--mb ap-StoryText\">En effet, depuis l&rsquo;\u00e9clipse totale de 1999, c&rsquo;est la premi\u00e8re fois qu&rsquo;on a une \u00e9clipse partielle aussi importante en Belgique. <a href=\"https:\/\/www.lavenir.net\/actu\/belgique\/2025\/03\/29\/eclipse-partielle-le-soleil-a-rendez-vous-avec-la-lune-ce-samedi-midi-un-fait-exceptionnel-en-belgique-KPW7LNDCKNAF5AXU6Y5TP25SBI\/\" target=\"_blank\" rel=\"noreferrer noopener nofollow\">On en a eu une l&rsquo;ann\u00e9e derni\u00e8re, le 29 mars.<\/a> Mais seulement 30 % du soleil \u00e9tait cach\u00e9.<\/p>\n<p><a href=\"https:\/\/www.lavenir.net\/actu\/societe\/meteo\/2025\/03\/29\/eclipse-partielle-de-soleil-en-belgique-vos-plus-belles-photos-de-ce-phenomene-exceptionnel-XLJYHL67LZDX3P3GIXFQ75656Q\/\" target=\"_self\" class=\"ap-StoryInterstitialLink ap-StoryElement ap-StoryElement--mb\" rel=\"nofollow noopener\">\u00c9clipse partielle de soleil en Belgique: vos plus belles photos de ce \u00ab\u00a0ph\u00e9nom\u00e8ne exceptionnel\u00a0\u00bb<\/a><\/p>\n<p class=\"ap-StoryElement ap-StoryElement--mb ap-StoryText\">Et quand pourra-t-on voir la prochaine \u00e9clipse totale en Belgique ?<\/p>\n<p class=\"ap-StoryElement ap-StoryElement--mb ap-StoryText\">Ce sera le 3 septembre 2081. En r\u00e9alit\u00e9, elle ne se produira m\u00eame pas sur le territoire belge. Mais il suffira de passer la fronti\u00e8re fran\u00e7aise, puisqu&rsquo;on pourra la voir du c\u00f4t\u00e9 de Charleville-M\u00e9zi\u00e8res ou Reims. Et ce sera dans 50 ans. Il y aura une bonne partie d&rsquo;entre nous qui ne serons plus l\u00e0 pour la voir.<\/p>\n<p class=\"ap-StoryQuote-text\">\u00ab\u00a0Pour la plupart des Belges, cette \u00e9clipse, ce sera la plus grande avant de nombreuses ann\u00e9es.\u00a0\u00bb<\/p>\n<p class=\"ap-StoryElement ap-StoryElement--mb ap-StoryText\">Mais la bonne nouvelle, c&rsquo;est que des \u00e9clipses totales de Soleil, il y en a chaque ann\u00e9e. En 2027, on pourra en voir une au sud de l&rsquo;Espagne, dans la r\u00e9gion de Grenade. Beaucoup de gens vont aussi y aller. D&rsquo;autant plus que celle de l&rsquo;ann\u00e9e prochaine va durer plus longtemps. Le soleil sera compl\u00e8tement cach\u00e9 pendant quatre minutes. Alors qu&rsquo;ici, elle se produira au coucher du soleil. Donc, ce sera plus bref. Mais c&rsquo;est vrai que pour la plupart des Belges, cette \u00e9clipse, ce sera la plus grande avant de nombreuses ann\u00e9es.<\/p>\n<p class=\"ap-StoryElement ap-StoryElement--mb ap-StoryText\">Autant profiter \u00e0 fond de celle-ci, donc. Comment se mettre dans de bonnes conditions pour l&rsquo;appr\u00e9cier au mieux ?<\/p>\n<p class=\"ap-StoryElement ap-StoryElement--mb ap-StoryText\">La difficult\u00e9 avec l&rsquo;\u00e9clipse de cette ann\u00e9e, c&rsquo;est qu&rsquo;elle a lieu au coucher du soleil. En Belgique, le moment o\u00f9 le soleil est couvert au maximum par la lune, c&rsquo;est \u00e0 20h13. \u00c0 cette heure, le soleil est tr\u00e8s bas sur l&rsquo;horizon. Il n&rsquo;est qu&rsquo;\u00e0 7 degr\u00e9s au-dessus de l&rsquo;horizon. Ce n&rsquo;est vraiment pas grand-chose. C&rsquo;est typiquement la hauteur de b\u00e2timent.<\/p>\n<p class=\"ap-StoryQuote-text\">\u00ab\u00a0Le mieux \u00e0 faire, c&rsquo;est de rep\u00e9rer un endroit et aller voir le coucher de soleil quelques jours \u00e0 l&rsquo;avance, pour \u00eatre s\u00fbr que le soleil ne sera pas cach\u00e9.\u00a0\u00bb<\/p>\n<p class=\"ap-StoryElement ap-StoryElement--mb ap-StoryText\">Il faut donc se pr\u00e9parer \u00e0 l&rsquo;avance. Le mieux \u00e0 faire, c&rsquo;est de rep\u00e9rer un endroit et aller voir le coucher de soleil quelques jours \u00e0 l&rsquo;avance, pour \u00eatre s\u00fbr que le soleil ne sera pas cach\u00e9 par la maison du voisin ou un arbre. Beaucoup d&rsquo;endroits conviennent : sur les hauteurs de Verviers, dans les Fagnes\u2026 Pour ceux qui sont \u00e0 la mer, c&rsquo;est encore mieux. Et en tout cas, pas dans une ville. Par exemple, \u00e0 Spa, on est dans une vall\u00e9e. On ne pourra donc pas voir le soleil se coucher.<\/p>\n<p class=\"ap-StoryElement ap-StoryElement--mb ap-StoryText\">Comme le soleil sera dissimul\u00e9 \u00e0 90 %, <a href=\"https:\/\/www.lavenir.net\/actu\/societe\/sante\/2026\/06\/29\/eclipse-solaire-du-12-aout-2026-en-belgique-il-est-temps-dacheter-des-lunettes-adaptees-pour-lobserver-en-toute-securite-OTFXFRQEI5A35GHSVA7BJ2NXMQ\/\" target=\"_blank\" rel=\"noreferrer noopener nofollow\">on pourra le regarder \u00e0 l&rsquo;\u0153il nu, ou c&rsquo;est dangereux ?<\/a><\/p>\n<p class=\"ap-StoryElement ap-StoryElement--mb ap-StoryText\">C&rsquo;est dangereux, donc il faut des lunettes d&rsquo;\u00e9clipse. Elles permettront d&rsquo;observer en toute s\u00e9curit\u00e9. D&rsquo;autant plus que le ph\u00e9nom\u00e8ne commence \u00e0 19h19. Et \u00e0 ce moment-l\u00e0, le soleil est beaucoup plus haut dans le ciel. On peut trouver ces lunettes chez les opticiens, mais aussi en ligne, notamment sur Amazon (NDLR: des luenttes sont \u00e9galement disponibles en pharmacie). Il ne faut d&rsquo;ailleurs pas tra\u00eener pour les commander, parce qu&rsquo;il risque d&rsquo;y avoir des ruptures de stock.<\/p>\n<p class=\"ap-StoryElement ap-StoryElement--mb ap-StoryText\">Quand on ach\u00e8te des lunettes d&rsquo;\u00e9clipse, il faut toujours v\u00e9rifier qu&rsquo;elles r\u00e9pondent bien \u00e0 la norme ISO 12312-2. Et c&rsquo;est encore mieux si elles ont \u00e9t\u00e9 produites par des firmes agr\u00e9\u00e9es par des f\u00e9d\u00e9rations d&rsquo;astronomie, notamment l&rsquo;am\u00e9ricaine.<\/p>\n<p><img loading=\"lazy\" decoding=\"async\" class=\"w-full lazyload lazyload--opacity object-contain\" style=\"aspect-ratio:133 \/ 100;opacity:1\" alt=\"Il est essentiel de porter des lunettes adapt\u00e9es si l'on veut regarder directement le soleil durant l'\u00e9clipse.\" width=\"768\" height=\"576\" fetchpriority=\"auto\" src=\"https:\/\/www.europesays.com\/be-fr\/wp-content\/uploads\/2026\/08\/1785779713_704_S5VKD3X55FFF3BW6V4SEHXNP7I.png\"  data- data-optimumx=\"1\"\/><img loading=\"lazy\" decoding=\"async\" src=\"https:\/\/www.europesays.com\/be-fr\/wp-content\/uploads\/2026\/08\/NZTN2OCV3ZCUXG2LV7W7B4GFQA.jpg\" width=\"768\" height=\"576\" alt=\"Il est essentiel de porter des lunettes adapt\u00e9es si l'on veut regarder directement le soleil durant l'\u00e9clipse.\" class=\"absolute inset-0 w-full\"\/>Il est essentiel de porter des lunettes adapt\u00e9es si l&rsquo;on veut regarder directement le soleil durant l&rsquo;\u00e9clipse. \u00a9Nasa<\/p>\n<p class=\"ap-StoryElement ap-StoryElement--mb ap-StoryText\">Il faut toujours les v\u00e9rifier avant, les tester \u00e0 l&rsquo;int\u00e9rieur. Normalement, on ne doit absolument rien voir. En regardant le filament d&rsquo;une lampe halog\u00e8ne, on doit voir le filament tr\u00e8s faiblement. Il ne peut pas \u00eatre brillant. \u00c0 l&rsquo;ext\u00e9rieur, on ne doit rien voir du tout non plus. Mais en regardant vers le soleil, il doit \u00eatre bien net.<\/p>\n<p class=\"ap-StoryElement ap-StoryElement--mb ap-StoryText\">Il existe d&rsquo;autres mani\u00e8res d&rsquo;observer le soleil sans lunettes ?<\/p>\n<p class=\"ap-StoryElement ap-StoryElement--mb ap-StoryText\">D&rsquo;abord, les lunettes de soleil classiques ne sont pas du tout adapt\u00e9es. Il ne faut vraiment pas chipoter avec \u00e7a. Le gros probl\u00e8me, c&rsquo;est que la lumi\u00e8re UV et infrarouge n&rsquo;est pas arr\u00eat\u00e9e par ces lunettes-l\u00e0. Elle va venir se focaliser dans votre \u0153il et br\u00fbler votre r\u00e9tine. Il ne faut \u00e9videmment pas regarder le soleil avec une paire de jumelles, ni une petite lunette astronomique.<\/p>\n<p class=\"ap-StoryElement ap-StoryElement--mb ap-StoryText\">Mais on peut notamment utiliser ce qu&rsquo;on appelle le st\u00e9nop\u00e9. C&rsquo;est assez facile. Vous prenez un carton, vous faites un petit trou dedans et vous projetez la lumi\u00e8re sur une feuille. Ou encore plus facile : faire un trou dans le couvercle d&rsquo;une bo\u00eete \u00e0 chaussures et projeter dans le fond. En proc\u00e9dant ainsi, il n&rsquo;y a aucun danger non plus.<\/p>\n<p><img loading=\"lazy\" decoding=\"async\" class=\"w-full lazyload lazyload--opacity object-contain\" style=\"aspect-ratio:159 \/ 100;opacity:1\" alt=\"Le 29 mars 2025, le Groupe d'astronomie de Spa avait d\u00e9j\u00e0 organis\u00e9 une observation de l'\u00e9clipse.\" width=\"768\" height=\"482\" fetchpriority=\"auto\" src=\"https:\/\/www.europesays.com\/be-fr\/wp-content\/uploads\/2026\/08\/1785779713_704_S5VKD3X55FFF3BW6V4SEHXNP7I.png\"  data- data-optimumx=\"1\"\/><img loading=\"lazy\" decoding=\"async\" src=\"https:\/\/www.europesays.com\/be-fr\/wp-content\/uploads\/2026\/08\/GOOLKFMEEFBPTL5VFK6HXPVT6Q.jpg\" width=\"768\" height=\"482\" alt=\"Le 29 mars 2025, le Groupe d'astronomie de Spa avait d\u00e9j\u00e0 organis\u00e9 une observation de l'\u00e9clipse.\" class=\"absolute inset-0 w-full\"\/>Le 29 mars 2025, le Groupe d&rsquo;astronomie de Spa avait d\u00e9j\u00e0 organis\u00e9 une observation de l&rsquo;\u00e9clipse. \u00a9Groupe d&rsquo;astronomie de Spa<\/p>\n<p class=\"ap-StoryElement ap-StoryElement--mb ap-StoryText\">Pour l&rsquo;occasion, le Groupe astronomie de Spa organise quelque chose ?<\/p>\n<p class=\"ap-StoryElement ap-StoryElement--mb ap-StoryText\">On propose donc aux gens de nous rejoindre \u00e0 l&rsquo;a\u00e9rodrome de Spa-la Sauveni\u00e8re \u00e0 partir de 18h30. \u00c0 cet endroit-l\u00e0, c&rsquo;est parfait. Les participants n&rsquo;ont pas besoin de s&rsquo;inscrire et on peut leur fournir des lunettes d&rsquo;\u00e9clipse. On pourra aussi observer le ph\u00e9nom\u00e8ne au t\u00e9lescope avec des filtres ad\u00e9quats. Avec un peu de chance, on aura aussi des filtres \u00ab\u00a0hydrog\u00e8ne alpha\u00a0\u00bb, qui permettent de voir les explosions et les \u00e9ruptions sur le Soleil. Ce qui fait la particularit\u00e9 de cette \u00e9clipse, c&rsquo;est qu&rsquo;elle peut \u00eatre tr\u00e8s sc\u00e9nique, avec le soleil \u00e0 ras de l&rsquo;horizon avec le disque lunaire au-dessus. \u00c7a pourrait \u00eatre magnifique et donner vraiment de magnifiques photos.<\/p>\n","protected":false},"excerpt":{"rendered":"S\u00e9rie d&rsquo;\u00e9t\u00e9, \u00ab\u00a0le mordu\u00a0\u00bb | Du Texas \u00e0 Saragosse, Andy chasse les \u00e9clipses: \u00ab\u00a0Je peux le dire, j&rsquo;ai&hellip;\n","protected":false},"author":2,"featured_media":198618,"comment_status":"","ping_status":"","sticky":false,"template":"","format":"standard","meta":{"footnotes":"","_share_on_mastodon":"0"},"categories":[70],"tags":[12,13,18,17,3881,73,71,75,72,8648,76,74,3310],"class_list":["post-198617","post","type-post","status-publish","format-standard","has-post-thumbnail","category-sciences-et-technologies","tag-be","tag-be-fr","tag-belgique","tag-belgium","tag-promotions-amazon","tag-science","tag-science-and-technology","tag-sciences","tag-sciences-et-technologies","tag-soldes-en-belgique","tag-technologies","tag-technology","tag-verviers"],"share_on_mastodon":{"url":"https:\/\/pubeurope.com\/@be_fr\/117032866820824929","error":""},"_links":{"self":[{"href":"https:\/\/www.europesays.com\/be-fr\/wp-json\/wp\/v2\/posts\/198617","targetHints":{"allow":["GET"]}}],"collection":[{"href":"https:\/\/www.europesays.com\/be-fr\/wp-json\/wp\/v2\/posts"}],"about":[{"href":"https:\/\/www.europesays.com\/be-fr\/wp-json\/wp\/v2\/types\/post"}],"author":[{"embeddable":true,"href":"https:\/\/www.europesays.com\/be-fr\/wp-json\/wp\/v2\/users\/2"}],"replies":[{"embeddable":true,"href":"https:\/\/www.europesays.com\/be-fr\/wp-json\/wp\/v2\/comments?post=198617"}],"version-history":[{"count":0,"href":"https:\/\/www.europesays.com\/be-fr\/wp-json\/wp\/v2\/posts\/198617\/revisions"}],"wp:featuredmedia":[{"embeddable":true,"href":"https:\/\/www.europesays.com\/be-fr\/wp-json\/wp\/v2\/media\/198618"}],"wp:attachment":[{"href":"https:\/\/www.europesays.com\/be-fr\/wp-json\/wp\/v2\/media?parent=198617"}],"wp:term":[{"taxonomy":"category","embeddable":true,"href":"https:\/\/www.europesays.com\/be-fr\/wp-json\/wp\/v2\/categories?post=198617"},{"taxonomy":"post_tag","embeddable":true,"href":"https:\/\/www.europesays.com\/be-fr\/wp-json\/wp\/v2\/tags?post=198617"}],"curies":[{"name":"wp","href":"https:\/\/api.w.org\/{rel}","templated":true}]}}