{"id":198793,"date":"2026-08-03T20:15:50","date_gmt":"2026-08-03T20:15:50","guid":{"rendered":"https:\/\/www.europesays.com\/be-fr\/198793\/"},"modified":"2026-08-03T20:15:50","modified_gmt":"2026-08-03T20:15:50","slug":"bruxelles-sans-trottinettes-et-velos-partages-des-septembre-le-mr-appelle-au-maintien-des-velos-malgre-tout","status":"publish","type":"post","link":"https:\/\/www.europesays.com\/be-fr\/198793\/","title":{"rendered":"Bruxelles sans trottinettes et v\u00e9los partag\u00e9s d\u00e8s septembre\u00a0: le MR appelle au maintien des v\u00e9los malgr\u00e9 tout"},"content":{"rendered":"<p><a href=\"https:\/\/www.dhnet.be\/regions\/bruxelles\/bruxelles-mobilite\/2026\/07\/30\/coup-de-theatre-a-bruxelles-les-trottinettes-partagees-devront-bel-et-bien-avoir-disparu-de-la-capitale-au-plus-tard-pour-le-1er-septembre-2026-5P6FML5VKJHMHLHSRIX2IB6PYY\/\" target=\"_self\" class=\"ap-StoryInterstitialLink ap-StoryElement ap-StoryElement--mb js-paywall-target\" rel=\"nofollow noopener\">D\u00e9cision choc : les trottinettes et v\u00e9los partag\u00e9s devront bel et bien avoir disparu de Bruxelles \u00ab\u00a0au plus tard pour le 1er septembre 2026\u00a0\u00bb<\/a><\/p>\n<p class=\"ap-StoryElement ap-StoryElement--mb ap-StoryText\">Ce coup de th\u00e9\u00e2tre judiciaire intervient alors que le gouvernement bruxellois a annonc\u00e9 en juin l&rsquo;interdiction totale des trottinettes partag\u00e9es d\u00e8s janvier 2027, tout en maintenant l&rsquo;offre de v\u00e9los partag\u00e9s. Une d\u00e9cision qui n&rsquo;est pas remise en cause, nous dit-on de toutes parts, par l&rsquo;arr\u00eat du Conseil d&rsquo;\u00c9tat.<\/p>\n<p class=\"ap-StoryElement ap-StoryElement--mb ap-StoryText\">En l&rsquo;\u00e9tat actuel des choses, Bruxelles va donc perdre toutes les trottinettes et v\u00e9los partag\u00e9s d\u00e8s septembre\u2026 avant de r\u00e9introduire des v\u00e9los partag\u00e9s d\u00e8s janvier \u00e0 la suite d&rsquo;un nouvel appel d&rsquo;offres.<\/p>\n<p><a href=\"https:\/\/www.dhnet.be\/regions\/bruxelles\/bruxelles-mobilite\/2026\/07\/31\/mobilisez-vous-pour-sauver-les-trottinettes-a-bruxelles-dott-appelle-ses-utilisateurs-a-reagir-pour-sauver-les-trottinettes-HRLL4C43T5HNNFT3V3UGOQCHZQ\/\" target=\"_self\" class=\"ap-StoryInterstitialLink ap-StoryElement ap-StoryElement--mb\" rel=\"nofollow noopener\">\u00ab\u00a0Mobilisez-vous pour sauver les trottinettes \u00e0 Bruxelles\u00a0\u00bb : Dott appelle ses utilisateurs \u00e0 r\u00e9agir pour sauver les trottinettes<\/a><\/p>\n<p class=\"ap-StoryElement ap-StoryElement--mb ap-StoryText\">En coulisses, certains veulent \u00e9viter ce sc\u00e9nario et esp\u00e8rent un maintien, jusqu&rsquo;\u00e0 janvier, des v\u00e9los partag\u00e9s. Une r\u00e9union est notamment pr\u00e9vue mi-ao\u00fbt entre les autorit\u00e9s bruxelloises et les op\u00e9rateurs.<\/p>\n<p>\u00ab\u00a0\u00c7a n&rsquo;aurait aucun sens\u00a0\u00bb<\/p>\n<p class=\"ap-StoryElement ap-StoryElement--mb ap-StoryText\">Ce lundi, le MR sort du bois et appelle ouvertement au maintien de l&rsquo;offre de v\u00e9los. <a href=\"https:\/\/www.dhnet.be\/regions\/bruxelles\/bruxelles-mobilite\/2026\/08\/01\/saga-des-trottinettes-a-bruxelles-vooruit-veut-sauver-les-velos-partages-on-risque-de-perdre-un-moyen-de-deplacement-populaire-et-accessible-OYG423USCFDJJMDOAKXSWEXNQI\/\" target=\"_self\" rel=\"nofollow noopener\">Une position d\u00e9j\u00e0 exprim\u00e9e par le partenaire de majorit\u00e9 Vooruit<\/a>.<\/p>\n<p class=\"ap-StoryElement ap-StoryElement--mb ap-StoryText\">\u00ab\u00a0Il faut cesser de mettre v\u00e9los et trottinettes dans le m\u00eame sac. Je d\u00e9fends une solution de transition entre septembre et janvier pour que les v\u00e9los partag\u00e9s continuent de rouler : les retirer pour les r\u00e9installer quelques mois plus tard n&rsquo;aurait aucun sens\u00a0\u00bb, d\u00e9clare la d\u00e9put\u00e9e Am\u00e9lie Pans (MR), appuy\u00e9e par les pr\u00e9sidents des sections locales MR d&rsquo;Evere et Saint-Gilles. Deux localit\u00e9s lourdement affect\u00e9es par les interruptions de tram.<\/p>\n<p><a href=\"https:\/\/www.dhnet.be\/regions\/bruxelles\/bruxelles-mobilite\/2026\/08\/01\/saga-des-trottinettes-a-bruxelles-vooruit-veut-sauver-les-velos-partages-on-risque-de-perdre-un-moyen-de-deplacement-populaire-et-accessible-OYG423USCFDJJMDOAKXSWEXNQI\/\" target=\"_self\" class=\"ap-StoryInterstitialLink ap-StoryElement ap-StoryElement--mb\" rel=\"nofollow noopener\">Saga des trottinettes \u00e0 Bruxelles : Vooruit veut sauver les v\u00e9los partag\u00e9s, \u00ab\u00a0on risque de perdre un moyen de d\u00e9placement populaire et accessible\u00a0\u00bb<\/a><\/p>\n<p class=\"ap-StoryElement ap-StoryElement--mb ap-StoryText\">Les lib\u00e9raux disent \u00ab\u00a0lancer un appel \u00e0 la cr\u00e9ativit\u00e9 de Bruxelles Mobilit\u00e9. l&rsquo;administration a l&rsquo;expertise et les leviers pour b\u00e2tir, dans le strict respect de l&rsquo;arr\u00eat, un dispositif transitoire : encadrement temporaire, tol\u00e9rance cibl\u00e9e pour les v\u00e9los, calendrier resserr\u00e9 de la nouvelle proc\u00e9dure.\u00a0\u00bb<\/p>\n","protected":false},"excerpt":{"rendered":"D\u00e9cision choc : les trottinettes et v\u00e9los partag\u00e9s devront bel et bien avoir disparu de Bruxelles \u00ab\u00a0au plus&hellip;\n","protected":false},"author":2,"featured_media":198794,"comment_status":"","ping_status":"","sticky":false,"template":"","format":"standard","meta":{"footnotes":"","_share_on_mastodon":"0"},"categories":[2],"tags":[12,13,18,17,28,3934],"class_list":["post-198793","post","type-post","status-publish","format-standard","has-post-thumbnail","category-belgique","tag-be","tag-be-fr","tag-belgique","tag-belgium","tag-bruxelles-villes","tag-evere"],"share_on_mastodon":{"url":"https:\/\/pubeurope.com\/@be_fr\/117033417381936352","error":""},"_links":{"self":[{"href":"https:\/\/www.europesays.com\/be-fr\/wp-json\/wp\/v2\/posts\/198793","targetHints":{"allow":["GET"]}}],"collection":[{"href":"https:\/\/www.europesays.com\/be-fr\/wp-json\/wp\/v2\/posts"}],"about":[{"href":"https:\/\/www.europesays.com\/be-fr\/wp-json\/wp\/v2\/types\/post"}],"author":[{"embeddable":true,"href":"https:\/\/www.europesays.com\/be-fr\/wp-json\/wp\/v2\/users\/2"}],"replies":[{"embeddable":true,"href":"https:\/\/www.europesays.com\/be-fr\/wp-json\/wp\/v2\/comments?post=198793"}],"version-history":[{"count":0,"href":"https:\/\/www.europesays.com\/be-fr\/wp-json\/wp\/v2\/posts\/198793\/revisions"}],"wp:featuredmedia":[{"embeddable":true,"href":"https:\/\/www.europesays.com\/be-fr\/wp-json\/wp\/v2\/media\/198794"}],"wp:attachment":[{"href":"https:\/\/www.europesays.com\/be-fr\/wp-json\/wp\/v2\/media?parent=198793"}],"wp:term":[{"taxonomy":"category","embeddable":true,"href":"https:\/\/www.europesays.com\/be-fr\/wp-json\/wp\/v2\/categories?post=198793"},{"taxonomy":"post_tag","embeddable":true,"href":"https:\/\/www.europesays.com\/be-fr\/wp-json\/wp\/v2\/tags?post=198793"}],"curies":[{"name":"wp","href":"https:\/\/api.w.org\/{rel}","templated":true}]}}