{"id":199011,"date":"2026-08-04T03:03:10","date_gmt":"2026-08-04T03:03:10","guid":{"rendered":"https:\/\/www.europesays.com\/be-fr\/199011\/"},"modified":"2026-08-04T03:03:10","modified_gmt":"2026-08-04T03:03:10","slug":"bientot-une-penurie-de-salade-en-belgique-en-france-les-rayons-se-vident","status":"publish","type":"post","link":"https:\/\/www.europesays.com\/be-fr\/199011\/","title":{"rendered":"Bient\u00f4t une p\u00e9nurie de salade en Belgique\u00a0? En France, les rayons se vident"},"content":{"rendered":"<p class=\"ap-StoryElement ap-StoryElement--mb ap-StoryText\">Les conditions climatiques \u00e9tant particuli\u00e8rement extr\u00eames cette ann\u00e9e, cela se r\u00e9percute sur divers produits de notre <a href=\"https:\/\/www.lalibre.be\/lifestyle\/food\/\" target=\"_blank\" rel=\"noreferrer noopener nofollow\">alimentation<\/a>. L&rsquo;un d&rsquo;entre eux est beaucoup consomm\u00e9 en cette p\u00e9riode estivale\u00a0: la salade. Il n&rsquo;est pas rare de voir des rayons compl\u00e8tement vides dans l&rsquo;Hexagone ces derniers temps.<\/p>\n<p class=\"ap-StoryElement ap-StoryElement--mb ap-StoryText\"><a href=\"https:\/\/www.lalibre.be\/planete\/environnement\/2026\/07\/30\/ce-rapport-de-2004-sur-le-changement-climatique-refait-surface-en-belgique-cest-a-en-pleurer-deplore-jean-pascal-van-ypersele-AKGWONI5XBHY3NN67X4FRUVW7Y\/\" target=\"_blank\" rel=\"noreferrer noopener nofollow\">Les vagues de chaleur <\/a>ont impact\u00e9 les exploitations mara\u00eech\u00e8res du pays. Le 17\u00a0juillet dernier, la f\u00e9d\u00e9ration L\u00e9gumes de France d\u00e9clarait au site actu.fr\u00a0: \u00ab\u00a0C&rsquo;est la catastrophe\u00a0\u00bb. Les cultures de salades supportent mal les p\u00e9riodes de<a href=\"https:\/\/www.lalibre.be\/international\/europe\/2026\/08\/03\/direct-incendies-en-europe-lincendie-reste-contenu-dans-le-var-nouvelle-journee-a-risque-H7RWZPS2L5ATDI2U4LGWP7PJCA\/\" target=\"_blank\" rel=\"noreferrer noopener nofollow\"> forte chaleur<\/a>, d&rsquo;autant plus lorsque les nuits ne permettent pas aux sols de se rafra\u00eechir.<\/p>\n","protected":false},"excerpt":{"rendered":"Les conditions climatiques \u00e9tant particuli\u00e8rement extr\u00eames cette ann\u00e9e, cela se r\u00e9percute sur divers produits de notre alimentation. L&rsquo;un&hellip;\n","protected":false},"author":2,"featured_media":199012,"comment_status":"","ping_status":"","sticky":false,"template":"","format":"standard","meta":{"footnotes":"","_share_on_mastodon":"0"},"categories":[8],"tags":[10,145,12,13,18,17,51720,11,61335,803],"class_list":["post-199011","post","type-post","status-publish","format-standard","has-post-thumbnail","category-actualites","tag-actualites","tag-architecture","tag-be","tag-be-fr","tag-belgique","tag-belgium","tag-maquette","tag-news","tag-ombriere","tag-urbanisme"],"share_on_mastodon":{"url":"https:\/\/pubeurope.com\/@be_fr\/117035021516682004","error":""},"_links":{"self":[{"href":"https:\/\/www.europesays.com\/be-fr\/wp-json\/wp\/v2\/posts\/199011","targetHints":{"allow":["GET"]}}],"collection":[{"href":"https:\/\/www.europesays.com\/be-fr\/wp-json\/wp\/v2\/posts"}],"about":[{"href":"https:\/\/www.europesays.com\/be-fr\/wp-json\/wp\/v2\/types\/post"}],"author":[{"embeddable":true,"href":"https:\/\/www.europesays.com\/be-fr\/wp-json\/wp\/v2\/users\/2"}],"replies":[{"embeddable":true,"href":"https:\/\/www.europesays.com\/be-fr\/wp-json\/wp\/v2\/comments?post=199011"}],"version-history":[{"count":0,"href":"https:\/\/www.europesays.com\/be-fr\/wp-json\/wp\/v2\/posts\/199011\/revisions"}],"wp:featuredmedia":[{"embeddable":true,"href":"https:\/\/www.europesays.com\/be-fr\/wp-json\/wp\/v2\/media\/199012"}],"wp:attachment":[{"href":"https:\/\/www.europesays.com\/be-fr\/wp-json\/wp\/v2\/media?parent=199011"}],"wp:term":[{"taxonomy":"category","embeddable":true,"href":"https:\/\/www.europesays.com\/be-fr\/wp-json\/wp\/v2\/categories?post=199011"},{"taxonomy":"post_tag","embeddable":true,"href":"https:\/\/www.europesays.com\/be-fr\/wp-json\/wp\/v2\/tags?post=199011"}],"curies":[{"name":"wp","href":"https:\/\/api.w.org\/{rel}","templated":true}]}}