{"id":200954,"date":"2026-08-05T12:12:38","date_gmt":"2026-08-05T12:12:38","guid":{"rendered":"https:\/\/www.europesays.com\/be-fr\/200954\/"},"modified":"2026-08-05T12:12:38","modified_gmt":"2026-08-05T12:12:38","slug":"notre-petit-neymar-peut-vous-faire-mal-en-visite-chez-omar-el-kaddouri-le-plus-anderlechtois-du-paok-qui-etait-le-pote-de-mertens-a-naples","status":"publish","type":"post","link":"https:\/\/www.europesays.com\/be-fr\/200954\/","title":{"rendered":"\u00ab\u00a0Notre petit Neymar peut vous faire mal\u00a0\u00bb\u00a0: en visite chez Omar El Kaddouri, le plus Anderlechtois du PAOK, qui \u00e9tait le pote de Mertens \u00e0 Naples"},"content":{"rendered":"<p><img loading=\"lazy\" decoding=\"async\" class=\"w-full lazyload lazyload--opacity object-contain\" style=\"aspect-ratio:150 \/ 100;opacity:1\" alt=\"Voici les graffitis qui vont accueillir Anderlecht au Stade Toumba ce jeudi.\" width=\"768\" height=\"512\" fetchpriority=\"auto\" src=\"https:\/\/www.europesays.com\/be-fr\/wp-content\/uploads\/2026\/08\/1785931954_854_S5VKD3X55FFF3BW6V4SEHXNP7I.png\"  data- data-optimumx=\"1\"\/><img loading=\"lazy\" decoding=\"async\" src=\"https:\/\/www.europesays.com\/be-fr\/wp-content\/uploads\/2026\/08\/BRXJDPHZQVGXRCHH2IKYRV2AKA.jpg\" width=\"768\" height=\"512\" alt=\"Voici les graffitis qui vont accueillir Anderlecht au Stade Toumba ce jeudi.\" class=\"absolute inset-0 w-full\"\/>Voici les graffitis qui vont accueillir Anderlecht au Stade Toumba ce jeudi. \u00a9DR<\/p>\n<p class=\"ap-StoryElement ap-StoryElement--mb ap-StoryText\">Le noyau dur peut m\u00eame perfectionner ses techniques de combat au sein m\u00eame du stade, car celui-ci abrite un club de MMA, un club de jiu-jitsu br\u00e9silien, un club de taekwondo et un club de kickboxing.<\/p>\n<p>\u00ab\u00a0Le stade pas sold out ? Nos fans sont incroyables !\u00a0\u00bb<\/p>\n<p class=\"ap-StoryElement ap-StoryElement--mb ap-StoryText\">Autre motif d&rsquo;inqui\u00e9tude : il fera encore 30 degr\u00e9s jeudi soir. \u00ab\u00a0La m\u00e9t\u00e9o ne fera pas la diff\u00e9rence \u2013 il y a m\u00eame une petite brise gr\u00e2ce \u00e0 la proximit\u00e9 de la mer \u2013 mais plut\u00f4t les supporters et les joueurs, promet El Kaddouri. Du moins, je l&rsquo;esp\u00e8re. Le PAOK est dans mon c\u0153ur. J&rsquo;ai jou\u00e9 pendant six saisons ici.\u00a0\u00bb<\/p>\n<p class=\"ap-StoryElement ap-StoryElement--mb ap-StoryText\">Selon nos informations, il n&rsquo;y aura que 20 000 supporters dans le stade de 28 000 places car beaucoup de Grecs sont en vacances. El Kaddouri sera l&rsquo;un des pr\u00e9sents. \u00ab\u00a0L&rsquo;ambiance peut vraiment \u00eatre bouillante, m\u00eame quand le stade n&rsquo;est pas rempli \u00e0 ras bord. Et surtout quand l&rsquo;\u00e9quipe commence \u00e0 d\u00e9rouler. Contre le Dinamo Kiev, c&rsquo;\u00e9tait calme en premi\u00e8re mi-temps. Mais d\u00e8s le 1-0, c&rsquo;est redevenu l&rsquo;enfer que je connais. Ils sont vraiment incroyables.\u00a0\u00bb<\/p>\n<p>\u00ab\u00a0Ils ont l&rsquo;exp\u00e9rience de grands matchs\u00a0\u00bb<\/p>\n<p class=\"ap-StoryElement ap-StoryElement--mb ap-StoryText\">Les deux buts contre Kiev ont \u00e9t\u00e9 marqu\u00e9s par le \u00ab\u00a0golden-boy\u00a0\u00bb Giannis Konstantelias, \u2026 ex-Eupen. \u00ab\u00a0Lui, il peut vraiment vous faire mal. C&rsquo;est le plus grand talent de Gr\u00e8ce, le top level europ\u00e9en. C&rsquo;est un petit Neymar. J&rsquo;ai jou\u00e9 ici deux saisons avec Christos Tzolis. Un crack, un tueur dans la surface, vous l&rsquo;avez vu \u00e0 Bruges. Il m\u00e9rite son transfert \u00e0 Arsenal. Mais en termes de classe pure, je place Konstantelias encore un cran au-dessus. Le PAOK ne veut pas le vendre, malgr\u00e9 des offres de plus de 20 millions (NdlR : Stuttgart est dessus, mais aussi Chelsea, Dortmund et la Juventus).\u00a0\u00bb<\/p>\n<p><img loading=\"lazy\" decoding=\"async\" class=\"w-full lazyload lazyload--opacity object-contain\" style=\"aspect-ratio:150 \/ 100;opacity:1\" alt=\"Lublin 23.07.2026. Football UEFA Europa League Qualifiers match, second qualifying round 1st leg, between FC Dynamo Kyiv and PAOK FC in Lublin, Poland --- Mecz Ligi Europy UEFA - 2. runda kwalifikacji pomiedzy Dynamo Kijow a PAOK FC w Lublinie, Polska. Persons Shown : Mykola Shaparenko, Giannis Konstantelias Fot. Kazimierz Kozuch \/ Arena Akcji\/NEWSPIX.PL --- newspix.pl PUBLICATIONxNOTxINxPOL\" width=\"768\" height=\"512\" fetchpriority=\"auto\" src=\"https:\/\/www.europesays.com\/be-fr\/wp-content\/uploads\/2026\/08\/1785931954_854_S5VKD3X55FFF3BW6V4SEHXNP7I.png\"  data- data-optimumx=\"1\"\/><img loading=\"lazy\" decoding=\"async\" src=\"https:\/\/www.europesays.com\/be-fr\/wp-content\/uploads\/2026\/08\/WGUERJEYNJBNJBWBX2HGPNV45E.jpg\" width=\"768\" height=\"512\" alt=\"Lublin 23.07.2026. Football UEFA Europa League Qualifiers match, second qualifying round 1st leg, between FC Dynamo Kyiv and PAOK FC in Lublin, Poland --- Mecz Ligi Europy UEFA - 2. runda kwalifikacji pomiedzy Dynamo Kijow a PAOK FC w Lublinie, Polska. Persons Shown : Mykola Shaparenko, Giannis Konstantelias Fot. Kazimierz Kozuch \/ Arena Akcji\/NEWSPIX.PL --- newspix.pl PUBLICATIONxNOTxINxPOL\" class=\"absolute inset-0 w-full\"\/>Giannis Konstantelias (\u00e0 droite) en a fait voir de toutes les couleurs au Dinamo Kiev. \u00a9IMAGO\/Newspix<\/p>\n<p class=\"ap-StoryElement ap-StoryElement--mb ap-StoryText\">\u00ab\u00a0Je ne connais pas bien l&rsquo;Anderlecht actuel. Mais honn\u00eatement ? Je pense que le PAOK est favori. L&rsquo;\u00e9quipe tourne bien sous la direction du nouveau jeune entra\u00eeneur, qui propose un football offensif. Notre \u00e9quipe compte beaucoup de gars qui ont jou\u00e9 d&rsquo;importants matchs europ\u00e9ens avec de grands clubs. Ils ont l&rsquo;exp\u00e9rience. Et ils sont bien pay\u00e9s. Ce n&rsquo;est pas l&rsquo;argent qui manque au PAOK. Surtout ici, vous aurez du mal.\u00a0\u00bb<\/p>\n<p>\u00ab\u00a0Hazard champion de justesse face \u00e0 mon \u00e9quipe de Diegem\u00a0\u00bb<\/p>\n<p class=\"ap-StoryElement ap-StoryElement--mb ap-StoryText\">Jusqu&rsquo;\u00e0 ses 16 ans, El Kaddouri a jou\u00e9 \u00e0 Diegem. \u00ab\u00a0J&rsquo;\u00e9tais appel\u00e9 \u00e0 chaque fois dans la s\u00e9lection du Brabant, et l\u00e0-bas, je jouais aux c\u00f4t\u00e9s d&rsquo;un certain Eden Hazard. On se trouvait les yeux ferm\u00e9s. Diegem et son club, Tubize, \u00e9taient les deux meilleures \u00e9quipes de notre s\u00e9rie. Finalement, Tubize a \u00e9t\u00e9 champion apr\u00e8s une victoire 3-2 en fin de championnat, Eden avait marqu\u00e9 deux fois, moi une fois.\u00a0\u00bb<\/p>\n<p class=\"ap-StoryElement ap-StoryElement--mb ap-StoryText\">Pour le reste, le petit Omar passait des heures \u00e0 jouer au football avec ses amis dans la rue. \u00ab\u00a0Surtout au Parc Josaphat et dans les agoras. Chaque ann\u00e9e, je reviens deux fois \u00e0 Schaerbeek pour rendre visite \u00e0 ma famille et \u00e0 mes amis. La premi\u00e8re chose que je fais, c&rsquo;est manger un bon d\u00fcr\u00fcm (rires). Et vos p\u00e2tisseries, vos croissants et votre chocolat me manquent aussi \u00e9norm\u00e9ment.\u00a0\u00bb<\/p>\n<p>\u00ab\u00a0Seul Jacobs croyait en moi \u00e0 Anderlecht, cela me frustrait\u00a0\u00bb<\/p>\n<p class=\"ap-StoryElement ap-StoryElement--mb ap-StoryText\">El Kaddouri est arriv\u00e9 \u00e0 Anderlecht en 2006. \u00ab\u00a0J&rsquo;avais 16 ans et j&rsquo;ai fait une bonne premi\u00e8re saison avec 15 buts. La saison suivante, les U21 ont \u00e9t\u00e9 cr\u00e9\u00e9s. Plusieurs gars ont pu monter de cat\u00e9gorie, mais pas moi. Cela m&rsquo;a frustr\u00e9 et \u00e9nerv\u00e9.\u00a0\u00bb<\/p>\n<p class=\"ap-StoryElement ap-StoryElement--mb ap-StoryText\">Finalement, apr\u00e8s la tr\u00eave hivernale, il est quand m\u00eame pass\u00e9 en U21, o\u00f9 il jouait aux c\u00f4t\u00e9s de Romelu Lukaku, qui n&rsquo;avait que 15 ans. \u00ab\u00a0C&rsquo;est Ari\u00ebl Jacobs, qui \u00e9tait alors l&rsquo;assistant de Frankie Vercauteren, qui m&rsquo;a fait monter. Je le connaissais de Diegem, son fils \u00e9tait coordinateur des jeunes. Ari\u00ebl \u00e9tait le seul \u00e0 croire en moi. Il m&rsquo;a emmen\u00e9 au tournoi de Viareggio (NdlR : o\u00f9 Hasi a coach\u00e9 l&rsquo;\u00e9quipe) et c&rsquo;est l\u00e0 que j&rsquo;ai \u00e9t\u00e9 rep\u00e9r\u00e9 par Brescia et Udinese. \u00c0 notre retour, Ari\u00ebl m&rsquo;a invit\u00e9 dans son bureau. Il a essay\u00e9 de me convaincre de signer un contrat. C&rsquo;est avec le c\u0153ur serr\u00e9 que je lui ai dit que ma d\u00e9cision \u00e9tait prise.\u00a0\u00bb<\/p>\n<p class=\"ap-StoryElement ap-StoryElement--mb ap-StoryText\">Selon nos archives, Brescia lui proposait cinq fois ce qu&rsquo;Anderlecht lui offrait. \u00ab\u00a0C&rsquo;est vrai. J&rsquo;avoue que le c\u00f4t\u00e9 financier a jou\u00e9 un r\u00f4le. Je viens d&rsquo;une famille qui n&rsquo;avait pas de grands moyens\u2026 Le plus grand regret de ma carri\u00e8re, c&rsquo;est de ne jamais avoir jou\u00e9 en D1 belge.\u00a0\u00bb<\/p>\n<p>\u00ab\u00a0Je jouais avec le num\u00e9ro 10 de Hassan\u00a0\u00bb<\/p>\n<p class=\"ap-StoryElement ap-StoryElement--mb ap-StoryText\">Alors que Herman Van Holsbeeck \u00e9tait f\u00e2ch\u00e9 sur l&rsquo;agent d&rsquo;El Kaddouri (Daniel Striani), Jean Kindermans regrettait le choix d&rsquo;Omar. \u00ab\u00a0Bien qu&rsquo;il soit trop amoureux du ballon, il a le profil pour Anderlecht\u00a0\u00bb, avait-il d\u00e9clar\u00e9.<\/p>\n<p class=\"ap-StoryElement ap-StoryElement--mb ap-StoryText\">\u00ab\u00a0C&rsquo;est \u00e9trange, car on m&rsquo;a reproch\u00e9 toute ma carri\u00e8re d&rsquo;\u00eatre trop altruiste (rires)\u00a0\u00bb, rigole aujourd&rsquo;hui El Kaddouri.<\/p>\n<p class=\"ap-StoryElement ap-StoryElement--mb ap-StoryText\">Jacobs avait remarqu\u00e9 que les stars de l&rsquo;\u00e9poque, Mbark Boussoufa et Ahmed Hassan, aimaient jouer avec El Kaddouri lorsque celui-ci venait s&rsquo;entra\u00eener avec l&rsquo;\u00e9quipe A. \u00ab\u00a0Oui, je sentais que j&rsquo;avais le niveau, sourit Omar. Dommage que je n&rsquo;aie jamais eu ma chance. Vous voulez une autre anecdote sur un match amical que nous avons jou\u00e9 en fin de saison \u00e0 Wolvertem (1-4) ? Hassan \u00e9tait d\u00e9j\u00e0 parti, et son num\u00e9ro 10 \u00e9tait libre. Quand on m&rsquo;a demand\u00e9 avec quel num\u00e9ro je voulais jouer, j&rsquo;ai pris le maillot d&rsquo;Hassan (rires).\u00a0\u00bb<\/p>\n<p>\u00ab\u00a0J&rsquo;ai convaincu De Maio de signer \u00e0 Anderlecht\u00a0\u00bb<\/p>\n<p class=\"ap-StoryElement ap-StoryElement--mb ap-StoryText\">\u00c0 Brescia, El Kaddouri a \u00e9t\u00e9 re\u00e7u comme un h\u00e9ros. Le pr\u00e9sident l&rsquo;appelait \u00ab\u00a0le nouveau Zidane\u00a0\u00bb. \u00ab\u00a0C&rsquo;\u00e9tait parce qu&rsquo;il m&rsquo;avait demand\u00e9 qui \u00e9tait mon idole, et c&rsquo;\u00e9tait Zidane. Je l&rsquo;ai rencontr\u00e9 une fois dans un h\u00f4tel \u00e0 Duba\u00ef en 2019, o\u00f9 j&rsquo;\u00e9tais en vacances avec ma famille et avec mon compatriote Mehdi Benatia et sa famille. Il connaissait Zizou et m&rsquo;a propos\u00e9 de faire une photo avec lui. Mais je n&rsquo;osais pas le d\u00e9ranger\u2026\u00a0\u00bb<\/p>\n<p class=\"ap-StoryElement ap-StoryElement--mb ap-StoryText\">El Kaddouri a une autre anecdote concernant Brescia. \u00ab\u00a0Mon bon pote l\u00e0-bas \u00e9tait S\u00e9bastien De Maio. Oui, le De Maio qui a sign\u00e9 \u00e0 Anderlecht en 2016. Vous savez quoi ? Je l&rsquo;ai convaincu de signer \u00e0 Anderlecht. J&rsquo;\u00e9tais fier que mon ami joue dans le club de ma ville.\u00a0\u00bb<\/p>\n<p class=\"ap-StoryElement ap-StoryElement--mb ap-StoryText\"><a href=\"https:\/\/www.dhnet.be\/sports\/football\/division-1a\/anderlecht\/2016\/08\/17\/de-maio-a-demande-un-transfert-a-son-agent-devant-weiler-et-ses-equipiers-37ZI6TH6ABAFBKOYRS4KAXZDZU\/\" target=\"_self\" rel=\"nofollow noopener\">De Maio ne s&rsquo;est cependant pas entendu avec l&rsquo;entra\u00eeneur Ren\u00e9 Weiler, les deux en \u00e9tant m\u00eame presque venus aux mains.<\/a> \u00ab\u00a0Je sais qu&rsquo;il s&rsquo;est pass\u00e9 plein de choses. Pourtant, il \u00e9tait capitaine au d\u00e9but.\u00a0\u00bb<\/p>\n<p>\u00ab\u00a0Gerets m&rsquo;avait appel\u00e9 pour le Maroc\u00a0\u00bb<\/p>\n<p class=\"ap-StoryElement ap-StoryElement--mb ap-StoryText\">Entre-temps, El Kaddouri a d\u00fb faire un choix entre la Belgique et le Maroc. <a href=\"https:\/\/www.dhnet.be\/sports\/football\/diablesrouges\/2011\/11\/14\/espoirs-la-belgique-bat-langleterre-et-se-relance-dans-la-course-a-leuro-2013-AZYBQBG7JVDIRLFXGNXZZE2C2Y\/\" target=\"_self\" rel=\"nofollow noopener\">En 2011, il avait donn\u00e9 la victoire aux espoirs belges de Francky Dury contre l&rsquo;Angleterre (2-1)<\/a> : \u00ab\u00a0Je suis mont\u00e9 au jeu (\u00e0 la place de Guillaume Fran\u00e7ois), j&rsquo;ai donn\u00e9 une passe d\u00e9cisive et j&rsquo;ai marqu\u00e9 le 2-1 \u00e0 la 91e.\u00a0\u00bb<\/p>\n<p class=\"ap-StoryElement ap-StoryElement--mb ap-StoryText\">Le s\u00e9lectionneur national Georges Leekens ne l&rsquo;a pas appel\u00e9 pour jouer avec la Belgique, contrairement au s\u00e9lectionneur du Maroc, qui \u00e9tait\u2026 Eric Gerets. \u00ab\u00a0J&rsquo;ai choisi le Maroc, mais pas parce que Gerets m&rsquo;a appel\u00e9. J&rsquo;ai suivi mon c\u0153ur. J&rsquo;ai pu participer aux Jeux olympiques de Londres en 2012, mais j&rsquo;avais une pubalgie. J&rsquo;ai jou\u00e9 un peu, mais c&rsquo;\u00e9tait une souffrance de jouer bless\u00e9.\u00a0\u00bb<\/p>\n<p class=\"ap-StoryElement ap-StoryElement--mb ap-StoryText\">Au total, il a jou\u00e9 29 fois pour l&rsquo;\u00e9quipe nationale du Maroc, il a particip\u00e9 \u00e0 la Can 2017 avec Dirar, Carcela et Boussoufa. \u00ab\u00a0Mbark se souvenait de mes entra\u00eenements avec Anderlecht quand j&rsquo;\u00e9tais un petit jeune.\u00a0\u00bb<\/p>\n<p>\u00ab\u00a0\u00c0 Naples, j&rsquo;ai retrouv\u00e9 mon copain d&rsquo;\u00e9cole Mertens\u00a0\u00bb<\/p>\n<p class=\"ap-StoryElement ap-StoryElement--mb ap-StoryText\">Apr\u00e8s trois ans \u00e0 Brescia, El Kaddouri a d\u00e9croch\u00e9 un transfert XXL. Au d\u00e9part, il devait signer \u00e0 la Juventus, mais c&rsquo;est finalement Naples qui l&rsquo;a recrut\u00e9. \u00ab\u00a0Le c\u00e9l\u00e8bre agent Mino Raiola m&rsquo;a r\u00e9gl\u00e9 cela en dix jours.\u00a0\u00bb<\/p>\n<p><img loading=\"lazy\" decoding=\"async\" class=\"w-full lazyload lazyload--opacity object-contain\" style=\"aspect-ratio:132 \/ 100;opacity:1\" alt=\"El Kaddouri \u00e0 gauche de Mertens \u00e0 l'entra\u00eenement \u00e0 Naples.\" width=\"768\" height=\"581\" fetchpriority=\"auto\" src=\"https:\/\/www.europesays.com\/be-fr\/wp-content\/uploads\/2026\/08\/1785931954_854_S5VKD3X55FFF3BW6V4SEHXNP7I.png\"  data- data-optimumx=\"1\"\/><img loading=\"lazy\" decoding=\"async\" src=\"https:\/\/www.europesays.com\/be-fr\/wp-content\/uploads\/2026\/08\/SY5BQYB2EZG4XKC6SBIU274J6E.jpg\" width=\"768\" height=\"581\" alt=\"El Kaddouri \u00e0 gauche de Mertens \u00e0 l'entra\u00eenement \u00e0 Naples.\" class=\"absolute inset-0 w-full\"\/>El Kaddouri \u00e0 gauche de Mertens \u00e0 l&rsquo;entra\u00eenement \u00e0 Naples. \u00a9Belga<\/p>\n<p class=\"ap-StoryElement ap-StoryElement--mb ap-StoryText\">El Kaddouri y a jou\u00e9 43 matchs en deux saisons et demie. \u00ab\u00a0Mes meilleurs potes \u00e9taient Hamsik et votre Dries Mertens. Je suis toujours en contact avec Dries. Quand on \u00e9tait jeunes, on a m\u00eame \u00e9tudi\u00e9 ensemble pendant un an \u00e0 la Topsportschool de Louvain.\u00a0\u00bb<\/p>\n<p class=\"ap-StoryElement ap-StoryElement--mb ap-StoryText\">Ensuite, il a jou\u00e9 pour Torino et Empoli et donc surtout au PAOK, o\u00f9 il est rest\u00e9 six saisons. \u00ab\u00a0Les fans m&rsquo;aimaient fort, mais ils \u00e9taient aussi en col\u00e8re parce que j&rsquo;\u00e9tais si souvent bless\u00e9. J&rsquo;ai peut-\u00eatre eu 20 blessures musculaires au cours des sept derni\u00e8res ann\u00e9es de ma carri\u00e8re. J&rsquo;ai d\u00fb arr\u00eater \u00e0 mes 34 ans. Au PAOK, je jouais \u00e0 50 ou 60 % de mes capacit\u00e9s. Ils n&rsquo;y ont jamais connu l&rsquo;El Kaddouri de la Serie A.\u00a0\u00bb<\/p>\n<p><img loading=\"lazy\" decoding=\"async\" class=\"w-full lazyload lazyload--opacity object-contain\" style=\"aspect-ratio:150 \/ 100;opacity:1\" alt=\"El Kaddouri avait donn\u00e9 un assist \u00e0 l'OM  avec le PAOK en Conference League.\" width=\"768\" height=\"512\" fetchpriority=\"auto\" src=\"https:\/\/www.europesays.com\/be-fr\/wp-content\/uploads\/2026\/08\/1785931954_854_S5VKD3X55FFF3BW6V4SEHXNP7I.png\"  data- data-optimumx=\"1\"\/><img loading=\"lazy\" decoding=\"async\" src=\"https:\/\/www.europesays.com\/be-fr\/wp-content\/uploads\/2026\/08\/ZA554EUNDFD4TID5OC6P5J452U.jpg\" width=\"768\" height=\"512\" alt=\"El Kaddouri avait donn\u00e9 un assist \u00e0 l'OM  avec le PAOK en Conference League.\" class=\"absolute inset-0 w-full\"\/>El Kaddouri avait donn\u00e9 un assist \u00e0 l&rsquo;OM  avec le PAOK en Conference League. \u00a9Belga<\/p>\n<p class=\"ap-StoryElement ap-StoryElement--mb ap-StoryText\">Pourtant, El Kaddouri y a remport\u00e9 des troph\u00e9es. \u00ab\u00a0Trois coupes et un titre. En fait deux titres, mais un titre nous a \u00e9t\u00e9 vol\u00e9. Vous savez sans doute pourquoi (NdlR : <a href=\"https:\/\/www.dhnet.be\/sports\/football\/division-1a\/fc-bruges\/2024\/03\/15\/le-president-a-envahi-le-terrain-avec-un-revolver-et-le-coach-est-le-fils-dune-legende-ce-quil-faut-savoir-sur-le-paok-adversaire-du-club-bruges-45H7X4VZBVEZBCHXB27GLSSPPA\/\" target=\"_self\" rel=\"nofollow noopener\">Le pr\u00e9sident est mont\u00e9 sur le terrain avec une arme<\/a>). La saison derni\u00e8re, j&rsquo;\u00e9tais entra\u00eeneur des jeunes \u00e0 la SPAL en Italie, plus proche de ma famille. Mais en raison de la faillite du club, je suis donc de retour aupr\u00e8s de mon vieil amour, le PAOK.\u00a0\u00bb<\/p>\n","protected":false},"excerpt":{"rendered":"Voici les graffitis qui vont accueillir Anderlecht au Stade Toumba ce jeudi. \u00a9DR Le noyau dur peut m\u00eame&hellip;\n","protected":false},"author":2,"featured_media":200955,"comment_status":"","ping_status":"","sticky":false,"template":"","format":"standard","meta":{"footnotes":"","_share_on_mastodon":"0"},"categories":[8],"tags":[10,142,12,13,18,17,1074,28,27781,6654,11],"class_list":["post-200954","post","type-post","status-publish","format-standard","has-post-thumbnail","category-actualites","tag-actualites","tag-anderlecht","tag-be","tag-be-fr","tag-belgique","tag-belgium","tag-bruges","tag-bruxelles-villes","tag-dries-mertens","tag-eden-hazard","tag-news"],"share_on_mastodon":{"url":"https:\/\/pubeurope.com\/@be_fr\/117042843116823891","error":""},"_links":{"self":[{"href":"https:\/\/www.europesays.com\/be-fr\/wp-json\/wp\/v2\/posts\/200954","targetHints":{"allow":["GET"]}}],"collection":[{"href":"https:\/\/www.europesays.com\/be-fr\/wp-json\/wp\/v2\/posts"}],"about":[{"href":"https:\/\/www.europesays.com\/be-fr\/wp-json\/wp\/v2\/types\/post"}],"author":[{"embeddable":true,"href":"https:\/\/www.europesays.com\/be-fr\/wp-json\/wp\/v2\/users\/2"}],"replies":[{"embeddable":true,"href":"https:\/\/www.europesays.com\/be-fr\/wp-json\/wp\/v2\/comments?post=200954"}],"version-history":[{"count":0,"href":"https:\/\/www.europesays.com\/be-fr\/wp-json\/wp\/v2\/posts\/200954\/revisions"}],"wp:featuredmedia":[{"embeddable":true,"href":"https:\/\/www.europesays.com\/be-fr\/wp-json\/wp\/v2\/media\/200955"}],"wp:attachment":[{"href":"https:\/\/www.europesays.com\/be-fr\/wp-json\/wp\/v2\/media?parent=200954"}],"wp:term":[{"taxonomy":"category","embeddable":true,"href":"https:\/\/www.europesays.com\/be-fr\/wp-json\/wp\/v2\/categories?post=200954"},{"taxonomy":"post_tag","embeddable":true,"href":"https:\/\/www.europesays.com\/be-fr\/wp-json\/wp\/v2\/tags?post=200954"}],"curies":[{"name":"wp","href":"https:\/\/api.w.org\/{rel}","templated":true}]}}