{"id":20176,"date":"2026-02-26T02:54:12","date_gmt":"2026-02-26T02:54:12","guid":{"rendered":"https:\/\/www.europesays.com\/be-fr\/20176\/"},"modified":"2026-02-26T02:54:12","modified_gmt":"2026-02-26T02:54:12","slug":"centre-hospitalier-de-douai-le-service-de-gastro-enterologie-rebondit-apres-sa-fermeture-en-2022","status":"publish","type":"post","link":"https:\/\/www.europesays.com\/be-fr\/20176\/","title":{"rendered":"Centre hospitalier de Douai\u00a0: le service de gastro-ent\u00e9rologie rebondit apr\u00e8s sa fermeture en 2022"},"content":{"rendered":"<p>\tApr\u00e8s plusieurs ann\u00e9es compliqu\u00e9es et une fermeture en 2022, le service d\u2019h\u00e9pato-gastro-ent\u00e9rologie du centre hospitalier de Douai souffle enfin. Son \u00e9quipe a \u00e9t\u00e9 renforc\u00e9e avec une mont\u00e9e en comp\u00e9tences, des sp\u00e9cialisations et une offre de soins compl\u00e8te. Rencontres.<\/p>\n<p>   Article r\u00e9serv\u00e9 aux abonn\u00e9s<\/p>\n<p>  <img decoding=\"async\" data-copyright=\"photo la voix\" class=\"r-img lazy\" data-  src=\"https:\/\/www.europesays.com\/be-fr\/wp-content\/uploads\/2026\/02\/64689324.jpeg\" typeof=\"foaf:Image\" alt=\"Les services d\u2019h\u00e9pato-gastro-ent\u00e9rologie et de chirurgie visc\u00e9rale du centre hospitalier de Douai travaillent en \u00e9troite collaboration.\"\/><img decoding=\"async\" class=\"r-img\" src=\"https:\/\/www.europesays.com\/be-fr\/wp-content\/uploads\/2026\/02\/64689324.jpeg\" alt=\"Les services d\u2019h\u00e9pato-gastro-ent\u00e9rologie et de chirurgie visc\u00e9rale du centre hospitalier de Douai travaillent en \u00e9troite collaboration.\"\/>  <\/p>\n<p>\thttps:\/\/www.lavoixdunord.fr\/rossel_extref\/Cue-64682648<\/p>\n<p>  <img decoding=\"async\" class=\"r-img lazyloaded\" src=\"\/sites\/all\/themes\/enacarbon_vdn\/images\/logo-gris.png\" alt=\"Image auteur par d\u00e9faut\"\/><\/p>\n<p>Par Marie-Caroline Debaene<br \/>\n\tPubli\u00e9: 25 f\u00e9vrier 2026 \u00e0 18h46<\/p>\n<p>Temps de lecture:<br \/>\n3 min<\/p>\n<p>Apr\u00e8s plus de trois ans en difficult\u00e9s, suite au d\u00e9part coup sur coup de m\u00e9decins, le service d\u2019h\u00e9pato-gastro-ent\u00e9rologie, qui\u00a0\u00e9tait \u00ab\u00a0un gros sujet dans l\u2019\u00e9tablissement\u00a0\u00bb dixit la directrice du centre hospitalier, retrouve un nouveau souffle. L\u2019\u00e9quipe m\u00e9dicale a \u00e9t\u00e9 renforc\u00e9e. Ce qui a ainsi permis de retrouver 20 lits d\u2019hospitalisation depuis le 1er\u00a0novembre (apr\u00e8s 12 au printemps).<\/p>\n<p>&#13;<br \/>\n&#13;<\/p>\n<p>&#13;<br \/>\n&#13;<\/p>\n<p>  Article r\u00e9serv\u00e9 aux abonn\u00e9s<\/p>\n<p>Pour lire la suite de cet article :<\/p>\n<p>Abonnez-vous \u00e0 notre offre num\u00e9rique. <\/p>\n<p>Sans engagement de dur\u00e9e.<\/p>\n<p>    <a class=\"r-btn r-btn--secondary js-sso--url\" target=\"_self\" href=\"https:\/\/espace-abonnement.lavoixdunord.fr\/?int_source=site_vdn&amp;int_medium=paywall_natif&amp;int_campaign=abo_tout?backurl=[current-page:js-url]\" id=\"abonnements_boutique\" rel=\"nofollow noopener\">S&rsquo;ABONNER<\/a><\/p>\n<p>    Vous \u00eates d\u00e9j\u00e0 abonn\u00e9 ou inscrit ?<br \/><a class=\"js-sso--url\" href=\"https:\/\/ssov3.lavoixdunord.fr\/product\/redirect?product_id=fr_lavoixdunord&amp;return_to=[current-page:js-url]\" rel=\"nofollow noopener\" target=\"_blank\">Se connecter<\/a><\/p>\n<p>Contenus sponsoris\u00e9s<\/p>\n<p>&#13;<br \/>\n&#13;<\/p>\n<p>&#13;<br \/>\n&#13;<\/p>\n","protected":false},"excerpt":{"rendered":"Apr\u00e8s plusieurs ann\u00e9es compliqu\u00e9es et une fermeture en 2022, le service d\u2019h\u00e9pato-gastro-ent\u00e9rologie du centre hospitalier de Douai souffle&hellip;\n","protected":false},"author":2,"featured_media":20177,"comment_status":"","ping_status":"","sticky":false,"template":"","format":"standard","meta":{"footnotes":"","_share_on_mastodon":"0"},"categories":[82],"tags":[12,13,18,17,11897,86,87],"class_list":["post-20176","post","type-post","status-publish","format-standard","has-post-thumbnail","category-sante","tag-be","tag-be-fr","tag-belgique","tag-belgium","tag-douai","tag-health","tag-sante"],"share_on_mastodon":{"url":"","error":""},"_links":{"self":[{"href":"https:\/\/www.europesays.com\/be-fr\/wp-json\/wp\/v2\/posts\/20176","targetHints":{"allow":["GET"]}}],"collection":[{"href":"https:\/\/www.europesays.com\/be-fr\/wp-json\/wp\/v2\/posts"}],"about":[{"href":"https:\/\/www.europesays.com\/be-fr\/wp-json\/wp\/v2\/types\/post"}],"author":[{"embeddable":true,"href":"https:\/\/www.europesays.com\/be-fr\/wp-json\/wp\/v2\/users\/2"}],"replies":[{"embeddable":true,"href":"https:\/\/www.europesays.com\/be-fr\/wp-json\/wp\/v2\/comments?post=20176"}],"version-history":[{"count":0,"href":"https:\/\/www.europesays.com\/be-fr\/wp-json\/wp\/v2\/posts\/20176\/revisions"}],"wp:featuredmedia":[{"embeddable":true,"href":"https:\/\/www.europesays.com\/be-fr\/wp-json\/wp\/v2\/media\/20177"}],"wp:attachment":[{"href":"https:\/\/www.europesays.com\/be-fr\/wp-json\/wp\/v2\/media?parent=20176"}],"wp:term":[{"taxonomy":"category","embeddable":true,"href":"https:\/\/www.europesays.com\/be-fr\/wp-json\/wp\/v2\/categories?post=20176"},{"taxonomy":"post_tag","embeddable":true,"href":"https:\/\/www.europesays.com\/be-fr\/wp-json\/wp\/v2\/tags?post=20176"}],"curies":[{"name":"wp","href":"https:\/\/api.w.org\/{rel}","templated":true}]}}