{"id":202004,"date":"2026-08-06T07:10:13","date_gmt":"2026-08-06T07:10:13","guid":{"rendered":"https:\/\/www.europesays.com\/be-fr\/202004\/"},"modified":"2026-08-06T07:10:13","modified_gmt":"2026-08-06T07:10:13","slug":"didier-barbelivien-le-plus-gros-succes-de-gilbert-montagne-on-va-saimer-lui-vaut-une-condamnation-en-justice","status":"publish","type":"post","link":"https:\/\/www.europesays.com\/be-fr\/202004\/","title":{"rendered":"Didier Barbelivien : le plus gros succ\u00e8s de Gilbert Montagn\u00e9, \u00ab On va s\u2019aimer \u00bb, lui vaut une condamnation en justice"},"content":{"rendered":"<p>Ce 6 ao\u00fbt 2026, LCP consacre sa soir\u00e9e \u00e0 Didier Barbelivien avec le documentaire Didier Barbelivien : tant qu&rsquo;il y aura des chansons. <\/p>\n<p>Le film retrace <a href=\"https:\/\/www.public.fr\/didier-barbelivien-au-parc-monceau-la-semaine-a-montfort-lamaury-le-week-end\" rel=\"nofollow noopener\" target=\"_blank\">le parcours exceptionnel <\/a>de celui qui a \u00e9crit plus de 2 500 chansons pour les plus grandes voix de la vari\u00e9t\u00e9 fran\u00e7aise. Pourtant, parmi tous ses succ\u00e8s, l&rsquo;un des plus c\u00e9l\u00e8bres est aussi devenu l&rsquo;un des plus controvers\u00e9s. <\/p>\n<p>On va s&rsquo;aimer, interpr\u00e9t\u00e9 par Gilbert Montagn\u00e9, a en effet conduit son auteur devant les tribunaux pour une affaire de plagiat qui dure depuis plus de vingt ans.<\/p>\n<p>Un tube devenu incontournable de la chanson fran\u00e7aise<\/p>\n<p>Lorsqu&rsquo;elle sort en 1983, On va s&rsquo;aimer s&rsquo;impose imm\u00e9diatement comme un immense succ\u00e8s populaire. Didier Barbelivien signe le texte, tandis que Gilbert Montagn\u00e9 compose la musique et pr\u00eate sa voix au morceau. La chanson d\u00e9passe rapidement les 700 000 exemplaires vendus et d\u00e9croche un disque d&rsquo;or.<\/p>\n<p>Le titre devient rapidement un classique des f\u00eates, des mariages et des \u00e9missions de t\u00e9l\u00e9vision. Encore aujourd&rsquo;hui, il reste l&rsquo;un des morceaux les plus c\u00e9l\u00e8bres du r\u00e9pertoire de Gilbert Montagn\u00e9. Son refrain traverse les g\u00e9n\u00e9rations et les radios continuent de le diffuser tr\u00e8s r\u00e9guli\u00e8rement.<\/p>\n<p>\u00c0 cette \u00e9poque, on consid\u00e8re d\u00e9j\u00e0 Didier Barbelivien comme l&rsquo;un des auteurs les plus prolifiques de la chanson fran\u00e7aise. Il encha\u00eene les collaborations avec Michel Sardou, Patricia Kaas, Johnny Hallyday, G\u00e9rard Lenorman, Julien Clerc ou encore C\u00e9line Dion. Il \u00e9crit une multitude de tubes devenus incontournables.<\/p>\n<p>Mais derri\u00e8re ce succ\u00e8s ph\u00e9nom\u00e9nal se cache une histoire beaucoup plus complexe. Plusieurs ann\u00e9es apr\u00e8s la sortie du morceau, une chanson italienne attire l&rsquo;attention des ayants droit et ouvre une longue bataille judiciaire.<\/p>\n<p>Une longue proc\u00e9dure pour plagiat<\/p>\n<p>L&rsquo;affaire trouve son origine avec Une fille de France, chanson interpr\u00e9t\u00e9e par Gianni Nazzaro et publi\u00e9e plusieurs ann\u00e9es avant On va s&rsquo;aimer. Les auteurs de cette \u0153uvre estiment que le tube fran\u00e7ais reprend de mani\u00e8re illicite leur cr\u00e9ation.<\/p>\n<p>Les premiers recours judiciaires sont engag\u00e9s en Italie au d\u00e9but des ann\u00e9es 2000. En 2008, le tribunal de Milan consid\u00e8re d\u00e9j\u00e0 que On va s&rsquo;aimer constitue une contrefa\u00e7on de l&rsquo;\u0153uvre italienne. Les proc\u00e9dures se poursuivent ensuite des deux c\u00f4t\u00e9s des Alpes pendant de nombreuses ann\u00e9es.<\/p>\n<p>Le tournant intervient avec un arr\u00eat de la cour d&rsquo;appel de Paris, rendu le 9 octobre 2024. La juridiction fran\u00e7aise confirme la d\u00e9cision italienne et reconna\u00eet le plagiat. Elle d\u00e9cide que Didier Barbelivien et Gilbert Montagn\u00e9 ne pourront plus b\u00e9n\u00e9ficier des droits d&rsquo;auteur g\u00e9n\u00e9r\u00e9s par On va s&rsquo;aimer.<\/p>\n<p>Les revenus reviennent d\u00e9sormais aux ayants droit de Une fille de France, \u00e0 savoir les auteurs Michel Cywie, Jean-Max Rivi\u00e8re ainsi que leur soci\u00e9t\u00e9 d&rsquo;\u00e9dition. Seuls les droits li\u00e9s \u00e0 l&rsquo;interpr\u00e9tation reviennent toujours \u00e0 Gilbert Montagn\u00e9.<\/p>\n<p>Didier Barbelivien continue de contester la d\u00e9cision<\/p>\n<p>Malgr\u00e9 cette condamnation, Didier Barbelivien n&rsquo;a jamais reconnu avoir volontairement plagi\u00e9 la chanson italienne. Au moment de la d\u00e9cision de justice, il s&rsquo;\u00e9tait exprim\u00e9 aupr\u00e8s de l&rsquo;AFP avec une certaine ironie.<\/p>\n<p>\u00ab Je sugg\u00e8re \u00e0 tous ceux qui le veulent bien d&rsquo;\u00e9couter les deux \u0153uvres pour se faire leur propre opinion. Si vous \u00e9coutez les deux, vous allez tomber de l&rsquo;armoire \u00bb, d\u00e9clarait-il. L&rsquo;auteur ajoutait \u00e9galement : \u00ab Peut-\u00eatre au refrain, \u00e7a se ressemble un peu. \u00bb<\/p>\n<p>L&rsquo;affaire ne s&rsquo;arr\u00eate pas totalement l\u00e0. Les avocats de Gilbert Montagn\u00e9 ont saisi la Cour de cassation, tandis qu&rsquo;une nouvelle expertise est \u00e9galement intervenue en Italie. Les d\u00e9cisions d\u00e9j\u00e0 rendues restent n\u00e9anmoins applicables tant qu&rsquo;aucune juridiction sup\u00e9rieure ne les remet en cause.<\/p>\n<p>Cette condamnation contraste avec l&rsquo;immense carri\u00e8re de Didier Barbelivien. N\u00e9 \u00e0 Paris en 1954, l&rsquo;auteur a sign\u00e9 des milliers de chansons depuis pr\u00e8s de cinquante ans. Il est aussi <a href=\"https:\/\/vsd.fr\/59173-didier-barbelivien-agace-par-lanimateur-de-telematin-il-le-recadre-sechement-ne-me-parlez-pas-de-ca\/\" rel=\"nofollow noopener\" target=\"_blank\">devenu interpr\u00e8te avec des succ\u00e8s comme \u00c0 toutes les filles&#8230;<\/a>, Il faut laisser le temps au temps ou Les Mari\u00e9s de Vend\u00e9e. En 2009, il a re\u00e7u les insignes de chevalier de la L\u00e9gion d&rsquo;honneur.<\/p>\n<p>Le documentaire diffus\u00e9 par LCP revient d&rsquo;ailleurs sur cette carri\u00e8re hors norme. Amis, artistes et proches y racontent celui qui demeure l&rsquo;un des plus grands artisans de la chanson fran\u00e7aise. Une trajectoire exceptionnelle, marqu\u00e9e par des centaines de tubes&#8230; mais aussi par cette affaire judiciaire qui restera attach\u00e9e au plus c\u00e9l\u00e8bre d&rsquo;entre eux.<\/p>\n<p>      Mentionn\u00e9s dans cet article<\/p>\n<p>      Sur le m\u00eame sujet<\/p>\n","protected":false},"excerpt":{"rendered":"Ce 6 ao\u00fbt 2026, LCP consacre sa soir\u00e9e \u00e0 Didier Barbelivien avec le documentaire Didier Barbelivien : tant&hellip;\n","protected":false},"author":2,"featured_media":202005,"comment_status":"","ping_status":"","sticky":false,"template":"","format":"standard","meta":{"footnotes":"","_share_on_mastodon":"0"},"categories":[98],"tags":[12,13,18,17,6617,13471,96,95,356,107,108,52758],"class_list":["post-202004","post","type-post","status-publish","format-standard","has-post-thumbnail","category-musique","tag-be","tag-be-fr","tag-belgique","tag-belgium","tag-chanson-francaise","tag-didier-barbelivien","tag-divertissement","tag-entertainment","tag-gilbert-montagne","tag-music","tag-musique","tag-plagiat"],"share_on_mastodon":{"url":"https:\/\/pubeurope.com\/@be_fr\/117047317387138443","error":""},"_links":{"self":[{"href":"https:\/\/www.europesays.com\/be-fr\/wp-json\/wp\/v2\/posts\/202004","targetHints":{"allow":["GET"]}}],"collection":[{"href":"https:\/\/www.europesays.com\/be-fr\/wp-json\/wp\/v2\/posts"}],"about":[{"href":"https:\/\/www.europesays.com\/be-fr\/wp-json\/wp\/v2\/types\/post"}],"author":[{"embeddable":true,"href":"https:\/\/www.europesays.com\/be-fr\/wp-json\/wp\/v2\/users\/2"}],"replies":[{"embeddable":true,"href":"https:\/\/www.europesays.com\/be-fr\/wp-json\/wp\/v2\/comments?post=202004"}],"version-history":[{"count":0,"href":"https:\/\/www.europesays.com\/be-fr\/wp-json\/wp\/v2\/posts\/202004\/revisions"}],"wp:featuredmedia":[{"embeddable":true,"href":"https:\/\/www.europesays.com\/be-fr\/wp-json\/wp\/v2\/media\/202005"}],"wp:attachment":[{"href":"https:\/\/www.europesays.com\/be-fr\/wp-json\/wp\/v2\/media?parent=202004"}],"wp:term":[{"taxonomy":"category","embeddable":true,"href":"https:\/\/www.europesays.com\/be-fr\/wp-json\/wp\/v2\/categories?post=202004"},{"taxonomy":"post_tag","embeddable":true,"href":"https:\/\/www.europesays.com\/be-fr\/wp-json\/wp\/v2\/tags?post=202004"}],"curies":[{"name":"wp","href":"https:\/\/api.w.org\/{rel}","templated":true}]}}