{"id":202766,"date":"2026-08-06T17:36:12","date_gmt":"2026-08-06T17:36:12","guid":{"rendered":"https:\/\/www.europesays.com\/be-fr\/202766\/"},"modified":"2026-08-06T17:36:12","modified_gmt":"2026-08-06T17:36:12","slug":"mouxy-moustiques-limportance-deviter-leau-stagnante-le-dauphine-libere","status":"publish","type":"post","link":"https:\/\/www.europesays.com\/be-fr\/202766\/","title":{"rendered":"Mouxy. Moustiques : l\u2019importance d\u2019\u00e9viter l\u2019eau stagnante &#8211; Le Dauphin\u00e9 Lib\u00e9r\u00e9"},"content":{"rendered":"<p><a href=\"https:\/\/news.google.com\/rss\/articles\/CBMiogFBVV95cUxQd1hQV054RWxWdExNNFNiTldJaWVReV9pbm4xWHlicFVIczhPNmRpYUhBQnRNaWIzT283VE1oQ085TlVLWG5mbnB0Sy1kZFYxMnNwRUJEdVgzOW9NQlNWRUFIWDh0TC0zRTRlZ2pZSWEwbjlZdmRjN19NMGVFbVUwMnJGWEEtMVVyTnNJTWpvMElRZGpySWJVZlhJMUs0aDRiVEE?oc=5\" target=\"_blank\" rel=\"nofollow noopener\">Mouxy. Moustiques : l\u2019importance d\u2019\u00e9viter l\u2019eau stagnante<\/a>&nbsp;&nbsp;Le Dauphin\u00e9 Lib\u00e9r\u00e9<a href=\"https:\/\/news.google.com\/rss\/articles\/CBMiogJBVV95cUxNWVl3OTIzcTdnaHFGLXBheElQdXR5TUtzd3N5V1BXclAxdmY4Q1FHM0diN0pwTW4zN0dZNzZKSXoxVE80MF9BV3dlNzBuajU0aml5a2xyWjJXLWdxS1lRb0xkNVBtSFVINTNDY1ZodkpXNlRaMkRmNTZFamhSZkNvRjRIZXhKUzR3UjkxbVM0QTFrV1BXMmF1NnVCR19LZVhVZ25HR2tMZEVuN28tMFdtZUhWeFM5QXZUNFFSRjJGendnVlh0d3BFdXlRTU5VWndaMFRQRGotd0k0Y1hpOFVnQkR0bm9ESVlianNtZlFDd3VCZUVkYkJxdlJTdklKVVJqd1pwcDZXRjBISURuWThaNWpHUmdwZWxRT01xeHBjc2ZmUQ?oc=5\" target=\"_blank\" rel=\"nofollow noopener\">J\u2019ai arr\u00eat\u00e9 d\u2019acheter de la citronnelle : voici la seule astuce qui m\u2019a permis de chasser les moustiques tigres<\/a>&nbsp;&nbsp;Le Parisien<a href=\"https:\/\/news.google.com\/rss\/articles\/CBMipwJBVV95cUxObWo0M0czTC1tdUtBLW9vTXN5ZC0yZk9DTVhvLU4wZ0dSNG9RVXRXOUI3SXl4YWh0QjdrZ0RTeWtTbl9PT0Z6b2FKOVh3bVVBdVhyUGRTSENjSlJVQjBZTXpTLXJRbFNsTzltSzJDei0teGxkaG9PR2stZExQWTZzR2tZMUJfVm1Tc3VCTmhSX1Zpaks5WDhkS3hOUWlaTlB5OWEwR05kbFhVb2FZcTFXRlpTY0V6UlJvOF9QaXpYejhWSWt4MnQ2MllfRndLZGo3T2JZaWVIcWo2S2FHS3h0anRGZlJ6VzJWbmdWanZzWkRiX2hmSXR4dERlR1dtVS1CRjlSeUZWTWpxdVpMT1YxN2JoNWt0TzhKZWlEa1ZmWVYwdmYtQkhB?oc=5\" target=\"_blank\" rel=\"nofollow noopener\">\u00ab\u00a0Les enfants ne peuvent pas jouer dehors\u00a0\u00bb : le moustique-tigre est devenu un v\u00e9ritable fl\u00e9au pour de nombreux citadins<\/a>&nbsp;&nbsp;France 3 R\u00e9gions<a href=\"https:\/\/news.google.com\/rss\/articles\/CBMi1AFBVV95cUxQM19JMTBhT0thODVLZ1FsNWE0U1lnSXl4N0tYdG5EUkNGMFMtM3pPWTdiZFNzeGNLcl8zU2FOa2RKeUVNdkxvR3pBcEk1TVF3cHVuaVptaktCb1pqb2ZWdVkzVGRHb05hY3gtY2k1akJTb3pYbzlORTNkeGtxYmhzZHNhZm54YktnVC1tRnp5QjdxT29GR3BaVDgyaW5LTG1rSVhFb1VOZXh3OEZva0pmc1hPQU5kSDVBNFNWZDBMMWJOMF9vbk5xajZNTFlaTlRXYS1nZw?oc=5\" target=\"_blank\" rel=\"nofollow noopener\">Soci\u00e9t\u00e9. Ce quartier de Dijon est infest\u00e9 par les moustiques-tigres : \u00ab C\u2019est invivable \u00bb<\/a>&nbsp;&nbsp;Le Bien Public<a href=\"https:\/\/news.google.com\/rss\/articles\/CBMiwgFBVV95cUxQakZzdjBhV2RfNXB5SGhMTWs3ZXZMMVJsVUlKZklkRU9uWlBhQ09uU0MxbWRZNWEwdDdfSGx4dHdGQjF0WFhlVElVZDFhdlFpRGNJSzZubHJkdUpqMlkyOWNZYnlhN01mM0l3ZnNDYlh1a29iYnN6SUJxRGFPQVhqU0xvMXVVaE1maWRYN1NiLUNXcnFmMjJrbzI0TUkwZmgxTURjcU9OX2dHcVAtWXBwWGJuZjdIVktJS2VFMmtTc3gtZw?oc=5\" target=\"_blank\" rel=\"nofollow noopener\">La pr\u00e9fecture de Moselle alerte sur la pr\u00e9sence du moustique tigre dans la r\u00e9gion<\/a>&nbsp;&nbsp;radiomelodie.com<\/p>\n","protected":false},"excerpt":{"rendered":"Mouxy. Moustiques : l\u2019importance d\u2019\u00e9viter l\u2019eau stagnante&nbsp;&nbsp;Le Dauphin\u00e9 Lib\u00e9r\u00e9J\u2019ai arr\u00eat\u00e9 d\u2019acheter de la citronnelle : voici la seule&hellip;\n","protected":false},"author":2,"featured_media":202767,"comment_status":"","ping_status":"","sticky":false,"template":"","format":"standard","meta":{"footnotes":"","_share_on_mastodon":"0"},"categories":[82],"tags":[12,13,18,17,5802,57,86,39664,30837,62379,87],"class_list":["post-202766","post","type-post","status-publish","format-standard","has-post-thumbnail","category-sante","tag-be","tag-be-fr","tag-belgique","tag-belgium","tag-edition-chambery-aix-les-bains","tag-environnement","tag-health","tag-ici-on-agit","tag-le-lac","tag-mouxy","tag-sante"],"share_on_mastodon":{"url":"https:\/\/pubeurope.com\/@be_fr\/117049779086003815","error":""},"_links":{"self":[{"href":"https:\/\/www.europesays.com\/be-fr\/wp-json\/wp\/v2\/posts\/202766","targetHints":{"allow":["GET"]}}],"collection":[{"href":"https:\/\/www.europesays.com\/be-fr\/wp-json\/wp\/v2\/posts"}],"about":[{"href":"https:\/\/www.europesays.com\/be-fr\/wp-json\/wp\/v2\/types\/post"}],"author":[{"embeddable":true,"href":"https:\/\/www.europesays.com\/be-fr\/wp-json\/wp\/v2\/users\/2"}],"replies":[{"embeddable":true,"href":"https:\/\/www.europesays.com\/be-fr\/wp-json\/wp\/v2\/comments?post=202766"}],"version-history":[{"count":0,"href":"https:\/\/www.europesays.com\/be-fr\/wp-json\/wp\/v2\/posts\/202766\/revisions"}],"wp:featuredmedia":[{"embeddable":true,"href":"https:\/\/www.europesays.com\/be-fr\/wp-json\/wp\/v2\/media\/202767"}],"wp:attachment":[{"href":"https:\/\/www.europesays.com\/be-fr\/wp-json\/wp\/v2\/media?parent=202766"}],"wp:term":[{"taxonomy":"category","embeddable":true,"href":"https:\/\/www.europesays.com\/be-fr\/wp-json\/wp\/v2\/categories?post=202766"},{"taxonomy":"post_tag","embeddable":true,"href":"https:\/\/www.europesays.com\/be-fr\/wp-json\/wp\/v2\/tags?post=202766"}],"curies":[{"name":"wp","href":"https:\/\/api.w.org\/{rel}","templated":true}]}}