{"id":203002,"date":"2026-08-06T21:30:11","date_gmt":"2026-08-06T21:30:11","guid":{"rendered":"https:\/\/www.europesays.com\/be-fr\/203002\/"},"modified":"2026-08-06T21:30:11","modified_gmt":"2026-08-06T21:30:11","slug":"fraude-aux-investissements-cinq-suspects-arretes-accuses-davoir-derobe-65-millions-deuros-grace-a-une-vaste-arnaque-internationale","status":"publish","type":"post","link":"https:\/\/www.europesays.com\/be-fr\/203002\/","title":{"rendered":"Fraude aux investissements : cinq suspects arr\u00eat\u00e9s, accus\u00e9s d&rsquo;avoir d\u00e9rob\u00e9 6,5 millions d&rsquo;euros gr\u00e2ce \u00e0 une vaste arnaque internationale"},"content":{"rendered":"<p class=\"ap-StoryElement ap-StoryElement--mb ap-StoryText\">Les suspects promettaient un rendement annuel de 9%. Certaines victimes ont per\u00e7u des b\u00e9n\u00e9fices au bout de deux ans, mais ont ensuite \u00e9t\u00e9 persuad\u00e9es de r\u00e9investir de l&rsquo;argent. Ce paiement partiel a ainsi probablement attir\u00e9 et convaincu d&rsquo;autres cibles.<\/p>\n<p><a href=\"https:\/\/www.lalibre.be\/belgique\/judiciaire\/2026\/07\/30\/jeromeke-zeus-le-joufflu-les-prevenus-du-mega-proces-costa-ecopent-de-lourdes-peines-2C2WTIV2R5GJ7JGTV2I5PSKJLE\/\" target=\"_self\" class=\"ap-StoryInterstitialLink ap-StoryElement ap-StoryElement--mb\" rel=\"nofollow noopener\">Jeromeke, Zeus, le joufflu\u2026 : Les pr\u00e9venus du m\u00e9ga-proc\u00e8s Costa \u00e9copent d&rsquo;un total de plus de 247 ann\u00e9es de prison<\/a><\/p>\n<p class=\"ap-StoryElement ap-StoryElement--mb ap-StoryText\">Les suspects auraient d\u00e9rob\u00e9 6,5 millions d&rsquo;euros \u00e0 l&rsquo;\u00e9chelle mondiale. L&rsquo;enqu\u00eate a montr\u00e9 que la majorit\u00e9 des fonds a finalement atterri sur des comptes \u00e9trangers, appartenant principalement \u00e0 des ressortissants britanniques.<\/p>\n<p class=\"ap-StoryElement ap-StoryElement--mb ap-StoryText\">Cinq suspects principaux originaires du Royaume-Uni ont \u00e9t\u00e9 plac\u00e9s sous mandat d&rsquo;arr\u00eat, \u00e0 la suite de leur interpellation \u00e0 Majorque et en Colombie. Un Britannique de 35 ans a \u00e9t\u00e9 plac\u00e9 sous surveillance \u00e9lectronique, tandis que deux hommes sexag\u00e9naires ont pu quitter la prison apr\u00e8s le versement d&rsquo;une caution.<\/p>\n<p class=\"ap-StoryElement ap-StoryElement--mb ap-StoryText\">L&rsquo;enqu\u00eate a \u00e9t\u00e9 transf\u00e9r\u00e9e \u00e0 la justice belge durant la seconde moiti\u00e9 de 2025, apr\u00e8s une concertation entre les magistrats finlandais et belges. Des faits de faux en \u00e9criture, escroquerie, fraude informatique et blanchiment sont reproch\u00e9s aux suspects.<\/p>\n","protected":false},"excerpt":{"rendered":"Les suspects promettaient un rendement annuel de 9%. Certaines victimes ont per\u00e7u des b\u00e9n\u00e9fices au bout de deux&hellip;\n","protected":false},"author":2,"featured_media":203003,"comment_status":"","ping_status":"","sticky":false,"template":"","format":"standard","meta":{"footnotes":"","_share_on_mastodon":"0"},"categories":[2],"tags":[1381,12,13,18,17,18151,23,1296],"class_list":["post-203002","post","type-post","status-publish","format-standard","has-post-thumbnail","category-belgique","tag-anvers","tag-be","tag-be-fr","tag-belgique","tag-belgium","tag-finlande","tag-judiciaire","tag-royaume-uni"],"share_on_mastodon":{"url":"https:\/\/pubeurope.com\/@be_fr\/117050699072995093","error":""},"_links":{"self":[{"href":"https:\/\/www.europesays.com\/be-fr\/wp-json\/wp\/v2\/posts\/203002","targetHints":{"allow":["GET"]}}],"collection":[{"href":"https:\/\/www.europesays.com\/be-fr\/wp-json\/wp\/v2\/posts"}],"about":[{"href":"https:\/\/www.europesays.com\/be-fr\/wp-json\/wp\/v2\/types\/post"}],"author":[{"embeddable":true,"href":"https:\/\/www.europesays.com\/be-fr\/wp-json\/wp\/v2\/users\/2"}],"replies":[{"embeddable":true,"href":"https:\/\/www.europesays.com\/be-fr\/wp-json\/wp\/v2\/comments?post=203002"}],"version-history":[{"count":0,"href":"https:\/\/www.europesays.com\/be-fr\/wp-json\/wp\/v2\/posts\/203002\/revisions"}],"wp:featuredmedia":[{"embeddable":true,"href":"https:\/\/www.europesays.com\/be-fr\/wp-json\/wp\/v2\/media\/203003"}],"wp:attachment":[{"href":"https:\/\/www.europesays.com\/be-fr\/wp-json\/wp\/v2\/media?parent=203002"}],"wp:term":[{"taxonomy":"category","embeddable":true,"href":"https:\/\/www.europesays.com\/be-fr\/wp-json\/wp\/v2\/categories?post=203002"},{"taxonomy":"post_tag","embeddable":true,"href":"https:\/\/www.europesays.com\/be-fr\/wp-json\/wp\/v2\/tags?post=203002"}],"curies":[{"name":"wp","href":"https:\/\/api.w.org\/{rel}","templated":true}]}}