{"id":203955,"date":"2026-08-07T15:45:20","date_gmt":"2026-08-07T15:45:20","guid":{"rendered":"https:\/\/www.europesays.com\/be-fr\/203955\/"},"modified":"2026-08-07T15:45:20","modified_gmt":"2026-08-07T15:45:20","slug":"romain-bardet-victime-dune-lourde-chute-a-velo-dans-le-mont-ventoux-la-montee-en-famille-fut-memorable-la-redescente-en-gravel-moins-glorieuse","status":"publish","type":"post","link":"https:\/\/www.europesays.com\/be-fr\/203955\/","title":{"rendered":"Romain Bardet victime d&rsquo;une lourde chute \u00e0 v\u00e9lo dans le Mont Ventoux\u00a0: \u00ab\u00a0La mont\u00e9e en famille fut m\u00e9morable, la redescente en gravel moins glorieuse\u00a0\u00bb"},"content":{"rendered":"<p class=\"ap-StoryElement ap-StoryElement--mb ap-StoryText\">L&rsquo;ancien coureur fran\u00e7ais, meilleur grimpeur du Tour de France 2019 et retrait\u00e9 des pelotons depuis l&rsquo;an dernier, a d\u00fb \u00eatre pris en charge par les secours avant d&rsquo;\u00eatre transport\u00e9 \u00e0 l&rsquo;h\u00f4pital.<\/p>\n<p class=\"ap-StoryElement ap-StoryElement--mb ap-StoryText\">\u00c2g\u00e9 de 35 ans, l&rsquo;Auvergnat a ensuite donn\u00e9 de ses nouvelles sur les r\u00e9seaux sociaux, expliquant qu&rsquo;il devra observer \u00ab\u00a0quelques semaines de convalescence\u00a0\u00bb. Une grosse frayeur pour l&rsquo;ancien leader de l&rsquo;\u00e9quipe DSM-Firmenich, dont l&rsquo;accident est survenu lors d&rsquo;une sortie qui se voulait avant tout familiale.<\/p>\n","protected":false},"excerpt":{"rendered":"L&rsquo;ancien coureur fran\u00e7ais, meilleur grimpeur du Tour de France 2019 et retrait\u00e9 des pelotons depuis l&rsquo;an dernier, a&hellip;\n","protected":false},"author":2,"featured_media":203956,"comment_status":"","ping_status":"","sticky":false,"template":"","format":"standard","meta":{"footnotes":"","_share_on_mastodon":"0"},"categories":[81],"tags":[12,13,18,17,57356,84,4075],"class_list":["post-203955","post","type-post","status-publish","format-standard","has-post-thumbnail","category-sports","tag-be","tag-be-fr","tag-belgique","tag-belgium","tag-romain-bardet","tag-sports","tag-tour-de-france"],"share_on_mastodon":{"url":"https:\/\/pubeurope.com\/@be_fr\/117055004775066438","error":""},"_links":{"self":[{"href":"https:\/\/www.europesays.com\/be-fr\/wp-json\/wp\/v2\/posts\/203955","targetHints":{"allow":["GET"]}}],"collection":[{"href":"https:\/\/www.europesays.com\/be-fr\/wp-json\/wp\/v2\/posts"}],"about":[{"href":"https:\/\/www.europesays.com\/be-fr\/wp-json\/wp\/v2\/types\/post"}],"author":[{"embeddable":true,"href":"https:\/\/www.europesays.com\/be-fr\/wp-json\/wp\/v2\/users\/2"}],"replies":[{"embeddable":true,"href":"https:\/\/www.europesays.com\/be-fr\/wp-json\/wp\/v2\/comments?post=203955"}],"version-history":[{"count":0,"href":"https:\/\/www.europesays.com\/be-fr\/wp-json\/wp\/v2\/posts\/203955\/revisions"}],"wp:featuredmedia":[{"embeddable":true,"href":"https:\/\/www.europesays.com\/be-fr\/wp-json\/wp\/v2\/media\/203956"}],"wp:attachment":[{"href":"https:\/\/www.europesays.com\/be-fr\/wp-json\/wp\/v2\/media?parent=203955"}],"wp:term":[{"taxonomy":"category","embeddable":true,"href":"https:\/\/www.europesays.com\/be-fr\/wp-json\/wp\/v2\/categories?post=203955"},{"taxonomy":"post_tag","embeddable":true,"href":"https:\/\/www.europesays.com\/be-fr\/wp-json\/wp\/v2\/tags?post=203955"}],"curies":[{"name":"wp","href":"https:\/\/api.w.org\/{rel}","templated":true}]}}