{"id":205411,"date":"2026-08-08T20:19:23","date_gmt":"2026-08-08T20:19:23","guid":{"rendered":"https:\/\/www.europesays.com\/be-fr\/205411\/"},"modified":"2026-08-08T20:19:23","modified_gmt":"2026-08-08T20:19:23","slug":"entretien-virginie-efira-on-sait-aujourdhui-que-passe-40-ans-on-peut-etre-desiree-et-desirante","status":"publish","type":"post","link":"https:\/\/www.europesays.com\/be-fr\/205411\/","title":{"rendered":"ENTRETIEN. Virginie Efira : \u00ab\u202fOn sait aujourd\u2019hui que, pass\u00e9 40\u202fans, on peut \u00eatre d\u00e9sir\u00e9e et d\u00e9sirante\u202f\u00bb"},"content":{"rendered":"<p>ENTRETIEN \u2014\u00a0L\u2019actrice franco-belge est \u00e0 l\u2019affiche de \u00ab\u202fSoudain\u202f\u00bb, du Japonais Ryusuke Hamaguchi. Un film qui l\u2019a boulevers\u00e9e et lui a valu le prix d\u2019interpr\u00e9tation au dernier Festival de Cannes.<\/p>\n<p>Elle arrive, tout sourire et sans maquillage, dans un caf\u00e9 climatis\u00e9 de la Bastille, \u00e0 Paris, en pleine canicule et entre deux jours de tournage. Sans agent \u00e0 ses c\u00f4t\u00e9s, loin d\u2019une journ\u00e9e presse millim\u00e9tr\u00e9e, <a href=\"https:\/\/www.latribune.fr\/la-tribune-dimanche\/culture-lifetstyle\/virginie-efira-fait-des-infidelites-au-cinema-982919.html\" target=\"_self\" article-id=\"2282790296914214\" rel=\"nofollow noopener\">Virginie Efira<\/a> a pris le temps de venir, seule, pour raconter, expliquer et dire\u00a0: ce tournage qui est plus qu\u2019un tournage, cette rencontre avec Ryusuke Hamaguchi, \u00e0 ses yeux davantage qu\u2019un r\u00e9alisateur, et ce Soudain qui dans son c\u0153ur est plus qu\u2019un simple film.<\/p>\n<p>Pour ce r\u00f4le, elle a appris le japonais, v\u00e9cu un tournage initiatique et re\u00e7u le prix d\u2019interpr\u00e9tation \u00e0 <a href=\"https:\/\/www.latribune.fr\/article\/la-tribune-dimanche\/culture-lifestyle\/cinema-ecrans\/1133442281116114\/festival-de-cannes-la-palme-d-un-monde-fracture\" target=\"_self\" article-id=\"1133442281116114\" rel=\"nofollow noopener\">Cannes<\/a>, en duo avec Tao Okamoto. Avec cette distinction, l\u2019actrice, qui n\u2019avait plus vraiment \u00e0 prouver son talent, \u00e9clipse d\u00e9finitivement l\u2019ancienne pr\u00e9sentatrice t\u00e9l\u00e9 qu\u2019elle a \u00e9t\u00e9 sans pour autant renier son parcours ni perdre son humour. Entretien avec une com\u00e9dienne \u00e0 la fois combl\u00e9e, lucide et avide de sens.<\/p>\n<p><a target=\"_self\" href=\"https:\/\/www.latribune.fr\/article\/la-tribune-dimanche\/culture-lifestyle\/cinema-ecrans\/16099394208503\/virginie-efira-je-trouvais-beau-de-representer-la-lutte-des-gilets-jaunes\" rel=\"nofollow noopener\"><\/p>\n<p class=\"text-[12px] mb-[12px] font-bold ltd:leading-[16px]\">A LIRE AUSSI<\/p>\n<p class=\"text-[20px] ac:text-[18px] leading-[120%] ac:leading-[130%] text-lt-primary-dark ac:text-ac-primary font-slab font-bold ltd:font-semibold ltd:tracking-[-0.4px] ac:font-ac-slab ltd:font-ltd-slab\">Virginie Efira : \u00ab\u202fJe trouvais beau de repr\u00e9senter la lutte des Gilets jaunes \u202f\u00bb<\/p>\n<p><\/a><\/p>\n<p>LA TRIBUNE DIMANCHE \u2014\u00a0Est-ce que je devrais vous accueillir en disant ohayo, \u00ab\u00a0bonjour\u00a0\u00bb en japonais\u00a0?<br \/>VIRGINIE EFIRA \u2014\u00a0Mais oui\u00a0: ohayo\u00a0! Lors de notre premier entretien, <a href=\"https:\/\/www.latribune.fr\/depeches\/reuters\/KBN30J0G5\/pauvres-creatures-couronne-d-un-lion-d-or-a-la-mostra-de-venise.html\" target=\"_self\" article-id=\"2290183727848814\" rel=\"nofollow noopener\">Ryusuke Hamaguchi<\/a> m\u2019a demand\u00e9 si le travail me faisait peur parce qu\u2019il y avait beaucoup de texte \u00e0 apprendre, qu\u2019il fallait que je puisse parler et lire en japonais et que nous tournions deux mois plus tard\u2026 J\u2019ai dit oui \u00e0 tout\u00a0! J\u2019ai travaill\u00e9 avec plusieurs professeurs, j\u2019ai appris tout un alphabet avant de d\u00e9couvrir qu\u2019il en existait trois et qu\u2019en fait je lisais comme un enfant de 10\u00a0ans\u00a0! Je ne suis donc pas bilingue\u00a0: en japonais, je peux parler du capitalisme comme dans le film, mais sur d\u2019autres sujets, \u00e0 Tokyo, je serais paum\u00e9e\u00a0!<\/p>\n","protected":false},"excerpt":{"rendered":"ENTRETIEN \u2014\u00a0L\u2019actrice franco-belge est \u00e0 l\u2019affiche de \u00ab\u202fSoudain\u202f\u00bb, du Japonais Ryusuke Hamaguchi. Un film qui l\u2019a boulevers\u00e9e et&hellip;\n","protected":false},"author":2,"featured_media":205412,"comment_status":"","ping_status":"","sticky":false,"template":"","format":"standard","meta":{"footnotes":"","_share_on_mastodon":"0"},"categories":[102],"tags":[41,12,13,18,17,129,128,96,95,4959,63361,63360,109,63359],"class_list":["post-205411","post","type-post","status-publish","format-standard","has-post-thumbnail","category-people","tag-41","tag-be","tag-be-fr","tag-belgique","tag-belgium","tag-celebrities","tag-celebrity","tag-divertissement","tag-entertainment","tag-la-tribune-dimanche","tag-on-peut-etre-desiree-et-desirante","tag-passe-40-ans","tag-people","tag-virginie-efira-on-sait-aujourdhui-que"],"share_on_mastodon":{"url":"https:\/\/pubeurope.com\/@be_fr\/117061744374276652","error":""},"_links":{"self":[{"href":"https:\/\/www.europesays.com\/be-fr\/wp-json\/wp\/v2\/posts\/205411","targetHints":{"allow":["GET"]}}],"collection":[{"href":"https:\/\/www.europesays.com\/be-fr\/wp-json\/wp\/v2\/posts"}],"about":[{"href":"https:\/\/www.europesays.com\/be-fr\/wp-json\/wp\/v2\/types\/post"}],"author":[{"embeddable":true,"href":"https:\/\/www.europesays.com\/be-fr\/wp-json\/wp\/v2\/users\/2"}],"replies":[{"embeddable":true,"href":"https:\/\/www.europesays.com\/be-fr\/wp-json\/wp\/v2\/comments?post=205411"}],"version-history":[{"count":0,"href":"https:\/\/www.europesays.com\/be-fr\/wp-json\/wp\/v2\/posts\/205411\/revisions"}],"wp:featuredmedia":[{"embeddable":true,"href":"https:\/\/www.europesays.com\/be-fr\/wp-json\/wp\/v2\/media\/205412"}],"wp:attachment":[{"href":"https:\/\/www.europesays.com\/be-fr\/wp-json\/wp\/v2\/media?parent=205411"}],"wp:term":[{"taxonomy":"category","embeddable":true,"href":"https:\/\/www.europesays.com\/be-fr\/wp-json\/wp\/v2\/categories?post=205411"},{"taxonomy":"post_tag","embeddable":true,"href":"https:\/\/www.europesays.com\/be-fr\/wp-json\/wp\/v2\/tags?post=205411"}],"curies":[{"name":"wp","href":"https:\/\/api.w.org\/{rel}","templated":true}]}}