{"id":205489,"date":"2026-08-08T21:48:11","date_gmt":"2026-08-08T21:48:11","guid":{"rendered":"https:\/\/www.europesays.com\/be-fr\/205489\/"},"modified":"2026-08-08T21:48:11","modified_gmt":"2026-08-08T21:48:11","slug":"un-drone-explose-pres-dun-gazoduc-en-bulgarie-sofia-incrimine-kiev","status":"publish","type":"post","link":"https:\/\/www.europesays.com\/be-fr\/205489\/","title":{"rendered":"Un drone explose pr\u00e8s d&rsquo;un gazoduc en Bulgarie, Sofia incrimine Kiev"},"content":{"rendered":"<p>                        08\/08\/2026 &#8211; 20:31Attaques en mer Noire : Ankara r\u00e9clame un \u00ab\u00a0moratoire\u00a0\u00bb \u00e0 la Russie et l&rsquo;Ukraine<\/p>\n<p>La Turquie a r\u00e9clam\u00e9 \u00e0 la Russie \u00e0 l&rsquo;Ukraine la mise en place d&rsquo;un \u00ab\u00a0moratoire\u00a0\u00bb sur les attaques visant les navires commerciaux en mer Noire, a indiqu\u00e9 le ministre turc des Affaires \u00e9trang\u00e8res.<\/p>\n<p>Face \u00e0 la recrudescence des attaques, la Turquie \u00ab\u00a0a appel\u00e9 \u00e0 la mise en place d&rsquo;un m\u00e9canisme permettant de d\u00e9cr\u00e9ter un moratoire\u00a0\u00bb, a d\u00e9clar\u00e9 Hakan Fidan lors d&rsquo;une interview en direct \u00e0 l&rsquo;agence de presse officielle Anadolu.<\/p>\n<p>\u00ab\u00a0Le conflit s&rsquo;est \u00e9tendu \u00e0 toute la mer Noire. Au d\u00e9but, ils visaient les ports et les navires militaires. Maintenant, ils attaquent tous les navires commerciaux, sans distinction\u00a0\u00bb, a d\u00e9plor\u00e9 le ministre, en soulignant que \u00ab\u00a0les navires (&#8230;) appartenant \u00e0 des Turcs ou battant pavillon turc sont \u00e9galement touch\u00e9s\u00a0\u00bb.\u00a0<\/p>\n<p>La Turquie, qui entretient des relations \u00e9troites avec Moscou et Kiev, avait d\u00e9j\u00e0 d\u00e9nonc\u00e9 mardi des attaques de drone survenues la veille en mer Noire contre deux navires appartenant \u00e0 des armateurs turcs, faisant des bless\u00e9s parmi l&rsquo;\u00e9quipage.<\/p>\n<p>                        08\/08\/2026 &#8211; 18:41\ud83c\udfa5 Nouvelles frappes meurtri\u00e8res \u00e0 Kiev : au moins 4 morts et 7 bless\u00e9s<\/p>\n<p>De nouveaux bombardements russes sur Kiev et sa r\u00e9gion ont fait au moins quatre morts et sept bless\u00e9s dans la nuit de vendredi \u00e0 samedi, au moment o\u00f9 l&rsquo;Ukraine peine \u00e0 faire face \u00e0 l&rsquo;intensification des frappes \u2935\ufe0f<\/p>\n<p>                        08\/08\/2026 &#8211; 18:39Drone en Bulgarie : Kiev dit n&rsquo;avoir pas lanc\u00e9 d&rsquo;engin \u00ab\u00a0d\u00e9lib\u00e9r\u00e9ment\u00a0\u00bb et promet de \u00ab\u00a0clarifier les circonstances\u00a0\u00bb<\/p>\n<p>L&rsquo;Ukraine a assur\u00e9 n&rsquo;avoir pas vis\u00e9 \u00ab\u00a0d\u00e9lib\u00e9r\u00e9ment\u00a0\u00bb la Bulgarie et promis une enqu\u00eate, apr\u00e8s la chute d&rsquo;un drone correspondant \u00e0 ceux utilis\u00e9s par l&rsquo;arm\u00e9e ukrainienne pr\u00e8s d&rsquo;un gazoduc dans ce pays.<\/p>\n<p>\u00ab\u00a0Nous sommes en contact \u00e9troit avec la partie bulgare afin de clarifier les circonstances\u00a0\u00bb, a affirm\u00e9 \u00e0 des journalistes le porte-parole du minist\u00e8re ukrainien des Affaires \u00e9trang\u00e8res, Georgi\u00ef Tykhy. \u00ab\u00a0Nous pouvons affirmer avec certitude que l&rsquo;arm\u00e9e ukrainienne n&rsquo;a d\u00e9lib\u00e9r\u00e9ment dirig\u00e9 aucun appareil vers la Bulgarie\u00a0\u00bb, a-t-il ajout\u00e9, sans confirmer formellement si le drone \u00e9tait bien ukrainien.<\/p>\n<p>                        08\/08\/2026 &#8211; 18:39Drone d\u00e9sint\u00e9gr\u00e9 en Bulgarie : Sofia convoque l&rsquo;ambassadrice ukrainienne<\/p>\n<p>La ministre bulgare des Affaires \u00e9trang\u00e8res a convoqu\u00e9 l&rsquo;ambassadrice ukrainienne \u00e0 une r\u00e9union lundi apr\u00e8s la chute d&rsquo;un drone samedi \u00e0 la fronti\u00e8re avec la Roumanie et pr\u00e8s d&rsquo;un gazoduc strat\u00e9gique, a annonc\u00e9 \u00e0 l&rsquo;AFP son minist\u00e8re.<\/p>\n<p>\u00a0Plus t\u00f4t, le minist\u00e8re bulgare de la D\u00e9fense avait affirm\u00e9 qu&rsquo;il s&rsquo;agissait d&rsquo;un type de drone \u00ab\u00a0largement utilis\u00e9 par les forces arm\u00e9es ukrainiennes\u00a0\u00bb, ajoutant aussit\u00f4t que, \u00ab\u00a0\u00e0 l&rsquo;heure actuelle, rien ne permet de penser qu&rsquo;il s&rsquo;agit d&rsquo;un incident d\u00e9lib\u00e9r\u00e9\u00a0\u00bb.<\/p>\n<p>                        08\/08\/2026 &#8211; 16:37Le drone d\u00e9sint\u00e9gr\u00e9 en Bulgarie est de type \u00ab\u00a0largement utilis\u00e9\u00a0\u00bb par l&rsquo;arm\u00e9e ukrainienne (minist\u00e8re bulgare de la D\u00e9fense)<\/p>\n<p>Le drone qui s&rsquo;est \u00e9cras\u00e9 dans un champ bulgare pr\u00e8s d&rsquo;un gazoduc majeur est un drone leurre de type Maya, un a\u00e9ronef \u00ab\u00a0largement utilis\u00e9 par les forces arm\u00e9es ukrainiennes\u00a0\u00bb, a indiqu\u00e9 le minist\u00e8re bulgare de la D\u00e9fense.<\/p>\n<p>\u00ab\u00a0\u00c0 l&rsquo;heure actuelle, rien ne permet de penser qu&rsquo;il s&rsquo;agit d&rsquo;un incident d\u00e9lib\u00e9r\u00e9\u00a0\u00bb, a ajout\u00e9 dans un communiqu\u00e9 le minist\u00e8re, se basant sur l&rsquo;analyse initiale des d\u00e9bris de l&rsquo;engin, retrouv\u00e9s dans un champ tout pr\u00e8s de la fronti\u00e8re roumaine.<\/p>\n<p>                        08\/08\/2026 &#8211; 14:21L&rsquo;Ukraine n&rsquo;a \u00ab\u00a0quasiment aucune centrale thermique\u00a0\u00bb intacte \u00e0 cause de l&rsquo;invasion russe, affirme le pr\u00e9sident ukrainien<\/p>\n<p>L&rsquo;Ukraine ne dispose de \u00ab\u00a0quasiment aucune centrale thermique intacte\u00a0\u00bb \u00e0 l&rsquo;approche de l&rsquo;hiver, en raison des frappes russes quasi-quotidiennes, a affirm\u00e9 \u00e0 Belgrade son pr\u00e9sident Volodymyr Zelensky.<\/p>\n<p>\u00ab\u00a0Les missiles russes visent pr\u00e9cis\u00e9ment \u00e0 rendre la vie des Ukrainiens insupportable\u00a0\u00bb, a-t-il assur\u00e9 lors de son premier d\u00e9placement officiel en Serbie, alli\u00e9 traditionnel de Moscou. Il a dit avoir \u00e9voqu\u00e9 \u00ab\u00a0les d\u00e9fis auxquels l&rsquo;Ukraine sera confront\u00e9e cet hiver\u00a0\u00bb avec son homologue serbe Aleksandar Vucic.<\/p>\n<p>                        08\/08\/2026 &#8211; 13:36Un drone entr\u00e9 en Bulgarie a explos\u00e9 pr\u00e8s d&rsquo;un gazoduc \u00e0 la fronti\u00e8re roumaine<\/p>\n<p>Un drone entr\u00e9 en Bulgarie ce matin a explos\u00e9 pr\u00e8s de la fronti\u00e8re avec la Roumanie et du gazoduc transbalkanique, qui relie la Turquie \u00e0 l&rsquo;Ukraine, a annonc\u00e9 le Premier ministre bulgare Roumen Radev.<\/p>\n<p>\u00a0\u00ab\u00a0Le drone a explos\u00e9 \u00e0 proximit\u00e9 imm\u00e9diate du poste-fronti\u00e8re avec la Roumanie de Kardam\u00a0\u00bb, pr\u00e8s de la mer Noire dans le nord-est du pays, \u00ab\u00a0\u00e0 1 000 m\u00e8tres de la station de compression du gazoduc transbalkanique. Il n&rsquo;y a pas de victime\u00a0\u00bb, a d\u00e9clar\u00e9 Roumen Radev dans une vid\u00e9o diffus\u00e9e par le gouvernement sur les r\u00e9seaux sociaux.<\/p>\n<p>                        08\/08\/2026 &#8211; 13:34La Russie annonce la prise d&rsquo;une nouvelle localit\u00e9 en Ukraine<\/p>\n<p>\u2060Le minist\u00e8re russe de la D\u00e9fense d\u00e9clare que les forces russes ont pris le contr\u00f4le de la localit\u00e9 d\u2019Ivanivka, dans la r\u00e9gion ukrainienne de Kharkiv.<\/p>\n<p>\n                        08\/08\/2026 &#8211; 10:55\n                    <\/p>\n<p>                        08\/08\/2026 &#8211; 10:52Un navire de fret frapp\u00e9 par un drone russe en mer Noire<\/p>\n<p>Un drone militaire russe a frapp\u00e9 un navire de fret transportant des armes destin\u00e9es aux forces arm\u00e9es ukrainiennes en mer Noire, \u00e0 l&rsquo;est d&rsquo;Odessa, selon l&rsquo;agence de presse Interfax, citant le minist\u00e8re russe de la D\u00e9fense.<\/p>\n<p>Elle n\u2019a pas donn\u00e9 de d\u00e9tails sur d\u2019\u00e9ventuels d\u00e9g\u00e2ts. Reuters n\u2019a pas pu v\u00e9rifier imm\u00e9diatement cette information et l\u2019Ukraine n\u2019a pas fait de commentaire dans l\u2019imm\u00e9diat.<\/p>\n<p>                        08\/08\/2026 &#8211; 10:48Des raffineries de p\u00e9trole russes frapp\u00e9es par l&rsquo;Ukraine<\/p>\n<p>\u2060L&rsquo;arm\u00e9e ukrainienne a frapp\u00e9 les raffineries de p\u00e9trole russes d&rsquo;Ilsky et de Syzran lors d&rsquo;\u2060attaques men\u00e9es pendant la nuit, provoquant des incendies dans les deux sites, a d\u00e9clar\u00e9 samedi l&rsquo;\u2060\u00e9tat-major ukrainien.<\/p>\n<p>L&rsquo;Ukraine frappe depuis des mois les installations p\u00e9troli\u00e8res russes afin de r\u00e9duire la capacit\u00e9 \u00e9conomique de Moscou \u00e0 financer sa guerre.<\/p>\n<p>                        08\/08\/2026 &#8211; 10:41De nouvelles frappes russes meurtri\u00e8res sur Kiev<\/p>\n<p>De nouvelles frappes russes ont fait au moins quatre morts et sept bless\u00e9s dans la nuit de vendredi \u00e0 samedi \u00e0 Kiev et dans sa r\u00e9gion, alors que la d\u00e9fense antia\u00e9rienne ukrainienne peine \u00e0 intercepter les missiles russes faute de munitions suffisantes.<\/p>\n<p>                        08\/08\/2026 &#8211; 10:36Bonjour et bienvenue<\/p>\n<p>Bonjour et bienvenue sur ce direct consacr\u00e9 \u00e0 la guerre en Ukraine. <\/p>\n","protected":false},"excerpt":{"rendered":"08\/08\/2026 &#8211; 20:31Attaques en mer Noire : Ankara r\u00e9clame un \u00ab\u00a0moratoire\u00a0\u00bb \u00e0 la Russie et l&rsquo;Ukraine La Turquie&hellip;\n","protected":false},"author":2,"featured_media":205490,"comment_status":"","ping_status":"","sticky":false,"template":"","format":"standard","meta":{"footnotes":"","_share_on_mastodon":"0"},"categories":[9],"tags":[12,13,18,17,34,926,31,331,19606,332,3075,32],"class_list":["post-205489","post","type-post","status-publish","format-standard","has-post-thumbnail","category-international","tag-be","tag-be-fr","tag-belgique","tag-belgium","tag-donald-trump","tag-europe","tag-international","tag-russie","tag-serbie","tag-ukraine","tag-volodymyr-zelensky","tag-world-news"],"share_on_mastodon":{"url":"https:\/\/pubeurope.com\/@be_fr\/117062094876430058","error":""},"_links":{"self":[{"href":"https:\/\/www.europesays.com\/be-fr\/wp-json\/wp\/v2\/posts\/205489","targetHints":{"allow":["GET"]}}],"collection":[{"href":"https:\/\/www.europesays.com\/be-fr\/wp-json\/wp\/v2\/posts"}],"about":[{"href":"https:\/\/www.europesays.com\/be-fr\/wp-json\/wp\/v2\/types\/post"}],"author":[{"embeddable":true,"href":"https:\/\/www.europesays.com\/be-fr\/wp-json\/wp\/v2\/users\/2"}],"replies":[{"embeddable":true,"href":"https:\/\/www.europesays.com\/be-fr\/wp-json\/wp\/v2\/comments?post=205489"}],"version-history":[{"count":0,"href":"https:\/\/www.europesays.com\/be-fr\/wp-json\/wp\/v2\/posts\/205489\/revisions"}],"wp:featuredmedia":[{"embeddable":true,"href":"https:\/\/www.europesays.com\/be-fr\/wp-json\/wp\/v2\/media\/205490"}],"wp:attachment":[{"href":"https:\/\/www.europesays.com\/be-fr\/wp-json\/wp\/v2\/media?parent=205489"}],"wp:term":[{"taxonomy":"category","embeddable":true,"href":"https:\/\/www.europesays.com\/be-fr\/wp-json\/wp\/v2\/categories?post=205489"},{"taxonomy":"post_tag","embeddable":true,"href":"https:\/\/www.europesays.com\/be-fr\/wp-json\/wp\/v2\/tags?post=205489"}],"curies":[{"name":"wp","href":"https:\/\/api.w.org\/{rel}","templated":true}]}}