{"id":206496,"date":"2026-08-09T19:34:10","date_gmt":"2026-08-09T19:34:10","guid":{"rendered":"https:\/\/www.europesays.com\/be-fr\/206496\/"},"modified":"2026-08-09T19:34:10","modified_gmt":"2026-08-09T19:34:10","slug":"boule-antistress-squishy-enquete-apres-la-brulure-dun-enfant","status":"publish","type":"post","link":"https:\/\/www.europesays.com\/be-fr\/206496\/","title":{"rendered":"Boule antistress squishy\u00a0: enqu\u00eate apr\u00e8s la br\u00fblure d\u2019un enfant"},"content":{"rendered":"<p>  <img decoding=\"async\" class=\"r-img lazyloaded\" src=\"https:\/\/www.europesays.com\/be-fr\/wp-content\/uploads\/2026\/08\/1786304049_58_guerrier.jpg\" alt=\"Valentine Guerrier\"\/><\/p>\n<p>Par <a href=\"https:\/\/www.rtl.be\/375980\/dpi-authors\/valentine-guerrier\" rel=\"nofollow noopener\" target=\"_blank\">Valentine Guerrier<\/a><\/p>\n<p>\tPubli\u00e9 le 09 ao\u00fbt \u00e0 18h09\n<\/p>\n<p>  <a href=\"https:\/\/www.google.com\/preferences\/source?q=rtl%20info\" class=\"r-link--google-favorites\" role=\"button\">Ajoutez-nous \u00e0 vos favoris Google<\/a><br \/>\n\tUn incident impliquant une balle \u00ab\u00a0Squishy\u00a0\u00bb a caus\u00e9 de graves br\u00fblures \u00e0 un enfant de huit ans dans le Pas-de-Calais. Ce dimanche, une enqu\u00eate a \u00e9t\u00e9 ouverte \u00e0 Saint-Omer pour d\u00e9terminer si le jouet, achet\u00e9 dans une enseigne locale, pr\u00e9sentait un d\u00e9faut de s\u00e9curit\u00e9.<\/p>\n<p>&#13;<br \/>\n&#13;<\/p>\n<p>Une enqu\u00eate pour \u00ab\u00a0blessures involontaires\u00a0\u00bb a \u00e9t\u00e9 ouverte apr\u00e8s qu\u2019un jeune gar\u00e7on a \u00e9t\u00e9 br\u00fbl\u00e9 au deuxi\u00e8me degr\u00e9 par un jouet antistress qui lui a \u00e9clat\u00e9 au visage, a indiqu\u00e9 dimanche \u00e0 l\u2019AFP le parquet de Saint-Omer (Pas-de-Calais).<\/p>\n<p>    \u00c0 lire aussi<\/p>\n<p>  <img decoding=\"async\" data-copyright=\"Capture d\u2019\u00e9cran Facebook\/Nancy Lorio\" class=\"r-img\"  typeof=\"foaf:Image\" src=\"https:\/\/www.europesays.com\/be-fr\/wp-content\/uploads\/2026\/08\/1786304050_630_95383570.png\" alt=\"En France, Melvyn, 8 ans, a \u00e9t\u00e9 gravement bless\u00e9 au visage et au torse \u00e0 cause de l\u2019explosion de son squishy.\"\/><br \/>\n      <a href=\"https:\/\/www.rtl.be\/actu\/belgique\/societe\/un-enfant-de-8-ans-grievement-brule-apres-lexplosion-dun-squishy-quels-sont\/2026-08-07\/article\/796651\" class=\"r-stories--link\" rel=\"nofollow noopener\" target=\"_blank\">Un enfant de 8 ans gri\u00e8vement br\u00fbl\u00e9 apr\u00e8s l\u2019explosion d\u2019un squishy\u00a0: quels sont r\u00e9ellement les dangers de ces jouets\u00a0?<\/a><\/p>\n<p>\u00ab\u00a0Le 24 juillet 2026, un enfant \u00e2g\u00e9 de huit ans a \u00e9t\u00e9 trouv\u00e9 porteur de br\u00fblures du deuxi\u00e8me degr\u00e9 au niveau du visage et du thorax alors qu\u2019il utilisait une balle de type jouet +Squishy+, \u00e0 savoir une balle contenant une substance mall\u00e9able \u00e0 presser\u00a0\u00bb, a d\u00e9taill\u00e9 le parquet, confirmant une information du quotidien La Voix du Nord.<\/p>\n<p>&#13;<br \/>\n&#13;<\/p>\n<p>&#13;<br \/>\n&#13;<br \/>\nDes investigations sur la d\u00e9fectuosit\u00e9 du produit<\/p>\n<p>Les investigations, ouvertes pr\u00e9cis\u00e9ment pour \u00ab\u00a0blessures involontaires ayant entra\u00een\u00e9 une incapacit\u00e9 totale de travail sup\u00e9rieure \u00e0 trois mois\u00a0\u00bb, doivent encore d\u00e9terminer les circonstances exactes de l\u2019incident et s\u2019il est imputable \u00e0 une \u00ab\u00a0d\u00e9fectuosit\u00e9 du produit\u00a0\u00bb, a pr\u00e9cis\u00e9 le parquet.<\/p>\n<p>Des analyses sont \u00e9galement men\u00e9es par la Direction g\u00e9n\u00e9rale de la concurrence, de la consommation et de la r\u00e9pression des fraudes (DGCCRF), qui a indiqu\u00e9 jeudi \u00e0 l\u2019AFP \u00ab\u00a0qu\u2019en cas de non-conformit\u00e9s et de dangerosit\u00e9, les mesures n\u00e9cessaires pour prot\u00e9ger les consommateurs seront prises\u00a0\u00bb, comme des \u00ab\u00a0retraits\u00a0\u00bb et \u00ab\u00a0rappels\u00a0\u00bb de produits.<\/p>\n<p>La m\u00e8re du gar\u00e7on avait indiqu\u00e9 dans une publication Facebook, depuis supprim\u00e9e, lui avoir offert un jouet Cool mix supergel, achet\u00e9 dans une enseigne Smyths Toys \u00e0 Arques (Pas-de-Calais).<\/p>\n<p>&#13;<br \/>\n&#13;<\/p>\n<p>&#13;<br \/>\n&#13;<br \/>\n\u00ab\u00a0J\u2019ai tout de suite compris que c\u2019\u00e9tait grave\u00a0\u00bb<\/p>\n<p>\u00ab\u00a0Quand il est venu me voir, Melvyn \u00e9tait paniqu\u00e9. J\u2019ai essay\u00e9 de lui retirer le gel qu\u2019il avait autour de la bouche mais la peau commen\u00e7ait \u00e0 venir avec. J\u2019ai tout de suite compris que c\u2019\u00e9tait grave\u00a0\u00bb, a t\u00e9moign\u00e9 la m\u00e8re de famille dans les pages de La Voix du Nord.<\/p>\n<p>Selon le quotidien r\u00e9gional, elle a port\u00e9 plainte au commissariat de Saint-Omer. Elle n\u2019a pas donn\u00e9 suite aux sollicitations de l\u2019AFP.<\/p>\n<p>Ce n\u2019est pas la premi\u00e8re fois que des jouets de ce type apparaissent dans le viseur des autorit\u00e9s.<\/p>\n<p>La DGCCRF souligne que les autorit\u00e9s britanniques ont proc\u00e9d\u00e9 \u00e0 des rappels de produits similaires pr\u00e9sentant une \u00ab\u00a0concentration excessive en benz\u00e8ne\u00a0\u00bb, un agent class\u00e9 canc\u00e9rig\u00e8ne et irritant.<\/p>\n<p>&#13;<br \/>\n&#13;<\/p>\n<p>&#13;<br \/>\n&#13;<\/p>\n<p><a class=\"r-btn r-btn--tag\" href=\"https:\/\/www.rtl.be\/2303\/free-tags\/justice\" title=\"justice\" rel=\"nofollow noopener\" target=\"_blank\">justice<\/a><br \/>\n<a class=\"r-btn r-btn--tag\" href=\"https:\/\/www.rtl.be\/1461\/free-tags\/police\" title=\"police\" rel=\"nofollow noopener\" target=\"_blank\">police<\/a><br \/>\n<a class=\"r-btn r-btn--tag\" href=\"https:\/\/www.rtl.be\/315\/free-tags\/accident\" title=\"accident\" rel=\"nofollow noopener\" target=\"_blank\">accident<\/a><br \/>\n<a class=\"r-btn r-btn--tag\" href=\"https:\/\/www.rtl.be\/1642\/locations\/france\" title=\"France\" rel=\"nofollow noopener\" target=\"_blank\">France<\/a><br \/>\n<a class=\"r-btn r-btn--tag\" href=\"https:\/\/www.rtl.be\/384152\/locations\/pas-de-calais\" title=\"Pas-de-Calais\" rel=\"nofollow noopener\" target=\"_blank\">Pas-de-Calais<\/a><\/p>\n","protected":false},"excerpt":{"rendered":"Par Valentine Guerrier Publi\u00e9 le 09 ao\u00fbt \u00e0 18h09 Ajoutez-nous \u00e0 vos favoris Google Un incident impliquant une&hellip;\n","protected":false},"author":2,"featured_media":206497,"comment_status":"","ping_status":"","sticky":false,"template":"","format":"standard","meta":{"footnotes":"","_share_on_mastodon":"0"},"categories":[9],"tags":[12,13,18,17,63696,63697,63691,63692,63694,31,62642,18297,63695,63693,63698,32],"class_list":["post-206496","post","type-post","status-publish","format-standard","has-post-thumbnail","category-international","tag-be","tag-be-fr","tag-belgique","tag-belgium","tag-benzene","tag-blessure-involontaire","tag-boule-squishy","tag-brulure-enfant","tag-dgccrf","tag-international","tag-jouet-antistress","tag-pas-de-calais","tag-rappel-jouet","tag-securite-produit","tag-smyths-toys","tag-world-news"],"share_on_mastodon":{"url":"https:\/\/pubeurope.com\/@be_fr\/117067230147474491","error":""},"_links":{"self":[{"href":"https:\/\/www.europesays.com\/be-fr\/wp-json\/wp\/v2\/posts\/206496","targetHints":{"allow":["GET"]}}],"collection":[{"href":"https:\/\/www.europesays.com\/be-fr\/wp-json\/wp\/v2\/posts"}],"about":[{"href":"https:\/\/www.europesays.com\/be-fr\/wp-json\/wp\/v2\/types\/post"}],"author":[{"embeddable":true,"href":"https:\/\/www.europesays.com\/be-fr\/wp-json\/wp\/v2\/users\/2"}],"replies":[{"embeddable":true,"href":"https:\/\/www.europesays.com\/be-fr\/wp-json\/wp\/v2\/comments?post=206496"}],"version-history":[{"count":0,"href":"https:\/\/www.europesays.com\/be-fr\/wp-json\/wp\/v2\/posts\/206496\/revisions"}],"wp:featuredmedia":[{"embeddable":true,"href":"https:\/\/www.europesays.com\/be-fr\/wp-json\/wp\/v2\/media\/206497"}],"wp:attachment":[{"href":"https:\/\/www.europesays.com\/be-fr\/wp-json\/wp\/v2\/media?parent=206496"}],"wp:term":[{"taxonomy":"category","embeddable":true,"href":"https:\/\/www.europesays.com\/be-fr\/wp-json\/wp\/v2\/categories?post=206496"},{"taxonomy":"post_tag","embeddable":true,"href":"https:\/\/www.europesays.com\/be-fr\/wp-json\/wp\/v2\/tags?post=206496"}],"curies":[{"name":"wp","href":"https:\/\/api.w.org\/{rel}","templated":true}]}}