{"id":207830,"date":"2026-08-10T20:14:25","date_gmt":"2026-08-10T20:14:25","guid":{"rendered":"https:\/\/www.europesays.com\/be-fr\/207830\/"},"modified":"2026-08-10T20:14:25","modified_gmt":"2026-08-10T20:14:25","slug":"douze-trottinettes-roulant-jusqua-80-km-h-saisies-a-bruxelles","status":"publish","type":"post","link":"https:\/\/www.europesays.com\/be-fr\/207830\/","title":{"rendered":"Douze trottinettes roulant jusqu&rsquo;\u00e0 80\u00a0km\/h saisies \u00e0 Bruxelles"},"content":{"rendered":"<p class=\"ap-StoryElement ap-StoryElement--mb ap-StoryText\">Samedi dernier 8 ao\u00fbt, le service centralis\u00e9 de circulation de la zone de police Bruxelles Nord (Schaerbeek, Evere, Saint-Josse-ten-Noode) a proc\u00e9d\u00e9 \u00e0 une op\u00e9ration de contr\u00f4les routiers visant les trottinettes \u00e9lectriques non conformes ainsi que les v\u00e9hicules de luxe susceptibles d&rsquo;\u00eatre issus du blanchiment d&rsquo;argent ou d&rsquo;une fraude quelconque.<\/p>\n<p><img loading=\"lazy\" decoding=\"async\" class=\"w-full lazyload lazyload--opacity object-contain\" style=\"aspect-ratio:100 \/ 100;opacity:1\" alt=\"Saisie de trottinettes et de v\u00e9hicules de luxe \u00e0 Bruxelles.\" width=\"768\" height=\"768\" fetchpriority=\"auto\" src=\"https:\/\/www.europesays.com\/be-fr\/wp-content\/uploads\/2026\/08\/1786392863_763_S5VKD3X55FFF3BW6V4SEHXNP7I.png\"  data- data-optimumx=\"1\"\/><img loading=\"lazy\" decoding=\"async\" src=\"https:\/\/www.europesays.com\/be-fr\/wp-content\/uploads\/2026\/08\/F6C7FA5XMRC7HDFINJABT7MNAQ.jpeg\" width=\"768\" height=\"768\" alt=\"Saisie de trottinettes et de v\u00e9hicules de luxe \u00e0 Bruxelles.\" class=\"absolute inset-0 w-full\"\/>Saisie de trottinettes et de v\u00e9hicules de luxe \u00e0 Bruxelles. \u00a9DR<img loading=\"lazy\" decoding=\"async\" class=\"w-full lazyload lazyload--opacity object-contain\" style=\"aspect-ratio:100 \/ 100;opacity:1\" alt=\"Saisie de trottinettes et de v\u00e9hicules de luxe \u00e0 Bruxelles.\" width=\"768\" height=\"768\" fetchpriority=\"auto\" src=\"https:\/\/www.europesays.com\/be-fr\/wp-content\/uploads\/2026\/08\/1786392863_763_S5VKD3X55FFF3BW6V4SEHXNP7I.png\"  data- data-optimumx=\"1\"\/><img loading=\"lazy\" decoding=\"async\" src=\"https:\/\/www.europesays.com\/be-fr\/wp-content\/uploads\/2026\/08\/3DOJGDKFJJBSZLJZYZCKFZH5KM.jpeg\" width=\"768\" height=\"768\" alt=\"Saisie de trottinettes et de v\u00e9hicules de luxe \u00e0 Bruxelles.\" class=\"absolute inset-0 w-full\"\/>Saisie de trottinettes et de v\u00e9hicules de luxe \u00e0 Bruxelles. \u00a9DR<\/p>\n<p class=\"ap-StoryElement ap-StoryElement--mb ap-StoryText\">Au total, 24 trottinettes ont fait l&rsquo;objet d&rsquo;un contr\u00f4le dont douze saisies. Ainsi, une trottinette contr\u00f4l\u00e9e sur deux n&rsquo;est pas conforme. La vitesse maximale contr\u00f4l\u00e9e \u00e9tait de 80km\/h. La police a \u00e9galement d\u00e9pann\u00e9 deux v\u00e9hicules de luxe.<\/p>\n","protected":false},"excerpt":{"rendered":"Samedi dernier 8 ao\u00fbt, le service centralis\u00e9 de circulation de la zone de police Bruxelles Nord (Schaerbeek, Evere,&hellip;\n","protected":false},"author":2,"featured_media":207831,"comment_status":"","ping_status":"","sticky":false,"template":"","format":"standard","meta":{"footnotes":"","_share_on_mastodon":"0"},"categories":[2],"tags":[12,13,18,17,28,3934],"class_list":["post-207830","post","type-post","status-publish","format-standard","has-post-thumbnail","category-belgique","tag-be","tag-be-fr","tag-belgique","tag-belgium","tag-bruxelles-villes","tag-evere"],"share_on_mastodon":{"url":"https:\/\/pubeurope.com\/@be_fr\/117073050002981000","error":""},"_links":{"self":[{"href":"https:\/\/www.europesays.com\/be-fr\/wp-json\/wp\/v2\/posts\/207830","targetHints":{"allow":["GET"]}}],"collection":[{"href":"https:\/\/www.europesays.com\/be-fr\/wp-json\/wp\/v2\/posts"}],"about":[{"href":"https:\/\/www.europesays.com\/be-fr\/wp-json\/wp\/v2\/types\/post"}],"author":[{"embeddable":true,"href":"https:\/\/www.europesays.com\/be-fr\/wp-json\/wp\/v2\/users\/2"}],"replies":[{"embeddable":true,"href":"https:\/\/www.europesays.com\/be-fr\/wp-json\/wp\/v2\/comments?post=207830"}],"version-history":[{"count":0,"href":"https:\/\/www.europesays.com\/be-fr\/wp-json\/wp\/v2\/posts\/207830\/revisions"}],"wp:featuredmedia":[{"embeddable":true,"href":"https:\/\/www.europesays.com\/be-fr\/wp-json\/wp\/v2\/media\/207831"}],"wp:attachment":[{"href":"https:\/\/www.europesays.com\/be-fr\/wp-json\/wp\/v2\/media?parent=207830"}],"wp:term":[{"taxonomy":"category","embeddable":true,"href":"https:\/\/www.europesays.com\/be-fr\/wp-json\/wp\/v2\/categories?post=207830"},{"taxonomy":"post_tag","embeddable":true,"href":"https:\/\/www.europesays.com\/be-fr\/wp-json\/wp\/v2\/tags?post=207830"}],"curies":[{"name":"wp","href":"https:\/\/api.w.org\/{rel}","templated":true}]}}