{"id":208140,"date":"2026-08-11T06:17:16","date_gmt":"2026-08-11T06:17:16","guid":{"rendered":"https:\/\/www.europesays.com\/be-fr\/208140\/"},"modified":"2026-08-11T06:17:16","modified_gmt":"2026-08-11T06:17:16","slug":"diego-moreira-est-la-piste-numero-1-au-red-bull-leipzig-qui-cherche-a-remplacer-diomande-parti-pour-125-millions-au-real-madrid","status":"publish","type":"post","link":"https:\/\/www.europesays.com\/be-fr\/208140\/","title":{"rendered":"Diego Moreira est la piste num\u00e9ro\u00a01 au Red Bull Leipzig, qui cherche \u00e0 remplacer Diomande, parti pour 125\u00a0millions au Real Madrid"},"content":{"rendered":"<p class=\"ap-StoryElement ap-StoryElement--mb ap-StoryText\">Le 3e de Bundesliga la saison pass\u00e9e s&rsquo;est imm\u00e9diatement mis \u00e0 la recherche d&rsquo;un rempla\u00e7ant d&rsquo;envergure. Le fils de l&rsquo;ancien Standardman <a href=\"https:\/\/www.dhnet.be\/sports\/football\/diablesrouges\/2026\/06\/20\/malgre-la-rupture-penible-du-standard-les-moreira-restent-amoureux-des-rouches-on-a-vu-papa-almami-a-seattle-un-jour-diego-reviendra-a-sclessin-W4JJSJHTLNDQLI7W5VLD3H2VZY\/\" target=\"_self\" rel=\"nofollow noopener\">Almami, qui est en m\u00eame temps un de ses agents<\/a>, figure tout en haut de la shortlist de Leipzig.<\/p>\n<p class=\"ap-StoryElement ap-StoryElement--mb ap-StoryText\">Moreira a connu deux tr\u00e8s bonnes saisons \u00e0 Strasbourg, qui l&rsquo;a \u00ab\u00a0achet\u00e9\u00a0\u00bb de Chelsea. Le club alsacien a le m\u00eame propri\u00e9taire que les Blues : le consortium am\u00e9ricain BlueCo. Diego \u00e9tait l&rsquo;un des piliers du club de Ligue 1, ce qui lui a valu une s\u00e9lection dans le noyau des 26 de Rudi Garcia.<\/p>\n<p>Le Diable Fofana aussi suivi<\/p>\n<p class=\"ap-StoryElement ap-StoryElement--mb ap-StoryText\">Lors de la Coupe du monde, Moreira a b\u00e9n\u00e9fici\u00e9 de tr\u00e8s peu de temps de jeu. Il n&rsquo;est mont\u00e9 au jeu qu&rsquo;une seule fois, contre le S\u00e9n\u00e9gal. Il a contribu\u00e9 au renversement de situation sensationnel et a finalement jou\u00e9 56 minutes, gr\u00e2ce aux prolongations. Curieusement, <a href=\"https:\/\/www.dhnet.be\/sports\/football\/diablesrouges\/2026\/07\/09\/diego-moreira-se-rejouit-daffronter-lespagne-meme-sil-revait-de-se-mesurer-a-son-idole-jaurais-adore-jouer-contre-lui-WRZPKYFPGFFVRDGQX2HPAQXIFQ\/\" target=\"_self\" rel=\"nofollow noopener\">il n&rsquo;a plus re\u00e7u la moindre minute de jeu contre les \u00c9tats-Unis et l&rsquo;Espagne<\/a>. Par ailleurs, Moreira s&rsquo;est fait remarquer durant le Mondial par sa bonne humeur.<\/p>\n<p class=\"ap-StoryElement ap-StoryElement--mb ap-StoryText\">Son grand atout est son volume de course, et c&rsquo;est pr\u00e9cis\u00e9ment ce que recherchent les clubs Red Bull. De nombreux autres clubs avaient d\u00e9j\u00e0 manifest\u00e9 leur int\u00e9r\u00eat, dont l&rsquo;AS Rome et Dortmund. Avant m\u00eame la Coupe du monde.<\/p>\n<p class=\"ap-StoryElement ap-StoryElement--mb ap-StoryText\">D&rsquo;autres noms ont circul\u00e9 \u00e0 Leipzig depuis le d\u00e9part de Diomande, notamment l&rsquo;autre Diable rouge Malick Fofana (Lyon), qui \u00e9tait bless\u00e9 avant le Mondial, et Chemsdine Talbi, l&rsquo;ailier marocain qui a quitt\u00e9 le Club Bruges pour Sunderland. Mais selon nos informations, Moreira est la piste num\u00e9ro 1. Leipzig aime les Belges : c&rsquo;est le club du gardien Maarten Vandevoordt (ex-Genk), qui devrait devenir le n\u00b0 1 cette saison, d&rsquo;Arthur Vermeeren, de retour de pr\u00eat de l&rsquo;OM, et de Johan Bakayoko.<\/p>\n<p class=\"ap-StoryElement ap-StoryElement--mb ap-StoryText\">.<\/p>\n","protected":false},"excerpt":{"rendered":"Le 3e de Bundesliga la saison pass\u00e9e s&rsquo;est imm\u00e9diatement mis \u00e0 la recherche d&rsquo;un rempla\u00e7ant d&rsquo;envergure. Le fils&hellip;\n","protected":false},"author":2,"featured_media":208141,"comment_status":"","ping_status":"","sticky":false,"template":"","format":"standard","meta":{"footnotes":"","_share_on_mastodon":"0"},"categories":[8],"tags":[10,12,13,18,17,1074,3028,6654,3202,11,3105],"class_list":["post-208140","post","type-post","status-publish","format-standard","has-post-thumbnail","category-actualites","tag-actualites","tag-be","tag-be-fr","tag-belgique","tag-belgium","tag-bruges","tag-diables-rouges","tag-eden-hazard","tag-johan-bakayoko","tag-news","tag-rudi-garcia"],"share_on_mastodon":{"url":"https:\/\/pubeurope.com\/@be_fr\/117075420368640949","error":""},"_links":{"self":[{"href":"https:\/\/www.europesays.com\/be-fr\/wp-json\/wp\/v2\/posts\/208140","targetHints":{"allow":["GET"]}}],"collection":[{"href":"https:\/\/www.europesays.com\/be-fr\/wp-json\/wp\/v2\/posts"}],"about":[{"href":"https:\/\/www.europesays.com\/be-fr\/wp-json\/wp\/v2\/types\/post"}],"author":[{"embeddable":true,"href":"https:\/\/www.europesays.com\/be-fr\/wp-json\/wp\/v2\/users\/2"}],"replies":[{"embeddable":true,"href":"https:\/\/www.europesays.com\/be-fr\/wp-json\/wp\/v2\/comments?post=208140"}],"version-history":[{"count":0,"href":"https:\/\/www.europesays.com\/be-fr\/wp-json\/wp\/v2\/posts\/208140\/revisions"}],"wp:featuredmedia":[{"embeddable":true,"href":"https:\/\/www.europesays.com\/be-fr\/wp-json\/wp\/v2\/media\/208141"}],"wp:attachment":[{"href":"https:\/\/www.europesays.com\/be-fr\/wp-json\/wp\/v2\/media?parent=208140"}],"wp:term":[{"taxonomy":"category","embeddable":true,"href":"https:\/\/www.europesays.com\/be-fr\/wp-json\/wp\/v2\/categories?post=208140"},{"taxonomy":"post_tag","embeddable":true,"href":"https:\/\/www.europesays.com\/be-fr\/wp-json\/wp\/v2\/tags?post=208140"}],"curies":[{"name":"wp","href":"https:\/\/api.w.org\/{rel}","templated":true}]}}