{"id":210066,"date":"2026-08-12T15:54:19","date_gmt":"2026-08-12T15:54:19","guid":{"rendered":"https:\/\/www.europesays.com\/be-fr\/210066\/"},"modified":"2026-08-12T15:54:19","modified_gmt":"2026-08-12T15:54:19","slug":"kosovo-les-propos-de-zelensky-irritent-les-autorites-de-pristina","status":"publish","type":"post","link":"https:\/\/www.europesays.com\/be-fr\/210066\/","title":{"rendered":"Kosovo : les propos de Zelensky irritent les autorit\u00e9s de Pristina"},"content":{"rendered":"<p>La d\u00e9claration du pr\u00e9sident ukrainien Volodymyr Zelensky, selon laquelle Kiev ne reconna\u00eet pas l&rsquo;ind\u00e9pendance du Kosovo, a peut-\u00eatre offert \u00e0 son homologue serbe, Aleksandar Vu\u010di\u0107, une victoire diplomatique lors de sa visite \u00e0 Belgrade.<\/p>\n<p>          <img decoding=\"async\" class=\"c-ad__placeholder__logo\" src=\"https:\/\/static.euronews.com\/website\/images\/logos\/logo-euronews-stacked-outlined-72x72-grey-9.svg\" width=\"72\" height=\"72\" alt=\"\" loading=\"lazy\"\/><br \/>\n          PUBLICIT\u00c9<\/p>\n<p>          <img decoding=\"async\" class=\"c-ad__placeholder__logo\" src=\"https:\/\/static.euronews.com\/website\/images\/logos\/logo-euronews-stacked-outlined-72x72-grey-9.svg\" width=\"72\" height=\"72\" alt=\"\" loading=\"lazy\"\/><br \/>\n          PUBLICIT\u00c9<\/p>\n<p>Mais elle a provoqu\u00e9 une vive r\u00e9action \u00e0 Prishtina, qui a demand\u00e9 \u00e0 Zelensky et \u00e0 Kyiv de respecter le droit du Kosovo \u00e0 l&rsquo;autod\u00e9termination et la d\u00e9claration d&rsquo;ind\u00e9pendance de 2008, reconnue par plus de 100 pays, dont des puissances occidentales cl\u00e9s comme les \u00c9tats-Unis, le Royaume-Uni et 22 membres de l&rsquo;UE.<\/p>\n<p>Lors d&rsquo;une conf\u00e9rence de presse \u00e0 Belgrade samedi, Zelensky a d\u00e9clar\u00e9 que l&rsquo;Ukraine soutient l&rsquo;int\u00e9grit\u00e9 territoriale de ses partenaires et le droit international, r\u00e9pondant \u00e0 une question sur la capacit\u00e9 de la Serbie \u00e0 encore \u00ab\u00a0compter sur la position ferme de l&rsquo;Ukraine\u00a0\u00bb concernant l&rsquo;ind\u00e9pendance du Kosovo.<\/p>\n<p>Malgr\u00e9 le soutien affich\u00e9 de Pristina \u00e0 Kyiv dans la guerre men\u00e9e par la Russie, l&rsquo;Ukraine n&rsquo;a pas reconnu formellement le Kosovo, ancienne province serbe dont Belgrade ne reconna\u00eet pas l&rsquo;ind\u00e9pendance, une position que Zelensky a dit avoir r\u00e9affirm\u00e9e lors de ses entretiens avec Vu\u010di\u0107 le week-end dernier.<\/p>\n<p>\u00ab\u00a0Notre position &#8230; reste inchang\u00e9e. Nous l&rsquo;avons toujours soulign\u00e9 et la politique de l&rsquo;Ukraine n&rsquo;a pas chang\u00e9\u00a0\u00bb, a d\u00e9clar\u00e9 Zelensky.<\/p>\n<p>En partie, la position de l&rsquo;Ukraine sur le Kosovo d\u00e9coule de la volont\u00e9 de Kyiv de prot\u00e9ger sa propre int\u00e9grit\u00e9 territoriale face \u00e0 l&rsquo;agression russe continue, une ligne durcie par l&rsquo;invasion initiale du Donbass en 2014 et l&rsquo;annexion unilat\u00e9rale de la Crim\u00e9e occup\u00e9e.<\/p>\n<p>Vu\u010di\u0107 a r\u00e9p\u00e9t\u00e9 \u00e0 plusieurs reprises que la Serbie soutient la souverainet\u00e9 de l&rsquo;Ukraine sur l&rsquo;ensemble de son territoire, y compris la Crim\u00e9e, alors m\u00eame que Belgrade refuse de s&rsquo;aligner sur la politique de sanctions de l&rsquo;UE contre la Russie et maintient sa relation avec le pr\u00e9sident russe Vladimir Poutine.<\/p>\n<p>Samedi, le pr\u00e9sident serbe a r\u00e9affirm\u00e9 que son pays continuerait de soutenir l&rsquo;int\u00e9grit\u00e9 territoriale de l&rsquo;Ukraine, y compris sur les territoires saisis par la Russie depuis 2014, une position pour laquelle Zelensky l&rsquo;a remerci\u00e9.<\/p>\n<p>Sous la houlette de l&rsquo;homme fort Slobodan Milo\u0161evi\u0107, Belgrade a pass\u00e9 une d\u00e9cennie \u00e0 r\u00e9primer les droits politiques de la majorit\u00e9 albanaise du Kosovo, avant que les tensions ne d\u00e9g\u00e9n\u00e8rent en conflit arm\u00e9 et en campagne de nettoyage ethnique en 1998-1999.<\/p>\n<p>Une intervention de l&rsquo;OTAN de trois mois en 1999 a entra\u00een\u00e9 le retrait des troupes serbes, et l&rsquo;ONU a instaur\u00e9 un mandat ex\u00e9cutif dans le pays pour neuf ans, maintenant de facto un protectorat sur le Kosovo. Une importante mission de maintien de la paix dirig\u00e9e par l&rsquo;OTAN, la KFOR, y a \u00e9galement \u00e9t\u00e9 d\u00e9ploy\u00e9e.<\/p>\n<p>Le Kosovo a ensuite proclam\u00e9 son ind\u00e9pendance en 2008, \u00e0 la suite de la recommandation du diplomate finlandais Martti Ahtisaari adopt\u00e9e par l&rsquo;Assembl\u00e9e g\u00e9n\u00e9rale de l&rsquo;ONU.<\/p>\n<p>\u00ab\u00a0Le Kosovo doit \u00eatre respect\u00e9\u00a0\u00bb<\/p>\n<p>Dimanche, les autorit\u00e9s du Kosovo ont r\u00e9agi aux propos de Zelensky en retirant un grand drapeau ukrainien portant le slogan \u00ab\u00a0Free Ukraine\u00a0\u00bb, qui \u00e9tait suspendu sur l&rsquo;art\u00e8re principale de la ville depuis d\u00e9but 2022.<\/p>\n<p>\u00ab\u00a0L&rsquo;\u00c9tat du Kosovo doit \u00eatre respect\u00e9\u00a0\u00bb, a d\u00e9clar\u00e9 le maire de Pristina Perparim Rama sur les r\u00e9seaux sociaux, dans une publication montrant une vid\u00e9o du retrait du drapeau.<\/p>\n<p>\u00ab\u00a0Quand le Kosovo n&rsquo;est pas respect\u00e9, la capitale Pristina r\u00e9pond toujours de la m\u00eame mani\u00e8re\u00a0\u00bb, a ajout\u00e9 Rama.<\/p>\n<p>Rama a ajout\u00e9 que les citoyens du Kosovo comprennent parfaitement la lutte des autres pour la libert\u00e9, la dignit\u00e9 et le droit d&rsquo;exister.<\/p>\n<p>\u00ab\u00a0Notre empathie et notre solidarit\u00e9 iront toujours vers les peuples confront\u00e9s \u00e0 la guerre, \u00e0 la violence et \u00e0 la pers\u00e9cution. Parce que nous savons, mieux que beaucoup d&rsquo;autres, ce que signifie se battre pour la libert\u00e9, la dignit\u00e9 et le droit d&rsquo;exister en tant qu&rsquo;\u00c9tat\u00a0\u00bb, a-t-il d\u00e9clar\u00e9.<\/p>\n<p>Le ministre des Affaires \u00e9trang\u00e8res du Kosovo, Glauk Konjufca, a r\u00e9agi en affirmant que Pristina \u00ab\u00a0prend note avec regret\u00a0\u00bb des propos de Zelensky, tout en ajoutant que son pays continuerait de soutenir la souverainet\u00e9 de Kyiv.<\/p>\n<p>Il a \u00e9galement rejet\u00e9 l&rsquo;argument de l&rsquo;int\u00e9grit\u00e9 territoriale comme motif pour refuser l&rsquo;ind\u00e9pendance du Kosovo.<\/p>\n<p>Selon Konjufca, ce qui a suivi l&rsquo;intervention de l&rsquo;OTAN en 1999 \u00ab\u00a0n&rsquo;\u00e9tait pas un acte d&rsquo;annexion, d&rsquo;occupation ou de conqu\u00eate territoriale, mais un processus international global plac\u00e9 sous l&rsquo;administration des Nations unies et des ann\u00e9es de n\u00e9gociations, m\u00e9di\u00e9es au niveau international, sur le statut final du Kosovo\u00a0\u00bb.<\/p>\n<p>Belgrade cherche l&rsquo;\u00e9quilibre<\/p>\n<p>Depuis l&rsquo;invasion \u00e0 grande \u00e9chelle de l&rsquo;Ukraine par la Russie d\u00e9but 2022, Belgrade tente de m\u00e9nager sa relation avec Moscou tout en renfor\u00e7ant ses liens avec le reste de l&rsquo;Europe, sur fond de candidature en cours pour adh\u00e9rer \u00e0 l&rsquo;UE.<\/p>\n<p>La Russie est depuis longtemps l&rsquo;un des principaux alli\u00e9s diplomatiques de la Serbie, tandis que ce pays des Balkans occidentaux reste fortement d\u00e9pendant du gaz russe, ce qui a pouss\u00e9 Vu\u010di\u0107 \u00e0 avancer avec prudence sur ce dossier depuis plus de quatre ans et demi malgr\u00e9 les appels r\u00e9p\u00e9t\u00e9s de Bruxelles \u00e0 se ranger ouvertement du c\u00f4t\u00e9 de l&rsquo;Ukraine.<\/p>\n<p>Vu\u010di\u0107 a effectu\u00e9 sa <a href=\"https:\/\/fr.euronews.com\/2025\/06\/11\/le-president-serbe-aleksandar-vucic-pour-la-premiere-fois-en-ukraine\" rel=\"nofollow noopener\" target=\"_blank\">premi\u00e8re visite officielle en Ukraine en juin 2025,<\/a> en participant au sommet Ukraine\u2013Europe du Sud-Est \u00e0 Odessa.<\/p>\n<p>Contrairement aux autres participants, il a refus\u00e9 de signer la d\u00e9claration commune, bien qu&rsquo;il ait condamn\u00e9 l&rsquo;invasion totale men\u00e9e par la Russie, appel\u00e9 au retrait complet des forces russes et r\u00e9affirm\u00e9 son soutien \u00e0 l&rsquo;int\u00e9grit\u00e9 territoriale de l&rsquo;Ukraine.<\/p>\n<p>Moscou a \u00e9galement point\u00e9 du doigt la Serbie pour avoir indirectement fourni des armes \u00e0 l&rsquo;Ukraine. Le service de renseignement ext\u00e9rieur russe, le SVR, a accus\u00e9 en mai 2025 l&rsquo;industrie de d\u00e9fense serbe de <a href=\"https:\/\/fr.euronews.com\/2025\/05\/30\/la-russie-accuse-la-serbie-darmer-lukraine-et-de-poignarder-moscou-dans-le-dos\" rel=\"nofollow noopener\" target=\"_blank\">\u00ab\u00a0poignarder Moscou dans le dos\u00a0\u00bb<\/a>, une accusation que Vu\u010di\u0107 a d\u00e9mentie.<\/p>\n<p>Belgrade ne fournit pas officiellement d&rsquo;armes \u00e0 l&rsquo;Ukraine. Cependant, d&rsquo;importantes quantit\u00e9s de munitions fabriqu\u00e9es en Serbie auraient atteint l&rsquo;Ukraine via des pays tiers.<\/p>\n<p>Le gouvernement serbe affirme n&rsquo;avoir ni autoris\u00e9 ni contr\u00f4l\u00e9 de tels transferts.<\/p>\n<p>Vu\u010di\u0107 a d\u00e9clar\u00e9 que Zelensky et lui n&rsquo;avaient pas \u00e9voqu\u00e9 la coop\u00e9ration militaire lors de la visite du pr\u00e9sident ukrainien ce week-end.<\/p>\n","protected":false},"excerpt":{"rendered":"La d\u00e9claration du pr\u00e9sident ukrainien Volodymyr Zelensky, selon laquelle Kiev ne reconna\u00eet pas l&rsquo;ind\u00e9pendance du Kosovo, a peut-\u00eatre&hellip;\n","protected":false},"author":2,"featured_media":210067,"comment_status":"","ping_status":"","sticky":false,"template":"","format":"standard","meta":{"footnotes":"","_share_on_mastodon":"0"},"categories":[9],"tags":[12,13,18,17,3466,31,31423,19606,3075,32],"class_list":["post-210066","post","type-post","status-publish","format-standard","has-post-thumbnail","category-international","tag-be","tag-be-fr","tag-belgique","tag-belgium","tag-guerre-en-ukraine","tag-international","tag-kosovo","tag-serbie","tag-volodymyr-zelensky","tag-world-news"],"share_on_mastodon":{"url":"https:\/\/pubeurope.com\/@be_fr\/117083352029751734","error":""},"_links":{"self":[{"href":"https:\/\/www.europesays.com\/be-fr\/wp-json\/wp\/v2\/posts\/210066","targetHints":{"allow":["GET"]}}],"collection":[{"href":"https:\/\/www.europesays.com\/be-fr\/wp-json\/wp\/v2\/posts"}],"about":[{"href":"https:\/\/www.europesays.com\/be-fr\/wp-json\/wp\/v2\/types\/post"}],"author":[{"embeddable":true,"href":"https:\/\/www.europesays.com\/be-fr\/wp-json\/wp\/v2\/users\/2"}],"replies":[{"embeddable":true,"href":"https:\/\/www.europesays.com\/be-fr\/wp-json\/wp\/v2\/comments?post=210066"}],"version-history":[{"count":0,"href":"https:\/\/www.europesays.com\/be-fr\/wp-json\/wp\/v2\/posts\/210066\/revisions"}],"wp:featuredmedia":[{"embeddable":true,"href":"https:\/\/www.europesays.com\/be-fr\/wp-json\/wp\/v2\/media\/210067"}],"wp:attachment":[{"href":"https:\/\/www.europesays.com\/be-fr\/wp-json\/wp\/v2\/media?parent=210066"}],"wp:term":[{"taxonomy":"category","embeddable":true,"href":"https:\/\/www.europesays.com\/be-fr\/wp-json\/wp\/v2\/categories?post=210066"},{"taxonomy":"post_tag","embeddable":true,"href":"https:\/\/www.europesays.com\/be-fr\/wp-json\/wp\/v2\/tags?post=210066"}],"curies":[{"name":"wp","href":"https:\/\/api.w.org\/{rel}","templated":true}]}}