{"id":214554,"date":"2026-08-16T07:27:09","date_gmt":"2026-08-16T07:27:09","guid":{"rendered":"https:\/\/www.europesays.com\/be-fr\/214554\/"},"modified":"2026-08-16T07:27:09","modified_gmt":"2026-08-16T07:27:09","slug":"seances-photos-vetements-restaurants-en-corse-le-coucher-de-soleil-alimente-de-nombreux-commerces","status":"publish","type":"post","link":"https:\/\/www.europesays.com\/be-fr\/214554\/","title":{"rendered":"S\u00e9ances photos, v\u00eatements, restaurants&#8230; En Corse, le coucher de soleil alimente de nombreux commerces"},"content":{"rendered":"<p>Le coucher de soleil est un moment phare de l&rsquo;\u00e9t\u00e9.Le spectacle est si magique que certains en ont fait leur fonds de commerce en Corse.Photographes, restaurants, boutiques de souvenirs&#8230; Au bord de la mer, un moment gratuit peut aussi faire tourner tout un business.<a href=\"https:\/\/www.tf1info.fr\/emissions\/tf1\/le-20h-11001\/\" rel=\"nofollow noopener\" class=\"jsx-2067374227 Link jsx-2275206292 jsx-1861676677\" target=\"_blank\"><\/p>\n<p style=\"font-weight:400\" class=\"jsx-3580589320\">Suivez la couverture compl\u00e8te<\/p>\n<p style=\"font-weight:800\" class=\"jsx-3580589320\">Le 20H<\/p>\n<p><\/a><a href=\"https:\/\/www.google.com\/preferences\/source?q=tf1info.fr\" class=\"jsx-2150648137 jsx-976369737 ActionButton ActionButton--withBorder\" rel=\"nofollow noopener\" target=\"_blank\"><\/p>\n<p> Ajoutez TF1info \u00e0 vos sources sur Google <\/p>\n<p><\/a><\/p>\n<p id=\"body-_R_17t7pm_-block-6\" data-module=\"article-paragraph\" class=\"jsx-2921227388 Paragraph\">Chaque soir, il se couche gratuitement. Pourtant, c&rsquo;est autour de cet instant \u00e9ph\u00e9m\u00e8re que de nombreuses personnes ont cr\u00e9\u00e9 leur fonds de commerce.\u00a0C&rsquo;est le cas de photographes comme Michel Viviand, photographe professionnel en Corse-du-Sud. \u00ab\u00a0Une belle lumi\u00e8re, c&rsquo;est une belle photo. La plupart des s\u00e9ances photo que je r\u00e9alise sont au coucher du soleil\u00a0\u00bb, raconte-t-il au micro de TF1 dans le reportage ci-dessus. La danse quotidienne du soleil fondant derri\u00e8re la ligne d&rsquo;horizon repr\u00e9sente 80% de son chiffre d&rsquo;affaires.<\/p>\n<p data-module=\"article-paragraph\" class=\"jsx-2921227388 Paragraph Paragraph__End\">Au-del\u00e0 de la beaut\u00e9 de ses couleurs, pourquoi le coucher de soleil est-il tant pris\u00e9 en photographie ? \u00ab\u00a0On a des lumi\u00e8res quand m\u00eame plus douces. \u00c7a a des vertus pour lisser la peau, pour donner un bon teint\u00a0\u00bb, affirme Michel Viviand en marge d&rsquo;une s\u00e9ance sur une plage corse. Quand il se d\u00e9place pour \u00ab\u00a0des prestations de mariage\u00a0\u00bb, le photographe essaye m\u00eame \u00ab\u00a0de temporiser un maximum\u00a0\u00bb pour attendre le moment parfait : celui du coucher de soleil.\u00a0<\/p>\n<p>Une s\u00e9ance photo \u00e0 400 euros <\/p>\n<p id=\"body-_R_17t7pm_-block-9\" data-module=\"article-paragraph\" class=\"jsx-2921227388 Paragraph\">Dans le reportage, les clients du jour ont d\u00e9bours\u00e9 la somme de 400 euros pour la s\u00e9ance photo. Ils sont les fondateurs d&rsquo;une marque de v\u00eatements dont le logo n&rsquo;est autre qu&rsquo;un coucher de soleil. \u00ab\u00a0Pour mettre en valeur des v\u00eatements, je pense qu&rsquo;il n&rsquo;y a rien de mieux qu&rsquo;une bonne lumi\u00e8re. Et une bonne lumi\u00e8re, c&rsquo;est un beau coucher de soleil. Et nous, on s&rsquo;est dit pourquoi pas le rendre un petit peu \u00e9ternel en le brodant sur nos v\u00eatements\u00a0\u00bb, explique Carlu-Andria Coggia, cofondateur de la marque de pr\u00eat-\u00e0-porter Call Me For.<\/p>\n<p data-module=\"article-paragraph\" class=\"jsx-2921227388 Paragraph\">Dans les paillotes en bord de mer, ce moment du cr\u00e9puscule est aussi un argument de vente. \u00ab\u00a0Les premi\u00e8res tables demand\u00e9es sont les VIP comme on les appelle chez nous, elles sont pour le coucher de soleil, pour la vue\u00a0\u00bb, assure Serena Feraud, g\u00e9rante du restaurant Chez Francis, \u00e0 Coti-Chiavari, dans le Sud de l&rsquo;\u00eele de Beaut\u00e9.<\/p>\n<p data-module=\"article-paragraph\" class=\"jsx-2921227388 Paragraph Paragraph__End\">L\u00e0-bas, m\u00eame les plats se d\u00e9clinent aux couleurs du soleil. C&rsquo;est le cas par exemple du \u00ab\u00a0ceviche de chapon (la rascasse rouge, ndlr) avec de la mangue, de la passion, du yuzu\u00a0\u00bb, d\u00e9taille la cuisini\u00e8re du restaurant.\u00a0<\/p>\n<p>Divers souvenirs<\/p>\n<p id=\"body-_R_17t7pm_-block-12\" data-module=\"article-paragraph\" class=\"jsx-2921227388 Paragraph\">Les rayons orang\u00e9s se d\u00e9clinent aussi sous la forme de divers souvenirs. \u00ab\u00a0On va avoir les marque-pages, les petits magnets ou les affiches\u00a0\u00bb, d\u00e9taille Anthony Serra, g\u00e9rant du magasin U Dragulinu \u00e0 Ajaccio. \u00ab\u00a0Quand on pense \u00e0 la Corse, on pense : plage, paillote, coucher de soleil\u00a0\u00bb, estime le vendeur qui voit passer chaque ann\u00e9e des milliers de clients dans sa boutique.<\/p>\n<p data-module=\"article-paragraph\" class=\"jsx-2921227388 Paragraph Paragraph__End\">Apr\u00e8s avoir vu l&rsquo;immanquable spectacle du coucher de soleil sur la M\u00e9diterran\u00e9e, \u00ab\u00a0les touristes cherchent le souvenir de ce qu&rsquo;ils ont vu\u00a0\u00bb, se r\u00e9jouit le g\u00e9rant de la boutique souvenir.\u00a0<\/p>\n<p>L.F | Reportage TF1 : Emmanuelle ROUILLON et Philippe PELLETIER<\/p>\n","protected":false},"excerpt":{"rendered":"Le coucher de soleil est un moment phare de l&rsquo;\u00e9t\u00e9.Le spectacle est si magique que certains en ont&hellip;\n","protected":false},"author":2,"featured_media":214555,"comment_status":"","ping_status":"","sticky":false,"template":"","format":"standard","meta":{"footnotes":"","_share_on_mastodon":"0"},"categories":[70],"tags":[141,10,138,12,13,18,17,8897,151,140,3613,73,71,75,72,76,74,2565,139,2955],"class_list":["post-214554","post","type-post","status-publish","format-standard","has-post-thumbnail","category-sciences-et-technologies","tag-actu","tag-actualites","tag-article-video","tag-be","tag-be-fr","tag-belgique","tag-belgium","tag-corse","tag-france","tag-info","tag-le-20h","tag-science","tag-science-and-technology","tag-sciences","tag-sciences-et-technologies","tag-technologies","tag-technology","tag-vacances","tag-video","tag-video-sujets-de-societe"],"share_on_mastodon":{"url":"https:\/\/pubeurope.com\/@be_fr\/117104007330273688","error":""},"_links":{"self":[{"href":"https:\/\/www.europesays.com\/be-fr\/wp-json\/wp\/v2\/posts\/214554","targetHints":{"allow":["GET"]}}],"collection":[{"href":"https:\/\/www.europesays.com\/be-fr\/wp-json\/wp\/v2\/posts"}],"about":[{"href":"https:\/\/www.europesays.com\/be-fr\/wp-json\/wp\/v2\/types\/post"}],"author":[{"embeddable":true,"href":"https:\/\/www.europesays.com\/be-fr\/wp-json\/wp\/v2\/users\/2"}],"replies":[{"embeddable":true,"href":"https:\/\/www.europesays.com\/be-fr\/wp-json\/wp\/v2\/comments?post=214554"}],"version-history":[{"count":0,"href":"https:\/\/www.europesays.com\/be-fr\/wp-json\/wp\/v2\/posts\/214554\/revisions"}],"wp:featuredmedia":[{"embeddable":true,"href":"https:\/\/www.europesays.com\/be-fr\/wp-json\/wp\/v2\/media\/214555"}],"wp:attachment":[{"href":"https:\/\/www.europesays.com\/be-fr\/wp-json\/wp\/v2\/media?parent=214554"}],"wp:term":[{"taxonomy":"category","embeddable":true,"href":"https:\/\/www.europesays.com\/be-fr\/wp-json\/wp\/v2\/categories?post=214554"},{"taxonomy":"post_tag","embeddable":true,"href":"https:\/\/www.europesays.com\/be-fr\/wp-json\/wp\/v2\/tags?post=214554"}],"curies":[{"name":"wp","href":"https:\/\/api.w.org\/{rel}","templated":true}]}}