{"id":214657,"date":"2026-08-16T09:06:13","date_gmt":"2026-08-16T09:06:13","guid":{"rendered":"https:\/\/www.europesays.com\/be-fr\/214657\/"},"modified":"2026-08-16T09:06:13","modified_gmt":"2026-08-16T09:06:13","slug":"cest-sans-doute-levenement-culturel-le-plus-attendu-des-dix-dernieres-annees-celine-dion-les-coulisses-dun-retour-hors-normes","status":"publish","type":"post","link":"https:\/\/www.europesays.com\/be-fr\/214657\/","title":{"rendered":"\u00ab C&rsquo;est sans doute l&rsquo;\u00e9v\u00e9nement culturel le plus attendu des dix derni\u00e8res ann\u00e9es \u00bb: C\u00e9line Dion, les coulisses d&rsquo;un retour hors normes"},"content":{"rendered":"<p>En d\u00e9veloppant un r\u00e9cit ultra-ma\u00eetris\u00e9 autour de son come-back sur sc\u00e8ne \u00e0 Paris le 12 septembre, la star a suscit\u00e9 un engouement in\u00e9dit et irrationnel. Anatomie d\u2019un ph\u00e9nom\u00e8ne.<\/p>\n<p>Au c\u0153ur de l\u2019\u00e9t\u00e9, C\u00e9line Dion a post\u00e9 sur Instagram quelques photos d\u2019elle, seule au milieu de la nature, toute v\u00eatue de noir, souriante et sans fard. Une carte postale \u00e0 son public mais surtout une mani\u00e8re de faire taire toutes les rumeurs sur un retour potentiellement emp\u00each\u00e9 par ses probl\u00e8mes de sant\u00e9. \u00ab Just one month to go\u2009!\u202f \u00bb s\u2019extasiait-elle sur le m\u00eame r\u00e9seau ce jeudi 13 ao\u00fbt.<\/p>\n<p>Comme elle l\u2019avait annonc\u00e9 fin mars, la star canadienne se produira bien \u00e0 partir du 12 septembre \u00e0 La D\u00e9fense Arena, la plus grande salle d\u2019Europe, pour une s\u00e9rie de 16 concerts. C\u00e9line Dion tiendra r\u00e9sidence \u00e0 Paris au rythme de trois shows par semaine, comme elle l\u2019a fait \u00e0 Las Vegas pendant 16 ans.<\/p>\n<p><a target=\"_self\" href=\"https:\/\/www.latribune.fr\/article\/economie\/agroconso\/5288817976365814\/celine-dion-a-paris-une-residence-inedite-qui-vise-le-milliard-deuros-de-retombees\" rel=\"nofollow noopener\"><\/p>\n<p class=\"text-[12px] mb-[12px] font-bold ltd:leading-[16px]\">A LIRE AUSSI<\/p>\n<p class=\"text-[20px] ac:text-[18px] leading-[120%] ac:leading-[130%] text-lt-primary-dark ac:text-ac-primary font-slab font-bold ltd:font-semibold ltd:tracking-[-0.4px] ac:font-ac-slab ltd:font-ltd-slab\">C\u00e9line Dion \u00e0 Paris\u00a0: une r\u00e9sidence in\u00e9dite qui vise le milliard d&rsquo;euros de retomb\u00e9es<\/p>\n<p><\/a><\/p>\n<p>Les 480.000 places disponibles se sont \u00e9coul\u00e9es en une poign\u00e9e de minutes en avril, laissant des millions de personnes frustr\u00e9es dans les interminables files d\u2019attente du Web. \u00c0 58 ans et apr\u00e8s 44 ann\u00e9es d\u2019une carri\u00e8re hors normes, la chanteuse internationale a suscit\u00e9 un emballement qu\u2019elle n\u2019avait encore jamais connu jusque-l\u00e0. \u00ab\u202fQuelque chose s\u2019est produit autour d\u2019elle de l\u2019ordre de l\u2019irrationnel, constate Didier Varrod, directeur musical des antennes de Radio France. On a eu une sorte de \u201cnetflixisation\u201d de son retour sur sc\u00e8ne.\u202f\u00bb<\/p>\n","protected":false},"excerpt":{"rendered":"En d\u00e9veloppant un r\u00e9cit ultra-ma\u00eetris\u00e9 autour de son come-back sur sc\u00e8ne \u00e0 Paris le 12 septembre, la star&hellip;\n","protected":false},"author":2,"featured_media":214658,"comment_status":"","ping_status":"","sticky":false,"template":"","format":"standard","meta":{"footnotes":"","_share_on_mastodon":"0"},"categories":[98],"tags":[66171,41,12,13,18,17,96,95,4959,66172,107,108],"class_list":["post-214657","post","type-post","status-publish","format-standard","has-post-thumbnail","category-musique","tag-cest-sans-doute-levenement-culturel-le-plus-attendu-des-dix-dernieres-annees-celine-dion","tag-41","tag-be","tag-be-fr","tag-belgique","tag-belgium","tag-divertissement","tag-entertainment","tag-la-tribune-dimanche","tag-les-coulisses-dun-retour-hors-normes","tag-music","tag-musique"],"share_on_mastodon":{"url":"https:\/\/pubeurope.com\/@be_fr\/117104396566496588","error":""},"_links":{"self":[{"href":"https:\/\/www.europesays.com\/be-fr\/wp-json\/wp\/v2\/posts\/214657","targetHints":{"allow":["GET"]}}],"collection":[{"href":"https:\/\/www.europesays.com\/be-fr\/wp-json\/wp\/v2\/posts"}],"about":[{"href":"https:\/\/www.europesays.com\/be-fr\/wp-json\/wp\/v2\/types\/post"}],"author":[{"embeddable":true,"href":"https:\/\/www.europesays.com\/be-fr\/wp-json\/wp\/v2\/users\/2"}],"replies":[{"embeddable":true,"href":"https:\/\/www.europesays.com\/be-fr\/wp-json\/wp\/v2\/comments?post=214657"}],"version-history":[{"count":0,"href":"https:\/\/www.europesays.com\/be-fr\/wp-json\/wp\/v2\/posts\/214657\/revisions"}],"wp:featuredmedia":[{"embeddable":true,"href":"https:\/\/www.europesays.com\/be-fr\/wp-json\/wp\/v2\/media\/214658"}],"wp:attachment":[{"href":"https:\/\/www.europesays.com\/be-fr\/wp-json\/wp\/v2\/media?parent=214657"}],"wp:term":[{"taxonomy":"category","embeddable":true,"href":"https:\/\/www.europesays.com\/be-fr\/wp-json\/wp\/v2\/categories?post=214657"},{"taxonomy":"post_tag","embeddable":true,"href":"https:\/\/www.europesays.com\/be-fr\/wp-json\/wp\/v2\/tags?post=214657"}],"curies":[{"name":"wp","href":"https:\/\/api.w.org\/{rel}","templated":true}]}}